{"id":20654,"date":"2015-06-12T22:56:32","date_gmt":"2015-06-13T03:26:32","guid":{"rendered":"http:\/\/gradadigital.com\/home\/?p=20654"},"modified":"2015-06-12T22:56:32","modified_gmt":"2015-06-13T03:26:32","slug":"tabarez-confirma-el-equipo-titular-ante-jamaica","status":"publish","type":"post","link":"http:\/\/gradadigital.com\/home\/tabarez-confirma-el-equipo-titular-ante-jamaica\/","title":{"rendered":"Tab\u00e1rez confirma el equipo titular ante Jamaica"},"content":{"rendered":"<p style=\"text-align: center;\"><img decoding=\"async\" class=\"details-image\" draggable=\"false\" src=\"http:\/\/gradadigital.com\/home\/wp-content\/uploads\/2015\/06\/oscar_washington_tabarez_uruguay_12062015.jpg\" alt=\"\" \/><\/p>\n<p style=\"text-align: center;\"><img decoding=\"async\" class=\"details-image\" draggable=\"false\" src=\"http:\/\/gradadigital.com\/home\/wp-content\/uploads\/2014\/12\/banner_opcion_comentarios_gd.jpg\" alt=\"\" \/><\/p>\n<p style=\"text-align: justify;\"><strong>EFE &#8211;<\/strong> El seleccionador de Uruguay, \u00d3scar Washington Tab\u00e1rez, confirm\u00f3 hoy el once titular que se enfrentar\u00e1 ma\u00f1ana a Jamaica en el debut en la Copa Am\u00e9rica de Chile, en el que estar\u00e1 el defensa Jos\u00e9 Mar\u00eda Gim\u00e9nez, que fue duda los \u00faltimos d\u00edas debido a una molestia muscular.<\/p>\n<p style=\"text-align: justify;\"><strong>\u00abGim\u00e9nez est\u00e1 bien, ha entrenado normalmente y est\u00e1 en disposici\u00f3n de jugar\u00bb<\/strong>, afirm\u00f3 Tab\u00e1rez en la rueda de prensa oficial previa al partido de ma\u00f1ana.<\/p>\n<p style=\"text-align: justify;\">El t\u00e9cnico no dio lugar a la duda ni escondi\u00f3 sus armas y confirm\u00f3 que el once titular que enfrentar\u00e1 de inicio a Jamaica ser\u00e1 <strong>\u00abel mismo que ha salido publico en todos los sitios\u00bb<\/strong>, tal y como apunt\u00f3.<\/p>\n<p style=\"text-align: justify;\">El equipo que saltar\u00e1 ma\u00f1ana a las 16:00 hora local (19:00 GMT) al c\u00e9sped del estadio regional Calvo y Bascu\u00f1\u00e1n estar\u00e1 conformado por <strong>Fernando Muslera en la porter\u00eda; Maxi Pereira, Diego God\u00edn, Jos\u00e9 Mar\u00eda Gim\u00e9nez y \u00c1lvaro Pereira en la zaga; Cristian Rodr\u00edguez, Egidio Ar\u00e9valo R\u00edos, Nicol\u00e1s Lodeiro y Carlos S\u00e1nchez en la medular; y Diego Rol\u00e1n y Edinson Cavani<\/strong> en punta.<\/p>\n<p style=\"text-align: justify;\">Un 4-4-2 claro, en principio, que podr\u00eda variar su disposici\u00f3n sobre el campo sin cambiar los nombres.<\/p>\n<p style=\"text-align: justify;\"><strong>\u00abCon estos once hombres podemos pararnos sobre el campo de diferentes maneras. Nosotros tenemos que adaptar el equipo y la disposici\u00f3n posicional de los futbolistas de acuerdo a cada partido y hemos entrenado con estos jugadores diferentes maneras de pararse en el c\u00e9sped\u00bb<\/strong>, esgrimi\u00f3 el t\u00e9cnico.<\/p>\n<p style=\"text-align: justify;\"><strong>\u00abEn el inicio se puede tomar una decisi\u00f3n pero luego se puede ir modificando\u00bb<\/strong>, agreg\u00f3.<\/p>\n<p style=\"text-align: justify;\">Tab\u00e1rez explic\u00f3 que la polifuncionalidad de un futbolista no significa que \u00e9ste sea capaz de jugar en cualquier parte del campo, <strong>\u00abno conozco a ninguno as\u00ed\u00bb<\/strong>, dijo, sino que en aquella zona en la que el jugador se desenvuelva mejor sea capaz de desempe\u00f1arse en los tres aspectos de la estrategia general de un equipo: defensa, transici\u00f3n y ataque.<\/p>\n<p style=\"text-align: justify;\">Respecto al papel de favorito que se le otorga a Uruguay sobre Jamaica, el &#8216;Maestro&#8217; indic\u00f3 que <strong>\u00ablos favoritismos previos que se hacen de acuerdo al historial del equipo o al potencial de algunos de sus futbolistas s\u00f3lo son v\u00e1lidos si se llevan a cabo en el campo y se establece esa diferencia sobre el rival\u00bb<\/strong>.<\/p>\n<p style=\"text-align: justify;\"><strong>\u00abA nosotros, cuerpo t\u00e9cnico y futbolistas, no nos gusta aventurar cosas para el futuro, tratamos de prepararnos para hacer bien las cosas en la cancha y muchas cosas dependen de nosotros, pero tambi\u00e9n dependen de rival\u00bb<\/strong>, manifest\u00f3 el m\u00edster.<\/p>\n<p style=\"text-align: justify;\"><strong>\u00abJamaica merece todo el respeto y tiene algunas particularidades que merecen toda consideraci\u00f3n\u00bb<\/strong>, agreg\u00f3, a la que vez que subray\u00f3 que en el torneo internacional como la Copa Am\u00e9rica no hay equipos vencidos ni derrotados de ante mano, y que \u00e9stos se van haciendo en el desarrollo de la competici\u00f3n.<\/p>\n<p style=\"text-align: justify;\">Respecto al proceso de renovaci\u00f3n que vive el combinado celeste, Tab\u00e1rez coment\u00f3 que no son las mismas circunstancias que viven todos los equipos con el paso del tiempo, y que ahora se est\u00e1 poniendo la base para el futuro.<\/p>\n<p style=\"text-align: justify;\"><strong>\u00abLa Copa Am\u00e9rica es un banco de pruebas muy significativo para lo que viene despu\u00e9s, donde no s\u00f3lo esperamos la confirmaci\u00f3n de los futbolistas que est\u00e1n ahora sino que se van a integrar otros y uno hace las cosas planificando la realidad futura\u00bb<\/strong>, observ\u00f3 el t\u00e9cnico.<\/p>\n<p style=\"text-align: justify;\">Aun as\u00ed, Tab\u00e1rez dijo que la lista se hizo con la mente en ser competitivos en la Copa Am\u00e9rica y que cada uno trae su propio sue\u00f1o para este torneo, pero que nunca hablar\u00e1n p\u00fablicamente de ello.<\/p>\n<p style=\"text-align: justify;\"><strong>\u00abCada uno de nosotros tiene sus propias ilusiones pero propiciamos una calma y un perfil bajo\u00bb<\/strong>, asever\u00f3.<\/p>\n<p style=\"text-align: justify;\">En esa misma l\u00ednea se manifest\u00f3 \u00c1lvaro Pereira, que compareci\u00f3 junto al maestro en la rueda de prensa.<\/p>\n<p style=\"text-align: justify;\"><strong>\u00abNosotros somos los m\u00e1s optimistas del mundo pero no salimos pensando en subestimar al rival, vamos con la misma humildad de siempre\u00bb<\/strong>, dijo Pereira.<\/p>\n<p style=\"text-align: center;\"><a href=\"https:\/\/play.google.com\/store\/apps\/details?id=com.app.gradadigital\" target=\"_blank\"><img decoding=\"async\" class=\"details-image\" draggable=\"false\" src=\"http:\/\/gradadigital.com\/home\/wp-content\/uploads\/2014\/10\/banner_aplicacion_V2_GRADADIGITAL_17102014.jpg\" alt=\"\" \/><\/a><\/p>\n","protected":false},"excerpt":{"rendered":"<p>EFE &#8211; El seleccionador de Uruguay, \u00d3scar Washington Tab\u00e1rez, confirm\u00f3 hoy el once titular que se enfrentar\u00e1 ma\u00f1ana a Jamaica en el debut en la Copa Am\u00e9rica de Chile, en el que estar\u00e1 el defensa Jos\u00e9 Mar\u00eda Gim\u00e9nez, que fue duda los \u00faltimos d\u00edas debido a una molestia muscular. \u00abGim\u00e9nez est\u00e1 bien, ha entrenado normalmente &#8230;<\/p>\n","protected":false},"author":3,"featured_media":20655,"comment_status":"closed","ping_status":"closed","sticky":false,"template":"","format":"standard","meta":{"footnotes":""},"categories":[752,42,36],"tags":[79,1206,932,1152,603,301],"class_list":["post-20654","post","type-post","status-publish","format-standard","has-post-thumbnail","hentry","category-appgd","category-copa-america","category-internacional","tag-chile","tag-chile-2015","tag-copa-america","tag-jamaica","tag-oscar-washington-tabarez","tag-uruguay"],"_links":{"self":[{"href":"http:\/\/gradadigital.com\/home\/wp-json\/wp\/v2\/posts\/20654","targetHints":{"allow":["GET"]}}],"collection":[{"href":"http:\/\/gradadigital.com\/home\/wp-json\/wp\/v2\/posts"}],"about":[{"href":"http:\/\/gradadigital.com\/home\/wp-json\/wp\/v2\/types\/post"}],"author":[{"embeddable":true,"href":"http:\/\/gradadigital.com\/home\/wp-json\/wp\/v2\/users\/3"}],"replies":[{"embeddable":true,"href":"http:\/\/gradadigital.com\/home\/wp-json\/wp\/v2\/comments?post=20654"}],"version-history":[{"count":1,"href":"http:\/\/gradadigital.com\/home\/wp-json\/wp\/v2\/posts\/20654\/revisions"}],"predecessor-version":[{"id":20656,"href":"http:\/\/gradadigital.com\/home\/wp-json\/wp\/v2\/posts\/20654\/revisions\/20656"}],"wp:featuredmedia":[{"embeddable":true,"href":"http:\/\/gradadigital.com\/home\/wp-json\/wp\/v2\/media\/20655"}],"wp:attachment":[{"href":"http:\/\/gradadigital.com\/home\/wp-json\/wp\/v2\/media?parent=20654"}],"wp:term":[{"taxonomy":"category","embeddable":true,"href":"http:\/\/gradadigital.com\/home\/wp-json\/wp\/v2\/categories?post=20654"},{"taxonomy":"post_tag","embeddable":true,"href":"http:\/\/gradadigital.com\/home\/wp-json\/wp\/v2\/tags?post=20654"}],"curies":[{"name":"wp","href":"https:\/\/api.w.org\/{rel}","templated":true}]}}