{"id":20635,"date":"2015-06-12T18:13:35","date_gmt":"2015-06-12T22:43:35","guid":{"rendered":"http:\/\/gradadigital.com\/home\/?p=20635"},"modified":"2015-06-12T18:13:35","modified_gmt":"2015-06-12T22:43:35","slug":"carlos-valdes-anticipo-que-la-vinotinto-sera-un-rival-dificil","status":"publish","type":"post","link":"http:\/\/gradadigital.com\/home\/carlos-valdes-anticipo-que-la-vinotinto-sera-un-rival-dificil\/","title":{"rendered":"Carlos Vald\u00e9s anticip\u00f3 que La Vinotinto ser\u00e1 un rival dif\u00edcil"},"content":{"rendered":"<p style=\"text-align: center;\"><img decoding=\"async\" class=\"details-image\" draggable=\"false\" src=\"http:\/\/gradadigital.com\/home\/wp-content\/uploads\/2015\/06\/carlos_valdes_colombia_11062015.jpg\" alt=\"\" \/><\/p>\n<p style=\"text-align: center;\"><img decoding=\"async\" class=\"details-image\" draggable=\"false\" src=\"http:\/\/gradadigital.com\/home\/wp-content\/uploads\/2014\/12\/banner_opcion_comentarios_gd.jpg\" alt=\"\" \/><\/p>\n<p style=\"text-align: justify;\"><strong>EFE &#8211;<\/strong> El defensa de la selecci\u00f3n de Colombia Carlos Vald\u00e9s afirm\u00f3 hoy jueves que el combinado dirigido por N\u00e9stor Pekerman pretende seguir \u00abhaciendo historia\u00bb en la Copa Am\u00e9rica que se disputa en Chile.<\/p>\n<p style=\"text-align: justify;\">Vald\u00e9s explic\u00f3 en conferencia de prensa que la mayor diferencia de Colombia respecto a la Copa del Mundo de 2014, donde los colombianos lograron el mejor resultado en este torneo al alcanzar los cuartos de final, es que ahora son un equipo \u00abm\u00e1s maduro\u00bb y con m\u00e1s experiencia.<\/p>\n<p style=\"text-align: justify;\"><strong>\u00abEstamos en un proceso de crecimiento y de cambio de mentalidad que queremos mantener. No queremos conformarnos. Queremos seguir escribiendo y marcando la historia. Ese anhelo de dar alegr\u00eda a la gente es la que nos llevar\u00e1 a lo que queremos: celebrar muchas cosas con la selecci\u00f3n\u00bb<\/strong>, afirm\u00f3 Vald\u00e9s.<\/p>\n<p style=\"text-align: justify;\">El defensa, sin embargo, coment\u00f3 que la condici\u00f3n de favorito del equipo colombiano para alzarse con el campeonato sudamericano est\u00e1 m\u00e1s presente entre los hinchas que en los propios jugadores, que prefieren mantener la cautela.<\/p>\n<p style=\"text-align: justify;\"><strong>\u00abEn la parte interna del grupo nos sentimos como cualquiera de las otras selecciones. (&#8230;) Si nosotros estamos bien y trabajamos con humildad, podemos conseguir cosas importantes, pero somos conscientes de que tenemos que enfrentarnos a selecciones con grandes jugadores\u00bb<\/strong>, se\u00f1al\u00f3.<\/p>\n<p style=\"text-align: justify;\">Vald\u00e9s anticip\u00f3 que \u00abser\u00e1 una copa muy disputada\u00bb en la que Colombia llega con ilusi\u00f3n pero con los pies en la tierra porque asegur\u00f3 que los jugadores colombianos no ven m\u00e1s all\u00e1 del primer partido del torneo ante Venezuela, el domingo 14 en Rancagua.<\/p>\n<p style=\"text-align: justify;\">El jugador del Atl\u00e9tico Nacional anticip\u00f3 que la selecci\u00f3n venezolana ser\u00e1 un rival dif\u00edcil porque ante Colombia buscar\u00e1 llevar la iniciativa del juego.<\/p>\n<p style=\"text-align: justify;\">Vald\u00e9s se mostr\u00f3 tranquilo ante la ausencia de Mario Yepes en la l\u00ednea defensiva de Colombia porque asegur\u00f3 que los actuales defensas colombianos tienen <strong>\u00abuna linda responsabilidad de dar tranquilidad a la gente y marcar ese camino de buenos defensores que siempre ha caracterizado a la selecci\u00f3n colombiana\u00bb<\/strong>.<\/p>\n<p style=\"text-align: justify;\"><strong>\u00abPara nosotros ha sido muy importante el aporte de Mario (Yepes) y Aquivaldo (Mosquera), entre otros, porque fueron jugadores que marcaron ese camino, pero creo que ahora es nuestra oportunidad de responder ante el momento que vive el f\u00fatbol de Colombia. Se trata de una gran oportunidad\u00bb<\/strong>, valor\u00f3 Vald\u00e9s.<\/p>\n<p style=\"text-align: center;\"><a href=\"https:\/\/play.google.com\/store\/apps\/details?id=com.app.gradadigital\" target=\"_blank\"><img decoding=\"async\" class=\"details-image\" draggable=\"false\" src=\"http:\/\/gradadigital.com\/home\/wp-content\/uploads\/2014\/10\/banner_aplicacion_V2_GRADADIGITAL_17102014.jpg\" alt=\"\" \/><\/a><\/p>\n","protected":false},"excerpt":{"rendered":"<p>EFE &#8211; El defensa de la selecci\u00f3n de Colombia Carlos Vald\u00e9s afirm\u00f3 hoy jueves que el combinado dirigido por N\u00e9stor Pekerman pretende seguir \u00abhaciendo historia\u00bb en la Copa Am\u00e9rica que se disputa en Chile. Vald\u00e9s explic\u00f3 en conferencia de prensa que la mayor diferencia de Colombia respecto a la Copa del Mundo de 2014, donde &#8230;<\/p>\n","protected":false},"author":3,"featured_media":20636,"comment_status":"closed","ping_status":"closed","sticky":false,"template":"","format":"standard","meta":{"footnotes":""},"categories":[752,42,36,40,3],"tags":[1329,79,1206,95,932,1279,1306,51,71],"class_list":["post-20635","post","type-post","status-publish","format-standard","has-post-thumbnail","hentry","category-appgd","category-copa-america","category-internacional","category-seleccion-nacional-mayores","category-seleccion-nacional","tag-carlos-valdes","tag-chile","tag-chile-2015","tag-colombia","tag-copa-america","tag-rancagua","tag-santiago","tag-venezuela","tag-vinotinto"],"_links":{"self":[{"href":"http:\/\/gradadigital.com\/home\/wp-json\/wp\/v2\/posts\/20635","targetHints":{"allow":["GET"]}}],"collection":[{"href":"http:\/\/gradadigital.com\/home\/wp-json\/wp\/v2\/posts"}],"about":[{"href":"http:\/\/gradadigital.com\/home\/wp-json\/wp\/v2\/types\/post"}],"author":[{"embeddable":true,"href":"http:\/\/gradadigital.com\/home\/wp-json\/wp\/v2\/users\/3"}],"replies":[{"embeddable":true,"href":"http:\/\/gradadigital.com\/home\/wp-json\/wp\/v2\/comments?post=20635"}],"version-history":[{"count":1,"href":"http:\/\/gradadigital.com\/home\/wp-json\/wp\/v2\/posts\/20635\/revisions"}],"predecessor-version":[{"id":20637,"href":"http:\/\/gradadigital.com\/home\/wp-json\/wp\/v2\/posts\/20635\/revisions\/20637"}],"wp:featuredmedia":[{"embeddable":true,"href":"http:\/\/gradadigital.com\/home\/wp-json\/wp\/v2\/media\/20636"}],"wp:attachment":[{"href":"http:\/\/gradadigital.com\/home\/wp-json\/wp\/v2\/media?parent=20635"}],"wp:term":[{"taxonomy":"category","embeddable":true,"href":"http:\/\/gradadigital.com\/home\/wp-json\/wp\/v2\/categories?post=20635"},{"taxonomy":"post_tag","embeddable":true,"href":"http:\/\/gradadigital.com\/home\/wp-json\/wp\/v2\/tags?post=20635"}],"curies":[{"name":"wp","href":"https:\/\/api.w.org\/{rel}","templated":true}]}}