{"id":20632,"date":"2015-06-12T17:42:22","date_gmt":"2015-06-12T22:12:22","guid":{"rendered":"http:\/\/gradadigital.com\/home\/?p=20632"},"modified":"2015-06-12T17:42:22","modified_gmt":"2015-06-12T22:12:22","slug":"david-ospina-los-partidos-con-venezuela-son-a-muerte","status":"publish","type":"post","link":"http:\/\/gradadigital.com\/home\/david-ospina-los-partidos-con-venezuela-son-a-muerte\/","title":{"rendered":"David Ospina: \u00abLos partidos con Venezuela son a muerte\u00bb"},"content":{"rendered":"<p style=\"text-align: center;\"><img decoding=\"async\" class=\"details-image\" draggable=\"false\" src=\"http:\/\/gradadigital.com\/home\/wp-content\/uploads\/2015\/06\/david_ospina_colombia_11062015.jpg\" alt=\"\" \/><\/p>\n<p style=\"text-align: center;\"><img decoding=\"async\" class=\"details-image\" draggable=\"false\" src=\"http:\/\/gradadigital.com\/home\/wp-content\/uploads\/2014\/12\/banner_opcion_comentarios_gd.jpg\" alt=\"\" \/><\/p>\n<p style=\"text-align: justify;\"><strong>AFP &#8211;<\/strong> La Copa Am\u00e9rica Chile 2015 \u201ces un reto importante\u201d para Colombia, pero la selecci\u00f3n \u201cno llega como favorita\u201d pese a su buen papel en el Mundial 2014, dijo este jueves el guardameta del combinado cafetero David Ospina.<\/p>\n<p style=\"text-align: justify;\"><strong>\u00abEstamos ante un reto importante, es una linda oportunidad para ganarla, pero sabemos que ser\u00e1 complicado por la calidad del resto de la selecciones y el buen momento que atraviesan varios jugadores\u00bb<\/strong>, asegur\u00f3 Ospina en rueda de prensa en Santiago.<\/p>\n<p style=\"text-align: justify;\">Colombia, con apenas un t\u00edtulo (2001) en sus vitrinas, aparece junto con Argentina, Brasil y la anfitriona Chile como una de las favoritas para imponerse en la 44 edici\u00f3n de la Copa Am\u00e9rica, una instancia a la que el \u00ab1\u00bb cafetero le reh\u00faye.<\/p>\n<p style=\"text-align: justify;\"><strong>\u201cEl favoritismo creo que nace m\u00e1s en la gente por lo que se hizo en Brasil. La Copa es un reto diferente, y lo importante es seguir teniendo los pies sobre la tierra pensando que al objetivo se llega partido tras partido y respetando a las dem\u00e1s selecciones\u201d<\/strong>, recalc\u00f3 el golero del Arsenal ingl\u00e9s.<\/p>\n<p style=\"text-align: justify;\">Colombia debutar\u00e1 el domingo en Rancagua frente a Venezuela, en la apertura del Grupo C, que tambi\u00e9n integran Brasil y Per\u00fa.<\/p>\n<p style=\"text-align: justify;\">Sobre la selecci\u00f3n vinotinto, a \u00f3rdenes de Noel Sanvicente, Ospina fue cauto y record\u00f3 que el combinado del vecino pa\u00eds siempre ha sido \u201cun hueso duro de roer\u201d para el elenco colombiano.<\/p>\n<p style=\"text-align: justify;\"><strong>\u201cLos partidos con Venezuela son a muerte, muy aguerridos, siempre han sido as\u00ed cuando nos hemos enfrentado\u201d<\/strong>, coment\u00f3.<\/p>\n<p style=\"text-align: justify;\"><strong>\u201cSu nivel ha aumentado en los \u00faltimos a\u00f1os y tienen jugadores que son importantes en Europa, por eso debemos tomar este partido con la seriedad que se merece cada rival de la Copa\u201d<\/strong>, puntualiz\u00f3 el meta de los \u00abGunners\u00bb.<\/p>\n<p style=\"text-align: justify;\">Colombia realiz\u00f3 su primer entrenamiento en suelo chileno, en la sede deportiva del club Universidad Cat\u00f3lica, luego de permanecer 12 d\u00edas en Buenos Aires, adonde a doble jornada trabaj\u00f3 y disput\u00f3 un partido amistoso frente a Costa Rica, con victoria cafetera por 1-0.<\/p>\n<p style=\"text-align: center;\"><a href=\"https:\/\/play.google.com\/store\/apps\/details?id=com.app.gradadigital\" target=\"_blank\"><img decoding=\"async\" class=\"details-image\" draggable=\"false\" src=\"http:\/\/gradadigital.com\/home\/wp-content\/uploads\/2014\/10\/banner_aplicacion_V2_GRADADIGITAL_17102014.jpg\" alt=\"\" \/><\/a><\/p>\n","protected":false},"excerpt":{"rendered":"<p>AFP &#8211; La Copa Am\u00e9rica Chile 2015 \u201ces un reto importante\u201d para Colombia, pero la selecci\u00f3n \u201cno llega como favorita\u201d pese a su buen papel en el Mundial 2014, dijo este jueves el guardameta del combinado cafetero David Ospina. \u00abEstamos ante un reto importante, es una linda oportunidad para ganarla, pero sabemos que ser\u00e1 complicado &#8230;<\/p>\n","protected":false},"author":3,"featured_media":20633,"comment_status":"closed","ping_status":"closed","sticky":false,"template":"","format":"standard","meta":{"footnotes":""},"categories":[752,42,36,40,3],"tags":[79,1206,95,932,1328,1279,1306,51,71],"class_list":["post-20632","post","type-post","status-publish","format-standard","has-post-thumbnail","hentry","category-appgd","category-copa-america","category-internacional","category-seleccion-nacional-mayores","category-seleccion-nacional","tag-chile","tag-chile-2015","tag-colombia","tag-copa-america","tag-david-ospina","tag-rancagua","tag-santiago","tag-venezuela","tag-vinotinto"],"_links":{"self":[{"href":"http:\/\/gradadigital.com\/home\/wp-json\/wp\/v2\/posts\/20632","targetHints":{"allow":["GET"]}}],"collection":[{"href":"http:\/\/gradadigital.com\/home\/wp-json\/wp\/v2\/posts"}],"about":[{"href":"http:\/\/gradadigital.com\/home\/wp-json\/wp\/v2\/types\/post"}],"author":[{"embeddable":true,"href":"http:\/\/gradadigital.com\/home\/wp-json\/wp\/v2\/users\/3"}],"replies":[{"embeddable":true,"href":"http:\/\/gradadigital.com\/home\/wp-json\/wp\/v2\/comments?post=20632"}],"version-history":[{"count":1,"href":"http:\/\/gradadigital.com\/home\/wp-json\/wp\/v2\/posts\/20632\/revisions"}],"predecessor-version":[{"id":20634,"href":"http:\/\/gradadigital.com\/home\/wp-json\/wp\/v2\/posts\/20632\/revisions\/20634"}],"wp:featuredmedia":[{"embeddable":true,"href":"http:\/\/gradadigital.com\/home\/wp-json\/wp\/v2\/media\/20633"}],"wp:attachment":[{"href":"http:\/\/gradadigital.com\/home\/wp-json\/wp\/v2\/media?parent=20632"}],"wp:term":[{"taxonomy":"category","embeddable":true,"href":"http:\/\/gradadigital.com\/home\/wp-json\/wp\/v2\/categories?post=20632"},{"taxonomy":"post_tag","embeddable":true,"href":"http:\/\/gradadigital.com\/home\/wp-json\/wp\/v2\/tags?post=20632"}],"curies":[{"name":"wp","href":"https:\/\/api.w.org\/{rel}","templated":true}]}}