{"id":2063,"date":"2013-07-03T20:16:02","date_gmt":"2013-07-04T00:46:02","guid":{"rendered":"http:\/\/gradadigital.com\/home\/?p=2063"},"modified":"2013-07-03T20:16:02","modified_gmt":"2013-07-04T00:46:02","slug":"seleccion-vinotinto-femenina-sub-17-se-prepara-para-el-sudamericano","status":"publish","type":"post","link":"http:\/\/gradadigital.com\/home\/seleccion-vinotinto-femenina-sub-17-se-prepara-para-el-sudamericano\/","title":{"rendered":"Selecci\u00f3n \u00abVinotinto\u00bb femenina Sub 17 se prepara para el sudamericano"},"content":{"rendered":"<p style=\"text-align: center;\"><img loading=\"lazy\" decoding=\"async\" class=\"alignnone\" alt=\"\" src=\"http:\/\/www.gradadigital.com\/principal\/images\/stories\/veronica_herrera_caracas_libertadores_femenino_12112012_2.jpg\" width=\"596\" height=\"346\" \/><br \/>\n<em>Ver\u00f3nica Herrera, de las m\u00e1s jovenes del plantel<\/em><\/p>\n<p style=\"text-align: justify;\"><strong>PRENSA FVF \/ CARACAS.-<\/strong> La Selecci\u00f3n Nacional Sub 17 femenina comenzar\u00e1\u00a0el s\u00e1bado 6 de julio el \u00faltimo m\u00f3dulo de preparaci\u00f3n al Sudamericano de la categor\u00eda que se celebrar\u00e1\u00a0 en Paraguay a partir del pr\u00f3ximo 7 de agosto, donde se definir\u00e1n los tres pa\u00edses de Conmebol que participar\u00e1n en el Mundial de Costa Rica 2014.<\/p>\n<p style=\"text-align: justify;\">Las dirigidas por Kenneth Zseremeta se concentrar\u00e1n durante 21 d\u00edas en la ciudad de M\u00e9rida donde terminaran de ajustar los detalles para su participaci\u00f3n en el Torneo regional. En estos \u00faltimos d\u00edas de trabajo previo al compromiso sudamericano las Vinotinto disputar\u00e1n partidos amistosos con los equipos Sub 14 y Sub 16 masculinos que participan en la la serie interregional y pertenecen a la asociaci\u00f3n del estado M\u00e9rida.<\/p>\n<p style=\"text-align: justify;\">El grupo viajar\u00e1\u00a0 a la Asunci\u00f3n, Paraguay el 29 de julio para contar con unos d\u00edas previos de trabajo en la ciudad que hasta ahora ser\u00e1\u00a0la sede de la competencia \u201cHemos tenido algunos inconvenientes con respecto a la organizaci\u00f3n del Torneo. La Confederaci\u00f3n y la Federaci\u00f3n Paraguaya tienen algunas diferencia que han impedido que conozcamos los grupos del Torneo y la confirmaci\u00f3n de la sede\u201d\u00a0cont\u00f3\u00a0el Director T\u00e9cnico Kenneth Zseremeta.<\/p>\n<p style=\"text-align: center;\"><a href=\"http:\/\/gradadigital.com\/home\/wp-content\/uploads\/2013\/07\/kenneth_zseremeta_18012012.jpg\"><img loading=\"lazy\" decoding=\"async\" class=\"alignnone size-full wp-image-2064\" alt=\"kenneth_zseremeta_18012012\" src=\"http:\/\/gradadigital.com\/home\/wp-content\/uploads\/2013\/07\/kenneth_zseremeta_18012012.jpg\" width=\"596\" height=\"346\" srcset=\"http:\/\/gradadigital.com\/home\/wp-content\/uploads\/2013\/07\/kenneth_zseremeta_18012012.jpg 596w, http:\/\/gradadigital.com\/home\/wp-content\/uploads\/2013\/07\/kenneth_zseremeta_18012012-300x174.jpg 300w\" sizes=\"auto, (max-width: 596px) 100vw, 596px\" \/><\/a><br \/>\n<em>El estratega \u00abVinotinto\u00bb volver\u00e1 a buscar triunfos en la femenino Sub 17<\/em><\/p>\n<p style=\"text-align: justify;\">Para el entrenador de las Vinotinto Sub 17 femenina la Selecci\u00f3n de Venezuela tiene todas las oportunidades de conseguir uno de los tres boletos a Costa Rica y para eso se han preparado durante los \u00faltimos seis meses.<\/p>\n<p style=\"text-align: justify;\">\u201cVamos en igualdad de condiciones que el resto de los pa\u00edses que participan en Sudam\u00e9rica. Llevamos un grupo joven\u00a0 de jugadoras pero tambi\u00e9n contamos con 7 j\u00f3venes que forman una base importante en el equipo porque vienen trabajando desde los procesos anteriores\u201d resalt\u00f3 Zseremeta.<\/p>\n<p style=\"text-align: justify;\">El DT tambi\u00e9n resalt\u00f3\u00a0 que el compromiso que tiene en esta competencia es mayor a los anteriores \u201cAhora debemos tener una participaci\u00f3n destacada, la Selecci\u00f3n Absoluta lo est\u00e1\u00a0haciendo muy bien y la Sub 17 consigui\u00f3\u00a0el primer boleto de este a\u00f1o a un mundial, nosotros no vamos a quedar por debajo de eso, vamos a tratar de repetir la haza\u00f1a y lograr uno de esos cupos\u201d\u00a0 sentenci\u00f3\u00a0el paname\u00f1o.<\/p>\n<p style=\"text-align: justify;\">Las j\u00f3venes Vinotinto asumir\u00e1n este reto con optimismo y con la capacitaci\u00f3n que les permitir\u00e1\u00a0 alcanzar la meta. \u201cEl objetivo principal es pasar a la segunda ronda, el primer partido es vital y de ah\u00ed\u00a0quedar entre los tres primeros. Las muchachas est\u00e1n muy motivadas con lo conseguido por la Sub 17 masculina y quieren igualar su participaci\u00f3n\u201d\u00a0concluy\u00f3\u00a0el DT.<\/p>\n<p style=\"text-align: justify;\">Zseremeta convoc\u00f3 a 29 jugadores al m\u00f3dulo de la ciudad de M\u00e9rida pero este grupo deber\u00e1 reducirse a 23 atletas el pr\u00f3ximo 14 de julio, fecha l\u00edmite para entregar la lista definitiva a los organizadores del Torneo.<\/p>\n<p style=\"text-align: justify;\">Las convocadas por Zseremeta son: Ver\u00f3nica Herrera, Mar\u00eda G Garc\u00eda, Alejandra Silva, Mar\u00eda G Bofanty (Caracas FC), Alexa Castro, Lourdes Moreno\u00a0 (Las Potras), Yorgelis Monterroza,\u00a0 Yailin Medina, Lilangela Palmar, Yusmary Moncada (Independiente la Fr\u00eda), Tonny Pereira, B\u00e1rbara Serrano, Kathiusca Rivas (UCV), Neily Carrasquel (Cachimbos), Deyna Castellanos (Esc. Juan Arango), Hilaris Villasana (Mickey sport), Yosneidy Zambrano (FUCEVA), Desiree P\u00e9rez (Atl\u00e9tico Yara), Franyely Rodr\u00edguez (Sport Valencia), Angeli Carre\u00f1o (San Diego FC), Sandra Luzardo (ZE M\u00e9rida), Yulianny Goyo (M\u00e1ximo Viloria), Yolgrelis Rengifo, Gabriela Garc\u00eda (Estudiantes de Gru\u00e1rico), Michelle Romero (Cabinas FC), Daniuska Rodr\u00edguez (Guaran\u00ed SC), Micheel Baldallo (IUTAEB), Mariana Speackmaier (USA).<\/p>\n","protected":false},"excerpt":{"rendered":"<p>Ver\u00f3nica Herrera, de las m\u00e1s jovenes del plantel PRENSA FVF \/ CARACAS.- La Selecci\u00f3n Nacional Sub 17 femenina comenzar\u00e1\u00a0el s\u00e1bado 6 de julio el \u00faltimo m\u00f3dulo de preparaci\u00f3n al Sudamericano de la categor\u00eda que se celebrar\u00e1\u00a0 en Paraguay a partir del pr\u00f3ximo 7 de agosto, donde se definir\u00e1n los tres pa\u00edses de Conmebol que participar\u00e1n &#8230;<\/p>\n","protected":false},"author":4,"featured_media":2064,"comment_status":"closed","ping_status":"closed","sticky":false,"template":"","format":"standard","meta":{"footnotes":""},"categories":[26,3],"tags":[],"class_list":["post-2063","post","type-post","status-publish","format-standard","has-post-thumbnail","hentry","category-seleccion-femenina","category-seleccion-nacional"],"_links":{"self":[{"href":"http:\/\/gradadigital.com\/home\/wp-json\/wp\/v2\/posts\/2063","targetHints":{"allow":["GET"]}}],"collection":[{"href":"http:\/\/gradadigital.com\/home\/wp-json\/wp\/v2\/posts"}],"about":[{"href":"http:\/\/gradadigital.com\/home\/wp-json\/wp\/v2\/types\/post"}],"author":[{"embeddable":true,"href":"http:\/\/gradadigital.com\/home\/wp-json\/wp\/v2\/users\/4"}],"replies":[{"embeddable":true,"href":"http:\/\/gradadigital.com\/home\/wp-json\/wp\/v2\/comments?post=2063"}],"version-history":[{"count":2,"href":"http:\/\/gradadigital.com\/home\/wp-json\/wp\/v2\/posts\/2063\/revisions"}],"predecessor-version":[{"id":2066,"href":"http:\/\/gradadigital.com\/home\/wp-json\/wp\/v2\/posts\/2063\/revisions\/2066"}],"wp:featuredmedia":[{"embeddable":true,"href":"http:\/\/gradadigital.com\/home\/wp-json\/wp\/v2\/media\/2064"}],"wp:attachment":[{"href":"http:\/\/gradadigital.com\/home\/wp-json\/wp\/v2\/media?parent=2063"}],"wp:term":[{"taxonomy":"category","embeddable":true,"href":"http:\/\/gradadigital.com\/home\/wp-json\/wp\/v2\/categories?post=2063"},{"taxonomy":"post_tag","embeddable":true,"href":"http:\/\/gradadigital.com\/home\/wp-json\/wp\/v2\/tags?post=2063"}],"curies":[{"name":"wp","href":"https:\/\/api.w.org\/{rel}","templated":true}]}}