{"id":20622,"date":"2015-06-12T14:39:53","date_gmt":"2015-06-12T19:09:53","guid":{"rendered":"http:\/\/gradadigital.com\/home\/?p=20622"},"modified":"2015-06-12T14:39:53","modified_gmt":"2015-06-12T19:09:53","slug":"salomon-rondon-estamos-aqui-para-jugar-seis-partidos","status":"publish","type":"post","link":"http:\/\/gradadigital.com\/home\/salomon-rondon-estamos-aqui-para-jugar-seis-partidos\/","title":{"rendered":"Salom\u00f3n Rond\u00f3n: \u00abEstamos aqu\u00ed para jugar seis partidos\u00bb"},"content":{"rendered":"<p style=\"text-align: center;\"><img decoding=\"async\" class=\"details-image\" draggable=\"false\" src=\"http:\/\/gradadigital.com\/home\/wp-content\/uploads\/2015\/06\/salomon_rondon_rancagua_11062015.jpg\" alt=\"\" \/><\/p>\n<p style=\"text-align: center;\"><img decoding=\"async\" class=\"details-image\" draggable=\"false\" src=\"http:\/\/gradadigital.com\/home\/wp-content\/uploads\/2014\/12\/banner_opcion_comentarios_gd.jpg\" alt=\"\" \/><\/p>\n<p style=\"text-align: justify;\"><strong>EFE &#8211;<\/strong> Seis partidos, los mismos que necesita una selecci\u00f3n para llegar a la fase final de la Copa Am\u00e9rica, son a los que aspira jugar el delantero venezolano Salom\u00f3n Rond\u00f3n en Chile, aunque para el goleador esta vez no bastar\u00e1 jugar por el tercer puesto, como hizo la Vinotinto en la edici\u00f3n de 2011.<\/p>\n<p style=\"text-align: justify;\"><strong>\u201cEstamos aqu\u00ed para jugar seis partidos. Trataremos de hacer una buena fase, de hacer lo imposible para pasar y de ah\u00ed en adelante veremos\u201d<\/strong>, manifest\u00f3 a periodistas el caraque\u00f1o del Zenit ruso desde el Monasterio Celeste, sede del club O&#8217;Higgins chileno que por estos d\u00edas se ha convertido en la casa de la selecci\u00f3n venezolana.<\/p>\n<p style=\"text-align: justify;\"><strong>\u201cEsta Copa Am\u00e9rica es un gran reto y me lo tomo personal, porque en la Copa Am\u00e9rica pasada nos quedamos a nada de la final. Quedamos en el cuarto lugar y sentamos un buen precedente para nosotros\u201d<\/strong>, declar\u00f3 el jugador de 25 a\u00f1os.<\/p>\n<p style=\"text-align: justify;\">Venezuela perdi\u00f3 por 4-1 ante Per\u00fa el partido por el tercer puesto de la Copa Am\u00e9rica jugada hace cuatro a\u00f1os en Argentina.<\/p>\n<p style=\"text-align: justify;\"><strong>\u201cNo me siento figura, soy un jugador m\u00e1s, un compa\u00f1ero m\u00e1s. Se puede decir que mi paso por Europa ha sido exitoso porque he mejorado mucho en los \u00faltimos cuatro a\u00f1os, pero no me veo como la gran figura de la selecci\u00f3n\u201d<\/strong>, dijo ante las insistentes preguntas de periodistas que lo declaran como la principal figura de la plantilla que orienta Noel \u00abChita\u00bb Sanvicente.<\/p>\n<p style=\"text-align: justify;\">M\u00e1s all\u00e1 del debut con Colombia, el 14 de junio en el estadio El Teniente de Rancagua, y de Brasil y Per\u00fa, los rivales que completan el Grupo C en la primera fase, el ex jugador de los clubes espa\u00f1oles Las Palmas y el M\u00e1laga asegur\u00f3 que la Copa Am\u00e9rica ser\u00e1 un term\u00f3metro para las eliminatorias sudamericanas del Mundial de Rusia.<\/p>\n<p style=\"text-align: justify;\"><strong>\u201cEsta Copa Am\u00e9rica puede ser un precedente para la eliminatoria, pero sabemos que va a ser una competici\u00f3n muy distinta y apostaremos a hacer lo que nosotros sabemos hacer\u201d<\/strong>, puntualiz\u00f3 Rond\u00f3n, el \u00faltimo jugador que se sum\u00f3 a la concentraci\u00f3n de la Vinotinto.<\/p>\n<p style=\"text-align: center;\"><a href=\"https:\/\/play.google.com\/store\/apps\/details?id=com.app.gradadigital\" target=\"_blank\"><img decoding=\"async\" class=\"details-image\" draggable=\"false\" src=\"http:\/\/gradadigital.com\/home\/wp-content\/uploads\/2014\/10\/banner_aplicacion_V2_GRADADIGITAL_17102014.jpg\" alt=\"\" \/><\/a><\/p>\n","protected":false},"excerpt":{"rendered":"<p>EFE &#8211; Seis partidos, los mismos que necesita una selecci\u00f3n para llegar a la fase final de la Copa Am\u00e9rica, son a los que aspira jugar el delantero venezolano Salom\u00f3n Rond\u00f3n en Chile, aunque para el goleador esta vez no bastar\u00e1 jugar por el tercer puesto, como hizo la Vinotinto en la edici\u00f3n de 2011. &#8230;<\/p>\n","protected":false},"author":3,"featured_media":20626,"comment_status":"closed","ping_status":"closed","sticky":false,"template":"","format":"standard","meta":{"footnotes":""},"categories":[752,42,36,40,3],"tags":[79,1206,932,1279,121,51,71],"class_list":["post-20622","post","type-post","status-publish","format-standard","has-post-thumbnail","hentry","category-appgd","category-copa-america","category-internacional","category-seleccion-nacional-mayores","category-seleccion-nacional","tag-chile","tag-chile-2015","tag-copa-america","tag-rancagua","tag-salomon-rondon","tag-venezuela","tag-vinotinto"],"_links":{"self":[{"href":"http:\/\/gradadigital.com\/home\/wp-json\/wp\/v2\/posts\/20622","targetHints":{"allow":["GET"]}}],"collection":[{"href":"http:\/\/gradadigital.com\/home\/wp-json\/wp\/v2\/posts"}],"about":[{"href":"http:\/\/gradadigital.com\/home\/wp-json\/wp\/v2\/types\/post"}],"author":[{"embeddable":true,"href":"http:\/\/gradadigital.com\/home\/wp-json\/wp\/v2\/users\/3"}],"replies":[{"embeddable":true,"href":"http:\/\/gradadigital.com\/home\/wp-json\/wp\/v2\/comments?post=20622"}],"version-history":[{"count":1,"href":"http:\/\/gradadigital.com\/home\/wp-json\/wp\/v2\/posts\/20622\/revisions"}],"predecessor-version":[{"id":20627,"href":"http:\/\/gradadigital.com\/home\/wp-json\/wp\/v2\/posts\/20622\/revisions\/20627"}],"wp:featuredmedia":[{"embeddable":true,"href":"http:\/\/gradadigital.com\/home\/wp-json\/wp\/v2\/media\/20626"}],"wp:attachment":[{"href":"http:\/\/gradadigital.com\/home\/wp-json\/wp\/v2\/media?parent=20622"}],"wp:term":[{"taxonomy":"category","embeddable":true,"href":"http:\/\/gradadigital.com\/home\/wp-json\/wp\/v2\/categories?post=20622"},{"taxonomy":"post_tag","embeddable":true,"href":"http:\/\/gradadigital.com\/home\/wp-json\/wp\/v2\/tags?post=20622"}],"curies":[{"name":"wp","href":"https:\/\/api.w.org\/{rel}","templated":true}]}}