{"id":20607,"date":"2015-06-12T11:11:58","date_gmt":"2015-06-12T15:41:58","guid":{"rendered":"http:\/\/gradadigital.com\/home\/?p=20607"},"modified":"2015-06-12T12:35:58","modified_gmt":"2015-06-12T17:05:58","slug":"video-tomas-rincon-tenemos-claro-el-planteamiento-ante-colombia","status":"publish","type":"post","link":"http:\/\/gradadigital.com\/home\/video-tomas-rincon-tenemos-claro-el-planteamiento-ante-colombia\/","title":{"rendered":"+VIDEO | Tom\u00e1s Rinc\u00f3n: \u00abTenemos claro el planteamiento ante Colombia\u00bb"},"content":{"rendered":"<p><iframe loading=\"lazy\" src=\"https:\/\/www.youtube.com\/embed\/5nMT3dJpmsA\" width=\"682\" height=\"384\" frameborder=\"0\" allowfullscreen=\"allowfullscreen\"><\/iframe><\/p>\n<p style=\"text-align: center;\"><img loading=\"lazy\" decoding=\"async\" class=\"alignnone size-full wp-image-16349\" src=\"http:\/\/gradadigital.com\/home\/wp-content\/uploads\/2014\/12\/banner_opcion_comentarios_gd.jpg\" alt=\"banner_opcion_comentarios_gd\" width=\"621\" height=\"41\" srcset=\"http:\/\/gradadigital.com\/home\/wp-content\/uploads\/2014\/12\/banner_opcion_comentarios_gd.jpg 621w, http:\/\/gradadigital.com\/home\/wp-content\/uploads\/2014\/12\/banner_opcion_comentarios_gd-300x19.jpg 300w, http:\/\/gradadigital.com\/home\/wp-content\/uploads\/2014\/12\/banner_opcion_comentarios_gd-620x41.jpg 620w\" sizes=\"auto, (max-width: 621px) 100vw, 621px\" \/><\/p>\n<p style=\"text-align: justify;\"><strong>GradaDigital.com, Rancagua &#8211;<\/strong> El capit\u00e1n de la Selecci\u00f3n Vinotinto convers\u00f3 con los medios de comunicaci\u00f3n en Rancagua y dej\u00f3 claro que as\u00ed como reconocen las virtudes de Colombia, tambi\u00e9n \u00abconocemos sus debilidades\u00bb.<\/p>\n<p style=\"text-align: justify;\">El jugador asegur\u00f3 que <strong>\u00abtenemos claro la idea que vamos a plantear el domingo\u00bb<\/strong>. Y se siente <strong>\u00abpreparado. Sabemos que el pa\u00eds conf\u00eda en nosotros y quiere ese toque de gloria\u00bb<\/strong>.<\/p>\n<p style=\"text-align: justify;\"><strong>\u00a1Dale Play al video\/entrevista!<\/strong><\/p>\n<p style=\"text-align: center;\"><a href=\"https:\/\/play.google.com\/store\/apps\/details?id=com.app.gradadigital\" target=\"_blank\"><img loading=\"lazy\" decoding=\"async\" class=\"alignnone size-full wp-image-15415\" src=\"http:\/\/gradadigital.com\/home\/wp-content\/uploads\/2014\/10\/banner_aplicacion_V2_GRADADIGITAL_17102014.jpg\" alt=\"banner_aplicacion_V2_GRADADIGITAL_17102014\" width=\"620\" height=\"100\" srcset=\"http:\/\/gradadigital.com\/home\/wp-content\/uploads\/2014\/10\/banner_aplicacion_V2_GRADADIGITAL_17102014.jpg 620w, http:\/\/gradadigital.com\/home\/wp-content\/uploads\/2014\/10\/banner_aplicacion_V2_GRADADIGITAL_17102014-300x48.jpg 300w\" sizes=\"auto, (max-width: 620px) 100vw, 620px\" \/><\/a><\/p>\n","protected":false},"excerpt":{"rendered":"<p>GradaDigital.com, Rancagua &#8211; El capit\u00e1n de la Selecci\u00f3n Vinotinto convers\u00f3 con los medios de comunicaci\u00f3n en Rancagua y dej\u00f3 claro que as\u00ed como reconocen las virtudes de Colombia, tambi\u00e9n \u00abconocemos sus debilidades\u00bb. El jugador asegur\u00f3 que \u00abtenemos claro la idea que vamos a plantear el domingo\u00bb. Y se siente \u00abpreparado. Sabemos que el pa\u00eds conf\u00eda &#8230;<\/p>\n","protected":false},"author":4,"featured_media":20610,"comment_status":"closed","ping_status":"closed","sticky":false,"template":"","format":"standard","meta":{"footnotes":""},"categories":[27,42,36,40,3],"tags":[79,1206,932,1279,323,51,71],"class_list":["post-20607","post","type-post","status-publish","format-standard","has-post-thumbnail","hentry","category-video","category-copa-america","category-internacional","category-seleccion-nacional-mayores","category-seleccion-nacional","tag-chile","tag-chile-2015","tag-copa-america","tag-rancagua","tag-tomas-rincon","tag-venezuela","tag-vinotinto"],"_links":{"self":[{"href":"http:\/\/gradadigital.com\/home\/wp-json\/wp\/v2\/posts\/20607","targetHints":{"allow":["GET"]}}],"collection":[{"href":"http:\/\/gradadigital.com\/home\/wp-json\/wp\/v2\/posts"}],"about":[{"href":"http:\/\/gradadigital.com\/home\/wp-json\/wp\/v2\/types\/post"}],"author":[{"embeddable":true,"href":"http:\/\/gradadigital.com\/home\/wp-json\/wp\/v2\/users\/4"}],"replies":[{"embeddable":true,"href":"http:\/\/gradadigital.com\/home\/wp-json\/wp\/v2\/comments?post=20607"}],"version-history":[{"count":3,"href":"http:\/\/gradadigital.com\/home\/wp-json\/wp\/v2\/posts\/20607\/revisions"}],"predecessor-version":[{"id":20621,"href":"http:\/\/gradadigital.com\/home\/wp-json\/wp\/v2\/posts\/20607\/revisions\/20621"}],"wp:featuredmedia":[{"embeddable":true,"href":"http:\/\/gradadigital.com\/home\/wp-json\/wp\/v2\/media\/20610"}],"wp:attachment":[{"href":"http:\/\/gradadigital.com\/home\/wp-json\/wp\/v2\/media?parent=20607"}],"wp:term":[{"taxonomy":"category","embeddable":true,"href":"http:\/\/gradadigital.com\/home\/wp-json\/wp\/v2\/categories?post=20607"},{"taxonomy":"post_tag","embeddable":true,"href":"http:\/\/gradadigital.com\/home\/wp-json\/wp\/v2\/tags?post=20607"}],"curies":[{"name":"wp","href":"https:\/\/api.w.org\/{rel}","templated":true}]}}