{"id":20598,"date":"2015-06-12T09:54:31","date_gmt":"2015-06-12T14:24:31","guid":{"rendered":"http:\/\/gradadigital.com\/home\/?p=20598"},"modified":"2015-06-12T11:07:34","modified_gmt":"2015-06-12T15:37:34","slug":"video-juan-arango-va-a-ser-un-partido-cerrado","status":"publish","type":"post","link":"http:\/\/gradadigital.com\/home\/video-juan-arango-va-a-ser-un-partido-cerrado\/","title":{"rendered":"+VIDEO | Juan Arango: \u00abVa a ser un partido cerrado\u00bb"},"content":{"rendered":"<p><iframe loading=\"lazy\" src=\"https:\/\/www.youtube.com\/embed\/SBF3Mei7f8I\" width=\"682\" height=\"384\" frameborder=\"0\" allowfullscreen=\"allowfullscreen\"><\/iframe><\/p>\n<p style=\"text-align: center;\"><img loading=\"lazy\" decoding=\"async\" class=\"alignnone size-full wp-image-16349\" src=\"http:\/\/gradadigital.com\/home\/wp-content\/uploads\/2014\/12\/banner_opcion_comentarios_gd.jpg\" alt=\"banner_opcion_comentarios_gd\" width=\"621\" height=\"41\" srcset=\"http:\/\/gradadigital.com\/home\/wp-content\/uploads\/2014\/12\/banner_opcion_comentarios_gd.jpg 621w, http:\/\/gradadigital.com\/home\/wp-content\/uploads\/2014\/12\/banner_opcion_comentarios_gd-300x19.jpg 300w, http:\/\/gradadigital.com\/home\/wp-content\/uploads\/2014\/12\/banner_opcion_comentarios_gd-620x41.jpg 620w\" sizes=\"auto, (max-width: 621px) 100vw, 621px\" \/><\/p>\n<p style=\"text-align: justify;\"><strong>GradaDigital.com, Rancagua &#8211;<\/strong> El mediocampista venezolano y referente de la selecci\u00f3n Vinotinto, Juan Arango, se encuentra optimista de cara al encuentro ante Colombia. Analiz\u00f3 d\u00f3nde podr\u00eda jugar y asegur\u00f3 que el partido ser\u00e1 bastante cerrado. <strong>\u00a1Dale Play al video\/entrevista!<\/strong><\/p>\n<p style=\"text-align: center;\"><a href=\"https:\/\/play.google.com\/store\/apps\/details?id=com.app.gradadigital\" target=\"_blank\"><img loading=\"lazy\" decoding=\"async\" class=\"alignnone size-full wp-image-15415\" src=\"http:\/\/gradadigital.com\/home\/wp-content\/uploads\/2014\/10\/banner_aplicacion_V2_GRADADIGITAL_17102014.jpg\" alt=\"banner_aplicacion_V2_GRADADIGITAL_17102014\" width=\"620\" height=\"100\" srcset=\"http:\/\/gradadigital.com\/home\/wp-content\/uploads\/2014\/10\/banner_aplicacion_V2_GRADADIGITAL_17102014.jpg 620w, http:\/\/gradadigital.com\/home\/wp-content\/uploads\/2014\/10\/banner_aplicacion_V2_GRADADIGITAL_17102014-300x48.jpg 300w\" sizes=\"auto, (max-width: 620px) 100vw, 620px\" \/><\/a><\/p>\n","protected":false},"excerpt":{"rendered":"<p>GradaDigital.com, Rancagua &#8211; El mediocampista venezolano y referente de la selecci\u00f3n Vinotinto, Juan Arango, se encuentra optimista de cara al encuentro ante Colombia. Analiz\u00f3 d\u00f3nde podr\u00eda jugar y asegur\u00f3 que el partido ser\u00e1 bastante cerrado. \u00a1Dale Play al video\/entrevista!<\/p>\n","protected":false},"author":4,"featured_media":20600,"comment_status":"closed","ping_status":"closed","sticky":false,"template":"","format":"standard","meta":{"footnotes":""},"categories":[27,42,36,40,3],"tags":[79,1206,932,125,1279,51,71],"class_list":["post-20598","post","type-post","status-publish","format-standard","has-post-thumbnail","hentry","category-video","category-copa-america","category-internacional","category-seleccion-nacional-mayores","category-seleccion-nacional","tag-chile","tag-chile-2015","tag-copa-america","tag-juan-arango","tag-rancagua","tag-venezuela","tag-vinotinto"],"_links":{"self":[{"href":"http:\/\/gradadigital.com\/home\/wp-json\/wp\/v2\/posts\/20598","targetHints":{"allow":["GET"]}}],"collection":[{"href":"http:\/\/gradadigital.com\/home\/wp-json\/wp\/v2\/posts"}],"about":[{"href":"http:\/\/gradadigital.com\/home\/wp-json\/wp\/v2\/types\/post"}],"author":[{"embeddable":true,"href":"http:\/\/gradadigital.com\/home\/wp-json\/wp\/v2\/users\/4"}],"replies":[{"embeddable":true,"href":"http:\/\/gradadigital.com\/home\/wp-json\/wp\/v2\/comments?post=20598"}],"version-history":[{"count":3,"href":"http:\/\/gradadigital.com\/home\/wp-json\/wp\/v2\/posts\/20598\/revisions"}],"predecessor-version":[{"id":20609,"href":"http:\/\/gradadigital.com\/home\/wp-json\/wp\/v2\/posts\/20598\/revisions\/20609"}],"wp:featuredmedia":[{"embeddable":true,"href":"http:\/\/gradadigital.com\/home\/wp-json\/wp\/v2\/media\/20600"}],"wp:attachment":[{"href":"http:\/\/gradadigital.com\/home\/wp-json\/wp\/v2\/media?parent=20598"}],"wp:term":[{"taxonomy":"category","embeddable":true,"href":"http:\/\/gradadigital.com\/home\/wp-json\/wp\/v2\/categories?post=20598"},{"taxonomy":"post_tag","embeddable":true,"href":"http:\/\/gradadigital.com\/home\/wp-json\/wp\/v2\/tags?post=20598"}],"curies":[{"name":"wp","href":"https:\/\/api.w.org\/{rel}","templated":true}]}}