{"id":20586,"date":"2015-06-11T22:02:55","date_gmt":"2015-06-12T02:32:55","guid":{"rendered":"http:\/\/gradadigital.com\/home\/?p=20586"},"modified":"2015-06-11T22:02:55","modified_gmt":"2015-06-12T02:32:55","slug":"mineros-confirma-tres-bajas","status":"publish","type":"post","link":"http:\/\/gradadigital.com\/home\/mineros-confirma-tres-bajas\/","title":{"rendered":"Mineros confirma tres bajas"},"content":{"rendered":"<p style=\"text-align: center;\"><img decoding=\"async\" class=\"details-image\" draggable=\"false\" src=\"http:\/\/gradadigital.com\/home\/wp-content\/uploads\/2014\/12\/jose_manuel_velazquez_petare_mineros_01122014.jpg\" alt=\"\" \/><\/p>\n<p style=\"text-align: center;\"><img decoding=\"async\" class=\"details-image\" draggable=\"false\" src=\"http:\/\/gradadigital.com\/home\/wp-content\/uploads\/2014\/12\/banner_opcion_comentarios_gd.jpg\" alt=\"\" \/><\/p>\n<p style=\"text-align: justify;\"><strong>Prensa Mineros de Guayana &#8211;<\/strong> Mineros de Guayana contin\u00faa prepar\u00e1ndose para el Torneo de Adecuaci\u00f3n 2015, y como parte de un proceso de reestructuraci\u00f3n, sigue realizando movimientos en el plantel. Los defensas Jos\u00e9 Manuel Vel\u00e1zquez y Edixon Cuevas no seguir\u00e1n con Mineros de Guayana, y al delantero Orlando Cordero se le venci\u00f3 el contrato con el equipo.<\/p>\n<p style=\"text-align: justify;\">Vel\u00e1zquez lleg\u00f3 a Mineros de Guayana en enero de 2014, y aunque su contrato venc\u00eda en diciembre de 2015, la instituci\u00f3n y el jugador decidieron rescindir el mismo por mutuo acuerdo. Cuevas lleg\u00f3 para el Torneo Clausura, de la pasada temporada, y tambi\u00e9n se acord\u00f3 la rescisi\u00f3n del documento que un\u00eda a las partes.<\/p>\n<p style=\"text-align: justify;\">El delantero guayan\u00e9s Orlando Cordero finaliz\u00f3 su contrato con Mineros el 31 de mayo de 2015, y no se acord\u00f3 su renovaci\u00f3n. La instituci\u00f3n minerista desea el mejor de los \u00e9xitos a los tres jugadores, que siempre dieron lo mejor de s\u00ed en su estad\u00eda en Mineros de Guayana.<\/p>\n<p style=\"text-align: center;\"><a href=\"https:\/\/play.google.com\/store\/apps\/details?id=com.app.gradadigital\" target=\"_blank\"><img decoding=\"async\" class=\"details-image\" draggable=\"false\" src=\"http:\/\/gradadigital.com\/home\/wp-content\/uploads\/2014\/10\/banner_aplicacion_V2_GRADADIGITAL_17102014.jpg\" alt=\"\" \/><\/a><\/p>\n","protected":false},"excerpt":{"rendered":"<p>Prensa Mineros de Guayana &#8211; Mineros de Guayana contin\u00faa prepar\u00e1ndose para el Torneo de Adecuaci\u00f3n 2015, y como parte de un proceso de reestructuraci\u00f3n, sigue realizando movimientos en el plantel. Los defensas Jos\u00e9 Manuel Vel\u00e1zquez y Edixon Cuevas no seguir\u00e1n con Mineros de Guayana, y al delantero Orlando Cordero se le venci\u00f3 el contrato con &#8230;<\/p>\n","protected":false},"author":3,"featured_media":15983,"comment_status":"closed","ping_status":"closed","sticky":false,"template":"","format":"standard","meta":{"footnotes":""},"categories":[752,5,15,31],"tags":[865,1322,1843,1022,1244],"class_list":["post-20586","post","type-post","status-publish","format-standard","has-post-thumbnail","hentry","category-appgd","category-futbol-nacional","category-mineros-de-guayana","category-primera-division","tag-edixon-cuevas","tag-jose-manuel-velazquez","tag-mineros-de-guayana","tag-orlando-cordero","tag-torneo-adecuacion-2015"],"_links":{"self":[{"href":"http:\/\/gradadigital.com\/home\/wp-json\/wp\/v2\/posts\/20586","targetHints":{"allow":["GET"]}}],"collection":[{"href":"http:\/\/gradadigital.com\/home\/wp-json\/wp\/v2\/posts"}],"about":[{"href":"http:\/\/gradadigital.com\/home\/wp-json\/wp\/v2\/types\/post"}],"author":[{"embeddable":true,"href":"http:\/\/gradadigital.com\/home\/wp-json\/wp\/v2\/users\/3"}],"replies":[{"embeddable":true,"href":"http:\/\/gradadigital.com\/home\/wp-json\/wp\/v2\/comments?post=20586"}],"version-history":[{"count":1,"href":"http:\/\/gradadigital.com\/home\/wp-json\/wp\/v2\/posts\/20586\/revisions"}],"predecessor-version":[{"id":20587,"href":"http:\/\/gradadigital.com\/home\/wp-json\/wp\/v2\/posts\/20586\/revisions\/20587"}],"wp:featuredmedia":[{"embeddable":true,"href":"http:\/\/gradadigital.com\/home\/wp-json\/wp\/v2\/media\/15983"}],"wp:attachment":[{"href":"http:\/\/gradadigital.com\/home\/wp-json\/wp\/v2\/media?parent=20586"}],"wp:term":[{"taxonomy":"category","embeddable":true,"href":"http:\/\/gradadigital.com\/home\/wp-json\/wp\/v2\/categories?post=20586"},{"taxonomy":"post_tag","embeddable":true,"href":"http:\/\/gradadigital.com\/home\/wp-json\/wp\/v2\/tags?post=20586"}],"curies":[{"name":"wp","href":"https:\/\/api.w.org\/{rel}","templated":true}]}}