{"id":20571,"date":"2015-06-11T16:32:24","date_gmt":"2015-06-11T21:02:24","guid":{"rendered":"http:\/\/gradadigital.com\/home\/?p=20571"},"modified":"2015-06-12T11:43:30","modified_gmt":"2015-06-12T16:13:30","slug":"fotos-asi-entreno-hoy-la-vinotinto-en-rancagua","status":"publish","type":"post","link":"http:\/\/gradadigital.com\/home\/fotos-asi-entreno-hoy-la-vinotinto-en-rancagua\/","title":{"rendered":"FOTOS | As\u00ed entren\u00f3 la Vinotinto en Rancagua"},"content":{"rendered":"<p style=\"text-align: center;\"><img loading=\"lazy\" decoding=\"async\" class=\"alignnone size-full wp-image-20579\" src=\"http:\/\/gradadigital.com\/home\/wp-content\/uploads\/2015\/06\/noel_sanvicente_entrenamiento_venezuela_11062015.jpg\" alt=\"noel_sanvicente_entrenamiento_venezuela_11062015\" width=\"682\" height=\"455\" srcset=\"http:\/\/gradadigital.com\/home\/wp-content\/uploads\/2015\/06\/noel_sanvicente_entrenamiento_venezuela_11062015.jpg 682w, http:\/\/gradadigital.com\/home\/wp-content\/uploads\/2015\/06\/noel_sanvicente_entrenamiento_venezuela_11062015-300x200.jpg 300w\" sizes=\"auto, (max-width: 682px) 100vw, 682px\" \/><\/p>\n<p style=\"text-align: center;\"><img decoding=\"async\" class=\"details-image\" draggable=\"false\" src=\"http:\/\/gradadigital.com\/home\/wp-content\/uploads\/2014\/12\/banner_opcion_comentarios_gd.jpg\" alt=\"\" \/><\/p>\n<p style=\"text-align: justify;\"><strong>GradaDigital.com, Rancagua &#8211;<\/strong> As\u00ed entren\u00f3 la selecci\u00f3n hoy (11 de junio) en las instalaciones del Monasterio de O&#8217;Higgins en Rancagua. <strong>\u00bfC\u00f3mo ves a la Vinotinto?<\/strong><\/p>\n<p style=\"text-align: center;\"><img loading=\"lazy\" decoding=\"async\" class=\"alignnone size-full wp-image-20572\" src=\"http:\/\/gradadigital.com\/home\/wp-content\/uploads\/2015\/06\/fernando_amorebieta_entrenamiento_venezuela_11062015.jpg\" alt=\"fernando_amorebieta_entrenamiento_venezuela_11062015\" width=\"682\" height=\"455\" srcset=\"http:\/\/gradadigital.com\/home\/wp-content\/uploads\/2015\/06\/fernando_amorebieta_entrenamiento_venezuela_11062015.jpg 682w, http:\/\/gradadigital.com\/home\/wp-content\/uploads\/2015\/06\/fernando_amorebieta_entrenamiento_venezuela_11062015-300x200.jpg 300w\" sizes=\"auto, (max-width: 682px) 100vw, 682px\" \/><\/p>\n<p style=\"text-align: center;\"><img loading=\"lazy\" decoding=\"async\" class=\"alignnone size-full wp-image-20573\" src=\"http:\/\/gradadigital.com\/home\/wp-content\/uploads\/2015\/06\/noel_sanvicente_entrenamiento_venezuela_11062015_2.jpg\" alt=\"noel_sanvicente_entrenamiento_venezuela_11062015_2\" width=\"682\" height=\"455\" srcset=\"http:\/\/gradadigital.com\/home\/wp-content\/uploads\/2015\/06\/noel_sanvicente_entrenamiento_venezuela_11062015_2.jpg 682w, http:\/\/gradadigital.com\/home\/wp-content\/uploads\/2015\/06\/noel_sanvicente_entrenamiento_venezuela_11062015_2-300x200.jpg 300w\" sizes=\"auto, (max-width: 682px) 100vw, 682px\" \/><\/p>\n<p style=\"text-align: center;\"><img loading=\"lazy\" decoding=\"async\" class=\"alignnone size-full wp-image-20584\" src=\"http:\/\/gradadigital.com\/home\/wp-content\/uploads\/2015\/06\/oswaldo_vizcarrondo_entrenamiento_venezuela_11062015_2.jpg\" alt=\"oswaldo_vizcarrondo_entrenamiento_venezuela_11062015_2\" width=\"682\" height=\"455\" srcset=\"http:\/\/gradadigital.com\/home\/wp-content\/uploads\/2015\/06\/oswaldo_vizcarrondo_entrenamiento_venezuela_11062015_2.jpg 682w, http:\/\/gradadigital.com\/home\/wp-content\/uploads\/2015\/06\/oswaldo_vizcarrondo_entrenamiento_venezuela_11062015_2-300x200.jpg 300w\" sizes=\"auto, (max-width: 682px) 100vw, 682px\" \/><\/p>\n<p style=\"text-align: center;\"><img loading=\"lazy\" decoding=\"async\" class=\"alignnone size-full wp-image-20574\" src=\"http:\/\/gradadigital.com\/home\/wp-content\/uploads\/2015\/06\/josef_martinez_entrenamiento_venezuela_11062015.jpg\" alt=\"josef_martinez_entrenamiento_venezuela_11062015\" width=\"682\" height=\"455\" srcset=\"http:\/\/gradadigital.com\/home\/wp-content\/uploads\/2015\/06\/josef_martinez_entrenamiento_venezuela_11062015.jpg 682w, http:\/\/gradadigital.com\/home\/wp-content\/uploads\/2015\/06\/josef_martinez_entrenamiento_venezuela_11062015-300x200.jpg 300w\" sizes=\"auto, (max-width: 682px) 100vw, 682px\" \/><\/p>\n<p style=\"text-align: center;\"><img loading=\"lazy\" decoding=\"async\" class=\"alignnone size-full wp-image-20575\" src=\"http:\/\/gradadigital.com\/home\/wp-content\/uploads\/2015\/06\/franklin_lucena_entrenamiento_venezuela_11062015_2.jpg\" alt=\"franklin_lucena_entrenamiento_venezuela_11062015_2\" width=\"682\" height=\"455\" srcset=\"http:\/\/gradadigital.com\/home\/wp-content\/uploads\/2015\/06\/franklin_lucena_entrenamiento_venezuela_11062015_2.jpg 682w, http:\/\/gradadigital.com\/home\/wp-content\/uploads\/2015\/06\/franklin_lucena_entrenamiento_venezuela_11062015_2-300x200.jpg 300w\" sizes=\"auto, (max-width: 682px) 100vw, 682px\" \/><\/p>\n<p style=\"text-align: center;\"><img loading=\"lazy\" decoding=\"async\" class=\"alignnone size-full wp-image-20576\" src=\"http:\/\/gradadigital.com\/home\/wp-content\/uploads\/2015\/06\/juan_arango_entrenamiento_venezuela_11062015.jpg\" alt=\"juan_arango_entrenamiento_venezuela_11062015\" width=\"682\" height=\"455\" srcset=\"http:\/\/gradadigital.com\/home\/wp-content\/uploads\/2015\/06\/juan_arango_entrenamiento_venezuela_11062015.jpg 682w, http:\/\/gradadigital.com\/home\/wp-content\/uploads\/2015\/06\/juan_arango_entrenamiento_venezuela_11062015-300x200.jpg 300w\" sizes=\"auto, (max-width: 682px) 100vw, 682px\" \/><\/p>\n<p style=\"text-align: center;\"><img loading=\"lazy\" decoding=\"async\" class=\"alignnone size-full wp-image-20577\" src=\"http:\/\/gradadigital.com\/home\/wp-content\/uploads\/2015\/06\/oswaldo_vizcarrondo_entrenamiento_venezuela_11062015.jpg\" alt=\"oswaldo_vizcarrondo_entrenamiento_venezuela_11062015\" width=\"682\" height=\"455\" srcset=\"http:\/\/gradadigital.com\/home\/wp-content\/uploads\/2015\/06\/oswaldo_vizcarrondo_entrenamiento_venezuela_11062015.jpg 682w, http:\/\/gradadigital.com\/home\/wp-content\/uploads\/2015\/06\/oswaldo_vizcarrondo_entrenamiento_venezuela_11062015-300x200.jpg 300w\" sizes=\"auto, (max-width: 682px) 100vw, 682px\" \/><\/p>\n<p style=\"text-align: center;\"><img loading=\"lazy\" decoding=\"async\" class=\"alignnone size-full wp-image-20578\" src=\"http:\/\/gradadigital.com\/home\/wp-content\/uploads\/2015\/06\/daniel_hernandez_entrenamiento_venezuela_11062015.jpg\" alt=\"daniel_hernandez_entrenamiento_venezuela_11062015\" width=\"682\" height=\"455\" srcset=\"http:\/\/gradadigital.com\/home\/wp-content\/uploads\/2015\/06\/daniel_hernandez_entrenamiento_venezuela_11062015.jpg 682w, http:\/\/gradadigital.com\/home\/wp-content\/uploads\/2015\/06\/daniel_hernandez_entrenamiento_venezuela_11062015-300x200.jpg 300w\" sizes=\"auto, (max-width: 682px) 100vw, 682px\" \/><\/p>\n<p style=\"text-align: center;\"><img loading=\"lazy\" decoding=\"async\" class=\"alignnone size-full wp-image-20579\" src=\"http:\/\/gradadigital.com\/home\/wp-content\/uploads\/2015\/06\/noel_sanvicente_entrenamiento_venezuela_11062015.jpg\" alt=\"noel_sanvicente_entrenamiento_venezuela_11062015\" width=\"682\" height=\"455\" srcset=\"http:\/\/gradadigital.com\/home\/wp-content\/uploads\/2015\/06\/noel_sanvicente_entrenamiento_venezuela_11062015.jpg 682w, http:\/\/gradadigital.com\/home\/wp-content\/uploads\/2015\/06\/noel_sanvicente_entrenamiento_venezuela_11062015-300x200.jpg 300w\" sizes=\"auto, (max-width: 682px) 100vw, 682px\" \/><\/p>\n<p style=\"text-align: center;\"><img loading=\"lazy\" decoding=\"async\" class=\"alignnone size-full wp-image-20580\" src=\"http:\/\/gradadigital.com\/home\/wp-content\/uploads\/2015\/06\/franklin_lucena_entrenamiento_venezuela_11062015.jpg\" alt=\"franklin_lucena_entrenamiento_venezuela_11062015\" width=\"682\" height=\"455\" srcset=\"http:\/\/gradadigital.com\/home\/wp-content\/uploads\/2015\/06\/franklin_lucena_entrenamiento_venezuela_11062015.jpg 682w, http:\/\/gradadigital.com\/home\/wp-content\/uploads\/2015\/06\/franklin_lucena_entrenamiento_venezuela_11062015-300x200.jpg 300w\" sizes=\"auto, (max-width: 682px) 100vw, 682px\" \/><\/p>\n<p style=\"text-align: center;\"><img loading=\"lazy\" decoding=\"async\" class=\"alignnone size-full wp-image-20581\" src=\"http:\/\/gradadigital.com\/home\/wp-content\/uploads\/2015\/06\/roberto_rosales_entrenamiento_venezuela_11062015.jpg\" alt=\"roberto_rosales_entrenamiento_venezuela_11062015\" width=\"682\" height=\"455\" srcset=\"http:\/\/gradadigital.com\/home\/wp-content\/uploads\/2015\/06\/roberto_rosales_entrenamiento_venezuela_11062015.jpg 682w, http:\/\/gradadigital.com\/home\/wp-content\/uploads\/2015\/06\/roberto_rosales_entrenamiento_venezuela_11062015-300x200.jpg 300w\" sizes=\"auto, (max-width: 682px) 100vw, 682px\" \/><\/p>\n<p style=\"text-align: center;\"><img loading=\"lazy\" decoding=\"async\" class=\"alignnone size-full wp-image-20612\" src=\"http:\/\/gradadigital.com\/home\/wp-content\/uploads\/2015\/06\/juan_arango_oswaldo_vizcarrondo_entrenamiento_venezuela_11062015.jpg\" alt=\"juan_arango_oswaldo_vizcarrondo_entrenamiento_venezuela_11062015\" width=\"682\" height=\"455\" srcset=\"http:\/\/gradadigital.com\/home\/wp-content\/uploads\/2015\/06\/juan_arango_oswaldo_vizcarrondo_entrenamiento_venezuela_11062015.jpg 682w, http:\/\/gradadigital.com\/home\/wp-content\/uploads\/2015\/06\/juan_arango_oswaldo_vizcarrondo_entrenamiento_venezuela_11062015-300x200.jpg 300w\" sizes=\"auto, (max-width: 682px) 100vw, 682px\" \/><\/p>\n<p style=\"text-align: center;\"><img loading=\"lazy\" decoding=\"async\" class=\"alignnone size-full wp-image-20613\" src=\"http:\/\/gradadigital.com\/home\/wp-content\/uploads\/2015\/06\/rafael_acosta_entrenamiento_venezuela_11062015.jpg\" alt=\"rafael_acosta_entrenamiento_venezuela_11062015\" width=\"682\" height=\"455\" srcset=\"http:\/\/gradadigital.com\/home\/wp-content\/uploads\/2015\/06\/rafael_acosta_entrenamiento_venezuela_11062015.jpg 682w, http:\/\/gradadigital.com\/home\/wp-content\/uploads\/2015\/06\/rafael_acosta_entrenamiento_venezuela_11062015-300x200.jpg 300w\" sizes=\"auto, (max-width: 682px) 100vw, 682px\" \/><\/p>\n<p style=\"text-align: center;\"><img loading=\"lazy\" decoding=\"async\" class=\"alignnone size-full wp-image-20614\" src=\"http:\/\/gradadigital.com\/home\/wp-content\/uploads\/2015\/06\/grenddy_perozo__entrenamiento_venezuela_11062015.jpg\" alt=\"grenddy_perozo__entrenamiento_venezuela_11062015\" width=\"682\" height=\"455\" srcset=\"http:\/\/gradadigital.com\/home\/wp-content\/uploads\/2015\/06\/grenddy_perozo__entrenamiento_venezuela_11062015.jpg 682w, http:\/\/gradadigital.com\/home\/wp-content\/uploads\/2015\/06\/grenddy_perozo__entrenamiento_venezuela_11062015-300x200.jpg 300w\" sizes=\"auto, (max-width: 682px) 100vw, 682px\" \/><\/p>\n<blockquote class=\"instagram-media\" data-instgrm-captioned data-instgrm-version=\"4\" style=\" background:#FFF; border:0; border-radius:3px; box-shadow:0 0 1px 0 rgba(0,0,0,0.5),0 1px 10px 0 rgba(0,0,0,0.15); margin: 1px; max-width:658px; padding:0; width:99.375%; width:-webkit-calc(100% - 2px); width:calc(100% - 2px);\">\n<div style=\"padding:8px;\">\n<div style=\" background:#F8F8F8; line-height:0; margin-top:40px; padding:50% 0; text-align:center; width:100%;\">\n<div style=\" background:url(data:image\/png;base64,iVBORw0KGgoAAAANSUhEUgAAACwAAAAsCAMAAAApWqozAAAAGFBMVEUiIiI9PT0eHh4gIB4hIBkcHBwcHBwcHBydr+JQAAAACHRSTlMABA4YHyQsM5jtaMwAAADfSURBVDjL7ZVBEgMhCAQBAf\/\/42xcNbpAqakcM0ftUmFAAIBE81IqBJdS3lS6zs3bIpB9WED3YYXFPmHRfT8sgyrCP1x8uEUxLMzNWElFOYCV6mHWWwMzdPEKHlhLw7NWJqkHc4uIZphavDzA2JPzUDsBZziNae2S6owH8xPmX8G7zzgKEOPUoYHvGz1TBCxMkd3kwNVbU0gKHkx+iZILf77IofhrY1nYFnB\/lQPb79drWOyJVa\/DAvg9B\/rLB4cC+Nqgdz\/TvBbBnr6GBReqn\/nRmDgaQEej7WhonozjF+Y2I\/fZou\/qAAAAAElFTkSuQmCC); display:block; height:44px; margin:0 auto -44px; position:relative; top:-22px; width:44px;\"><\/div>\n<\/div>\n<p style=\" margin:8px 0 0 0; padding:0 4px;\"> <a href=\"https:\/\/instagram.com\/p\/3z_2QUqIef\/\" style=\" color:#000; font-family:Arial,sans-serif; font-size:14px; font-style:normal; font-weight:normal; line-height:17px; text-decoration:none; word-wrap:break-word;\" target=\"_top\">Sonriente. As\u00ed se mostr\u00f3 el DT de La Selecci\u00f3n #Vinotinto, Noel Sanvicente, durante la jornada de trabajo en el\u00a0Monasterio de O\u00b4Higgins (Rancagua).\u00a0Para m\u00e1s informaci\u00f3n visita GradaDigital.com (@gradadigital), o descarga la #App M\u00f3vil Oficial de #GradaDigital disponible en el #GooglePlay Fotograf\u00eda: Miguel Vallenilla (@deccs), #Rancagua 11\/06\/2015 |\u00a0#LaVinotinto #Vinotinto #NoelSanvicente #FVF #Venezuela #CopaAmerica #Futve #GD<\/a><\/p>\n<p style=\" color:#c9c8cd; font-family:Arial,sans-serif; font-size:14px; line-height:17px; margin-bottom:0; margin-top:8px; overflow:hidden; padding:8px 0 7px; text-align:center; text-overflow:ellipsis; white-space:nowrap;\">Una foto publicada por GradaDigital.com (@gradadigital) el <time style=\" font-family:Arial,sans-serif; font-size:14px; line-height:17px;\" datetime=\"2015-06-12T02:32:52+00:00\">11 de Jun de 2015 a la(s) 7:32 PDT<\/time><\/p>\n<\/div>\n<\/blockquote>\n<p><script async defer src=\"\/\/platform.instagram.com\/en_US\/embeds.js\"><\/script><\/p>\n<blockquote class=\"instagram-media\" data-instgrm-captioned data-instgrm-version=\"4\" style=\" background:#FFF; border:0; border-radius:3px; box-shadow:0 0 1px 0 rgba(0,0,0,0.5),0 1px 10px 0 rgba(0,0,0,0.15); margin: 1px; max-width:658px; padding:0; width:99.375%; width:-webkit-calc(100% - 2px); width:calc(100% - 2px);\">\n<div style=\"padding:8px;\">\n<div style=\" background:#F8F8F8; line-height:0; margin-top:40px; padding:50% 0; text-align:center; width:100%;\">\n<div style=\" background:url(data:image\/png;base64,iVBORw0KGgoAAAANSUhEUgAAACwAAAAsCAMAAAApWqozAAAAGFBMVEUiIiI9PT0eHh4gIB4hIBkcHBwcHBwcHBydr+JQAAAACHRSTlMABA4YHyQsM5jtaMwAAADfSURBVDjL7ZVBEgMhCAQBAf\/\/42xcNbpAqakcM0ftUmFAAIBE81IqBJdS3lS6zs3bIpB9WED3YYXFPmHRfT8sgyrCP1x8uEUxLMzNWElFOYCV6mHWWwMzdPEKHlhLw7NWJqkHc4uIZphavDzA2JPzUDsBZziNae2S6owH8xPmX8G7zzgKEOPUoYHvGz1TBCxMkd3kwNVbU0gKHkx+iZILf77IofhrY1nYFnB\/lQPb79drWOyJVa\/DAvg9B\/rLB4cC+Nqgdz\/TvBbBnr6GBReqn\/nRmDgaQEej7WhonozjF+Y2I\/fZou\/qAAAAAElFTkSuQmCC); display:block; height:44px; margin:0 auto -44px; position:relative; top:-22px; width:44px;\"><\/div>\n<\/div>\n<p style=\" margin:8px 0 0 0; padding:0 4px;\"> <a href=\"https:\/\/instagram.com\/p\/30A-LLKIQD\/\" style=\" color:#000; font-family:Arial,sans-serif; font-size:14px; font-style:normal; font-weight:normal; line-height:17px; text-decoration:none; word-wrap:break-word;\" target=\"_top\">Enfocado. Ronald Vargas (ronaldvargas10) trabaja fuerte en\u00a0el\u00a0Monasterio de O\u00b4Higgins (Rancagua)\u00a0para ganarse un puesto ante #Colombia.\u00a0Para m\u00e1s informaci\u00f3n visita GradaDigital.com (@gradadigital), o descarga la #App M\u00f3vil Oficial de #GradaDigital disponible en el #GooglePlay Fotograf\u00eda: Miguel Vallenilla (@deccs), Rancagua 11\/06\/2015 |\u00a0#LaVinotinto #Vinotinto #RonaldVargas #FVF #Venezuela #CopaAmerica #Futve #GD<\/a><\/p>\n<p style=\" color:#c9c8cd; font-family:Arial,sans-serif; font-size:14px; line-height:17px; margin-bottom:0; margin-top:8px; overflow:hidden; padding:8px 0 7px; text-align:center; text-overflow:ellipsis; white-space:nowrap;\">Una foto publicada por GradaDigital.com (@gradadigital) el <time style=\" font-family:Arial,sans-serif; font-size:14px; line-height:17px;\" datetime=\"2015-06-12T02:42:42+00:00\">11 de Jun de 2015 a la(s) 7:42 PDT<\/time><\/p>\n<\/div>\n<\/blockquote>\n<p><script async defer src=\"\/\/platform.instagram.com\/en_US\/embeds.js\"><\/script><\/p>\n<blockquote class=\"instagram-media\" data-instgrm-captioned data-instgrm-version=\"4\" style=\" background:#FFF; border:0; border-radius:3px; box-shadow:0 0 1px 0 rgba(0,0,0,0.5),0 1px 10px 0 rgba(0,0,0,0.15); margin: 1px; max-width:658px; padding:0; width:99.375%; width:-webkit-calc(100% - 2px); width:calc(100% - 2px);\">\n<div style=\"padding:8px;\">\n<div style=\" background:#F8F8F8; line-height:0; margin-top:40px; padding:50% 0; text-align:center; width:100%;\">\n<div style=\" background:url(data:image\/png;base64,iVBORw0KGgoAAAANSUhEUgAAACwAAAAsCAMAAAApWqozAAAAGFBMVEUiIiI9PT0eHh4gIB4hIBkcHBwcHBwcHBydr+JQAAAACHRSTlMABA4YHyQsM5jtaMwAAADfSURBVDjL7ZVBEgMhCAQBAf\/\/42xcNbpAqakcM0ftUmFAAIBE81IqBJdS3lS6zs3bIpB9WED3YYXFPmHRfT8sgyrCP1x8uEUxLMzNWElFOYCV6mHWWwMzdPEKHlhLw7NWJqkHc4uIZphavDzA2JPzUDsBZziNae2S6owH8xPmX8G7zzgKEOPUoYHvGz1TBCxMkd3kwNVbU0gKHkx+iZILf77IofhrY1nYFnB\/lQPb79drWOyJVa\/DAvg9B\/rLB4cC+Nqgdz\/TvBbBnr6GBReqn\/nRmDgaQEej7WhonozjF+Y2I\/fZou\/qAAAAAElFTkSuQmCC); display:block; height:44px; margin:0 auto -44px; position:relative; top:-22px; width:44px;\"><\/div>\n<\/div>\n<p style=\" margin:8px 0 0 0; padding:0 4px;\"> <a href=\"https:\/\/instagram.com\/p\/30EFLOKIU_\/\" style=\" color:#000; font-family:Arial,sans-serif; font-size:14px; font-style:normal; font-weight:normal; line-height:17px; text-decoration:none; word-wrap:break-word;\" target=\"_top\">El arco luce seguro ante los saludables duelos entre los arqueros #Vinotintos.\u00a0Para m\u00e1s informaci\u00f3n visita GradaDigital.com (@gradadigital), o descarga la #App M\u00f3vil Oficial de #GradaDigital disponible en el #GooglePlay Fotograf\u00eda: Miguel Vallenilla (@deccs), Rancagua 11\/06\/2015 |\u00a0#LaVinotinto #Vinotinto #AlainBaroja #Baroja #DaniHern\u00e1ndez #WuilkerFari\u00f1ez #FVF #Venezuela #CopaAmerica #Futve #GD<\/a><\/p>\n<p style=\" color:#c9c8cd; font-family:Arial,sans-serif; font-size:14px; line-height:17px; margin-bottom:0; margin-top:8px; overflow:hidden; padding:8px 0 7px; text-align:center; text-overflow:ellipsis; white-space:nowrap;\">Una foto publicada por GradaDigital.com (@gradadigital) el <time style=\" font-family:Arial,sans-serif; font-size:14px; line-height:17px;\" datetime=\"2015-06-12T03:09:52+00:00\">11 de Jun de 2015 a la(s) 8:09 PDT<\/time><\/p>\n<\/div>\n<\/blockquote>\n<p><script async defer src=\"\/\/platform.instagram.com\/en_US\/embeds.js\"><\/script><\/p>\n<blockquote class=\"instagram-media\" data-instgrm-captioned data-instgrm-version=\"4\" style=\" background:#FFF; border:0; border-radius:3px; box-shadow:0 0 1px 0 rgba(0,0,0,0.5),0 1px 10px 0 rgba(0,0,0,0.15); margin: 1px; max-width:658px; padding:0; width:99.375%; width:-webkit-calc(100% - 2px); width:calc(100% - 2px);\">\n<div style=\"padding:8px;\">\n<div style=\" background:#F8F8F8; line-height:0; margin-top:40px; padding:50% 0; text-align:center; width:100%;\">\n<div style=\" background:url(data:image\/png;base64,iVBORw0KGgoAAAANSUhEUgAAACwAAAAsCAMAAAApWqozAAAAGFBMVEUiIiI9PT0eHh4gIB4hIBkcHBwcHBwcHBydr+JQAAAACHRSTlMABA4YHyQsM5jtaMwAAADfSURBVDjL7ZVBEgMhCAQBAf\/\/42xcNbpAqakcM0ftUmFAAIBE81IqBJdS3lS6zs3bIpB9WED3YYXFPmHRfT8sgyrCP1x8uEUxLMzNWElFOYCV6mHWWwMzdPEKHlhLw7NWJqkHc4uIZphavDzA2JPzUDsBZziNae2S6owH8xPmX8G7zzgKEOPUoYHvGz1TBCxMkd3kwNVbU0gKHkx+iZILf77IofhrY1nYFnB\/lQPb79drWOyJVa\/DAvg9B\/rLB4cC+Nqgdz\/TvBbBnr6GBReqn\/nRmDgaQEej7WhonozjF+Y2I\/fZou\/qAAAAAElFTkSuQmCC); display:block; height:44px; margin:0 auto -44px; position:relative; top:-22px; width:44px;\"><\/div>\n<\/div>\n<p style=\" margin:8px 0 0 0; padding:0 4px;\"> <a href=\"https:\/\/instagram.com\/p\/30EdJKKIVr\/\" style=\" color:#000; font-family:Arial,sans-serif; font-size:14px; font-style:normal; font-weight:normal; line-height:17px; text-decoration:none; word-wrap:break-word;\" target=\"_top\">El delantero del #Torino, Josef Mart\u00ednez (@josefmartinez17) trabaja en Rancagua ante las indicaciones de Noel Sanvicente.\u00a0Para m\u00e1s informaci\u00f3n visita GradaDigital.com (@gradadigital), o descarga la #App M\u00f3vil Oficial de #GradaDigital disponible en el #GooglePlay Fotograf\u00eda: Miguel Vallenilla (@deccs), Rancagua 11\/06\/2015 |\u00a0#LaVinotinto #Vinotinto #JosefMart\u00ednez #FVF #Venezuela #CopaAmerica #Futve #GD<\/a><\/p>\n<p style=\" color:#c9c8cd; font-family:Arial,sans-serif; font-size:14px; line-height:17px; margin-bottom:0; margin-top:8px; overflow:hidden; padding:8px 0 7px; text-align:center; text-overflow:ellipsis; white-space:nowrap;\">Una foto publicada por GradaDigital.com (@gradadigital) el <time style=\" font-family:Arial,sans-serif; font-size:14px; line-height:17px;\" datetime=\"2015-06-12T03:13:08+00:00\">11 de Jun de 2015 a la(s) 8:13 PDT<\/time><\/p>\n<\/div>\n<\/blockquote>\n<p><script async defer src=\"\/\/platform.instagram.com\/en_US\/embeds.js\"><\/script><\/p>\n<blockquote class=\"instagram-media\" data-instgrm-captioned data-instgrm-version=\"4\" style=\" background:#FFF; border:0; border-radius:3px; box-shadow:0 0 1px 0 rgba(0,0,0,0.5),0 1px 10px 0 rgba(0,0,0,0.15); margin: 1px; max-width:658px; padding:0; width:99.375%; width:-webkit-calc(100% - 2px); width:calc(100% - 2px);\">\n<div style=\"padding:8px;\">\n<div style=\" background:#F8F8F8; line-height:0; margin-top:40px; padding:50% 0; text-align:center; width:100%;\">\n<div style=\" background:url(data:image\/png;base64,iVBORw0KGgoAAAANSUhEUgAAACwAAAAsCAMAAAApWqozAAAAGFBMVEUiIiI9PT0eHh4gIB4hIBkcHBwcHBwcHBydr+JQAAAACHRSTlMABA4YHyQsM5jtaMwAAADfSURBVDjL7ZVBEgMhCAQBAf\/\/42xcNbpAqakcM0ftUmFAAIBE81IqBJdS3lS6zs3bIpB9WED3YYXFPmHRfT8sgyrCP1x8uEUxLMzNWElFOYCV6mHWWwMzdPEKHlhLw7NWJqkHc4uIZphavDzA2JPzUDsBZziNae2S6owH8xPmX8G7zzgKEOPUoYHvGz1TBCxMkd3kwNVbU0gKHkx+iZILf77IofhrY1nYFnB\/lQPb79drWOyJVa\/DAvg9B\/rLB4cC+Nqgdz\/TvBbBnr6GBReqn\/nRmDgaQEej7WhonozjF+Y2I\/fZou\/qAAAAAElFTkSuQmCC); display:block; height:44px; margin:0 auto -44px; position:relative; top:-22px; width:44px;\"><\/div>\n<\/div>\n<p style=\" margin:8px 0 0 0; padding:0 4px;\"> <a href=\"https:\/\/instagram.com\/p\/30EoJkqIV4\/\" style=\" color:#000; font-family:Arial,sans-serif; font-size:14px; font-style:normal; font-weight:normal; line-height:17px; text-decoration:none; word-wrap:break-word;\" target=\"_top\">Con mucha entrega se muestra Franklin Lucena (@pakylucena) en los entrenamientos en #Rancagua.\u00a0Para m\u00e1s informaci\u00f3n visita GradaDigital.com (@gradadigital), o descarga la #App M\u00f3vil Oficial de #GradaDigital disponible en el #GooglePlay Fotograf\u00eda: Miguel Vallenilla (@deccs), Rancagua 11\/06\/2015 |\u00a0#LaVinotinto #Vinotinto #FranklinLucena #FVF #Venezuela #CopaAmerica #Futve #GD<\/a><\/p>\n<p style=\" color:#c9c8cd; font-family:Arial,sans-serif; font-size:14px; line-height:17px; margin-bottom:0; margin-top:8px; overflow:hidden; padding:8px 0 7px; text-align:center; text-overflow:ellipsis; white-space:nowrap;\">Una foto publicada por GradaDigital.com (@gradadigital) el <time style=\" font-family:Arial,sans-serif; font-size:14px; line-height:17px;\" datetime=\"2015-06-12T03:14:38+00:00\">11 de Jun de 2015 a la(s) 8:14 PDT<\/time><\/p>\n<\/div>\n<\/blockquote>\n<p><script async defer src=\"\/\/platform.instagram.com\/en_US\/embeds.js\"><\/script><\/p>\n<blockquote class=\"instagram-media\" data-instgrm-captioned data-instgrm-version=\"4\" style=\" background:#FFF; border:0; border-radius:3px; box-shadow:0 0 1px 0 rgba(0,0,0,0.5),0 1px 10px 0 rgba(0,0,0,0.15); margin: 1px; max-width:658px; padding:0; width:99.375%; width:-webkit-calc(100% - 2px); width:calc(100% - 2px);\">\n<div style=\"padding:8px;\">\n<div style=\" background:#F8F8F8; line-height:0; margin-top:40px; padding:50% 0; text-align:center; width:100%;\">\n<div style=\" background:url(data:image\/png;base64,iVBORw0KGgoAAAANSUhEUgAAACwAAAAsCAMAAAApWqozAAAAGFBMVEUiIiI9PT0eHh4gIB4hIBkcHBwcHBwcHBydr+JQAAAACHRSTlMABA4YHyQsM5jtaMwAAADfSURBVDjL7ZVBEgMhCAQBAf\/\/42xcNbpAqakcM0ftUmFAAIBE81IqBJdS3lS6zs3bIpB9WED3YYXFPmHRfT8sgyrCP1x8uEUxLMzNWElFOYCV6mHWWwMzdPEKHlhLw7NWJqkHc4uIZphavDzA2JPzUDsBZziNae2S6owH8xPmX8G7zzgKEOPUoYHvGz1TBCxMkd3kwNVbU0gKHkx+iZILf77IofhrY1nYFnB\/lQPb79drWOyJVa\/DAvg9B\/rLB4cC+Nqgdz\/TvBbBnr6GBReqn\/nRmDgaQEej7WhonozjF+Y2I\/fZou\/qAAAAAElFTkSuQmCC); display:block; height:44px; margin:0 auto -44px; position:relative; top:-22px; width:44px;\"><\/div>\n<\/div>\n<p style=\" margin:8px 0 0 0; padding:0 4px;\"> <a href=\"https:\/\/instagram.com\/p\/30EyvhKIWH\/\" style=\" color:#000; font-family:Arial,sans-serif; font-size:14px; font-style:normal; font-weight:normal; line-height:17px; text-decoration:none; word-wrap:break-word;\" target=\"_top\">Roberto Rosales (@robertico_r) trabaja con la #Vinotinto en Rancagua, y siendo una pieza importante para el estratega Noel Sanvicente.\u00a0Para m\u00e1s informaci\u00f3n visita GradaDigital.com (@gradadigital), o descarga la #App M\u00f3vil Oficial de #GradaDigital disponible en el #GooglePlay Fotograf\u00eda: Miguel Vallenilla (@deccs), Rancagua 11\/06\/2015 |\u00a0#LaVinotinto #Vinotinto #RobertoRosales #FVF #Venezuela #CopaAmerica #Futve #GD<\/a><\/p>\n<p style=\" color:#c9c8cd; font-family:Arial,sans-serif; font-size:14px; line-height:17px; margin-bottom:0; margin-top:8px; overflow:hidden; padding:8px 0 7px; text-align:center; text-overflow:ellipsis; white-space:nowrap;\">Una foto publicada por GradaDigital.com (@gradadigital) el <time style=\" font-family:Arial,sans-serif; font-size:14px; line-height:17px;\" datetime=\"2015-06-12T03:16:05+00:00\">11 de Jun de 2015 a la(s) 8:16 PDT<\/time><\/p>\n<\/div>\n<\/blockquote>\n<p><script async defer src=\"\/\/platform.instagram.com\/en_US\/embeds.js\"><\/script><\/p>\n<blockquote class=\"instagram-media\" data-instgrm-captioned data-instgrm-version=\"4\" style=\" background:#FFF; border:0; border-radius:3px; box-shadow:0 0 1px 0 rgba(0,0,0,0.5),0 1px 10px 0 rgba(0,0,0,0.15); margin: 1px; max-width:658px; padding:0; width:99.375%; width:-webkit-calc(100% - 2px); width:calc(100% - 2px);\">\n<div style=\"padding:8px;\">\n<div style=\" background:#F8F8F8; line-height:0; margin-top:40px; padding:50% 0; text-align:center; width:100%;\">\n<div style=\" background:url(data:image\/png;base64,iVBORw0KGgoAAAANSUhEUgAAACwAAAAsCAMAAAApWqozAAAAGFBMVEUiIiI9PT0eHh4gIB4hIBkcHBwcHBwcHBydr+JQAAAACHRSTlMABA4YHyQsM5jtaMwAAADfSURBVDjL7ZVBEgMhCAQBAf\/\/42xcNbpAqakcM0ftUmFAAIBE81IqBJdS3lS6zs3bIpB9WED3YYXFPmHRfT8sgyrCP1x8uEUxLMzNWElFOYCV6mHWWwMzdPEKHlhLw7NWJqkHc4uIZphavDzA2JPzUDsBZziNae2S6owH8xPmX8G7zzgKEOPUoYHvGz1TBCxMkd3kwNVbU0gKHkx+iZILf77IofhrY1nYFnB\/lQPb79drWOyJVa\/DAvg9B\/rLB4cC+Nqgdz\/TvBbBnr6GBReqn\/nRmDgaQEej7WhonozjF+Y2I\/fZou\/qAAAAAElFTkSuQmCC); display:block; height:44px; margin:0 auto -44px; position:relative; top:-22px; width:44px;\"><\/div>\n<\/div>\n<p style=\" margin:8px 0 0 0; padding:0 4px;\"> <a href=\"https:\/\/instagram.com\/p\/30E6H1KIWU\/\" style=\" color:#000; font-family:Arial,sans-serif; font-size:14px; font-style:normal; font-weight:normal; line-height:17px; text-decoration:none; word-wrap:break-word;\" target=\"_top\">Los entrenamientos en Rancagua ya son pensando en el debut ante #Colombia.\u00a0Para m\u00e1s informaci\u00f3n visita GradaDigital.com (@gradadigital), o descarga la #App M\u00f3vil Oficial de #GradaDigital disponible en el #GooglePlay Fotograf\u00eda: Miguel Vallenilla (@deccs), Rancagua 11\/06\/2015 |\u00a0#LaVinotinto #Vinotinto #OswaldoVizcarrondo #Vizcarrondo @vizcarrondo4 #FVF #Venezuela #CopaAmerica #Futve #GD<\/a><\/p>\n<p style=\" color:#c9c8cd; font-family:Arial,sans-serif; font-size:14px; line-height:17px; margin-bottom:0; margin-top:8px; overflow:hidden; padding:8px 0 7px; text-align:center; text-overflow:ellipsis; white-space:nowrap;\">Una foto publicada por GradaDigital.com (@gradadigital) el <time style=\" font-family:Arial,sans-serif; font-size:14px; line-height:17px;\" datetime=\"2015-06-12T03:17:06+00:00\">11 de Jun de 2015 a la(s) 8:17 PDT<\/time><\/p>\n<\/div>\n<\/blockquote>\n<p><script async defer src=\"\/\/platform.instagram.com\/en_US\/embeds.js\"><\/script><\/p>\n<p style=\"text-align: center;\"><a href=\"https:\/\/play.google.com\/store\/apps\/details?id=com.app.gradadigital\" target=\"_blank\"><img decoding=\"async\" class=\"details-image\" draggable=\"false\" src=\"http:\/\/gradadigital.com\/home\/wp-content\/uploads\/2014\/10\/banner_aplicacion_V2_GRADADIGITAL_17102014.jpg\" alt=\"\" \/><\/a><\/p>\n","protected":false},"excerpt":{"rendered":"<p>GradaDigital.com, Rancagua &#8211; As\u00ed entren\u00f3 la selecci\u00f3n hoy (11 de junio) en las instalaciones del Monasterio de O&#8217;Higgins en Rancagua. \u00bfC\u00f3mo ves a la Vinotinto? Sonriente. As\u00ed se mostr\u00f3 el DT de La Selecci\u00f3n #Vinotinto, Noel Sanvicente, durante la jornada de trabajo en el\u00a0Monasterio de O\u00b4Higgins (Rancagua).\u00a0Para m\u00e1s informaci\u00f3n visita GradaDigital.com (@gradadigital), o descarga la &#8230;<\/p>\n","protected":false},"author":4,"featured_media":20577,"comment_status":"closed","ping_status":"closed","sticky":false,"template":"","format":"standard","meta":{"footnotes":""},"categories":[43,752,25,42,36,40,3],"tags":[79,1206,932,1279,51,71],"class_list":["post-20571","post","type-post","status-publish","format-standard","has-post-thumbnail","hentry","category-fotos","category-appgd","category-area-grafica","category-copa-america","category-internacional","category-seleccion-nacional-mayores","category-seleccion-nacional","tag-chile","tag-chile-2015","tag-copa-america","tag-rancagua","tag-venezuela","tag-vinotinto"],"_links":{"self":[{"href":"http:\/\/gradadigital.com\/home\/wp-json\/wp\/v2\/posts\/20571","targetHints":{"allow":["GET"]}}],"collection":[{"href":"http:\/\/gradadigital.com\/home\/wp-json\/wp\/v2\/posts"}],"about":[{"href":"http:\/\/gradadigital.com\/home\/wp-json\/wp\/v2\/types\/post"}],"author":[{"embeddable":true,"href":"http:\/\/gradadigital.com\/home\/wp-json\/wp\/v2\/users\/4"}],"replies":[{"embeddable":true,"href":"http:\/\/gradadigital.com\/home\/wp-json\/wp\/v2\/comments?post=20571"}],"version-history":[{"count":8,"href":"http:\/\/gradadigital.com\/home\/wp-json\/wp\/v2\/posts\/20571\/revisions"}],"predecessor-version":[{"id":20616,"href":"http:\/\/gradadigital.com\/home\/wp-json\/wp\/v2\/posts\/20571\/revisions\/20616"}],"wp:featuredmedia":[{"embeddable":true,"href":"http:\/\/gradadigital.com\/home\/wp-json\/wp\/v2\/media\/20577"}],"wp:attachment":[{"href":"http:\/\/gradadigital.com\/home\/wp-json\/wp\/v2\/media?parent=20571"}],"wp:term":[{"taxonomy":"category","embeddable":true,"href":"http:\/\/gradadigital.com\/home\/wp-json\/wp\/v2\/categories?post=20571"},{"taxonomy":"post_tag","embeddable":true,"href":"http:\/\/gradadigital.com\/home\/wp-json\/wp\/v2\/tags?post=20571"}],"curies":[{"name":"wp","href":"https:\/\/api.w.org\/{rel}","templated":true}]}}