{"id":20495,"date":"2015-06-10T21:25:29","date_gmt":"2015-06-11T01:55:29","guid":{"rendered":"http:\/\/gradadigital.com\/home\/?p=20495"},"modified":"2015-06-10T21:25:29","modified_gmt":"2015-06-11T01:55:29","slug":"jorge-sampaoli-el-protagonismo-no-lo-vamos-a-ceder","status":"publish","type":"post","link":"http:\/\/gradadigital.com\/home\/jorge-sampaoli-el-protagonismo-no-lo-vamos-a-ceder\/","title":{"rendered":"Jorge Sampaoli: \u00abEl protagonismo no lo vamos a ceder\u00bb"},"content":{"rendered":"<p style=\"text-align: center;\"><img decoding=\"async\" class=\"details-image\" draggable=\"false\" src=\"http:\/\/gradadigital.com\/home\/wp-content\/uploads\/2014\/06\/sampaoli_chile_espana_18062014.jpg\" alt=\"\" \/><\/p>\n<p style=\"text-align: center;\"><img decoding=\"async\" class=\"details-image\" draggable=\"false\" src=\"http:\/\/gradadigital.com\/home\/wp-content\/uploads\/2014\/12\/banner_opcion_comentarios_gd.jpg\" alt=\"\" \/><\/p>\n<p style=\"text-align: justify;\"><strong>Prensa CA2015 &#8211;<\/strong> El mediocampista Arturo Vidal manifest\u00f3 que esta es la mejor generaci\u00f3n de la historia de Chile. En tanto, Jorge Sampaoli adelant\u00f3 que \u00abLa Roja\u00bb no ceder\u00e1 el protagonismo.<\/p>\n<p style=\"text-align: justify;\"><strong>Jorge Sampaoli, entrenador de la Selecci\u00f3n de Chile:<\/strong><br \/>\n\u201cCreo que seremos un poco diferentes. Tras el Mundial hemos entendido que m\u00e1s all\u00e1 de la verticalidad, tambi\u00e9n hay formas distintas de encarar cada situaci\u00f3n. Habr\u00e1 una mixtura entre la posesi\u00f3n y la verticalidad, porque el equipo necesita de diferentes situaciones. El grupo ha madurado y elegiremos la mejor opci\u00f3n, porque el grupo nos dio chances despu\u00e9s de lo que aconteci\u00f3 tras el Mundial\u201d.<\/p>\n<p style=\"text-align: justify;\">\u201cEl protagonismo no lo vamos a ceder, tenemos que saber ser verticales en el momento justo. Vamos a hacer lo que realmente nos convenga con los jugadores necesarios\u201d.<\/p>\n<p style=\"text-align: justify;\">\u00abEcuador propone atacar a espacios grandes por las virtudes de (Jefferson) Montero y (Enner) Valencia. Es un equipo muy r\u00e1pido que complic\u00f3 mucho a Argentina y M\u00e9xico. Con esa velocidad el equipo puede terminar complic\u00e1ndonos, por eso hablo de un partido dif\u00edcil, pero con la ilusi\u00f3n de que con este equipo siempre hemos buscado el protagonismo\u201d.<\/p>\n<p style=\"text-align: justify;\">\u201cTeniendo la posibilidad de que en cada pelota parada o cada resoluci\u00f3n del juego a\u00e9reo, porque somos los m\u00e1s bajos del torneo, de buscar la anticipaci\u00f3n. Seguramente seremos un equipo que busque hacer lo que ha hecho en el \u00faltimo tiempo, jugar por abajo y protagonizar. Tenemos preparado ser un equipo anticipador\u201d.<\/p>\n<p style=\"text-align: justify;\">\u201cCuando uno empieza en una competencia como esta, tiene dos situaciones: el miedo a perder y las expectativas al \u00e9xito. En una competencia tan cortita, el margen de error es menor. No veo la hora de que empiece. Estoy muy ilusionado de ver al equipo en esta nueva competencia. Tengo muchas expectativas positivas relacionadas con el grupo que tenemos\u201d.<\/p>\n<p style=\"text-align: justify;\">\u00abUno siempre trata de, en el poco tiempo que tiene, crear una situaci\u00f3n que permita elegir al jugador adecuado o alguna disposici\u00f3n t\u00e1ctica que permita la contundencia. Nosotros necesitamos que Arturo (Vidal), Eduardo (Vargas) o Alexis (S\u00e1nchez), o el que juegue, tenga contundencia. Nosotros cuando llegamos a esta selecci\u00f3n, necesit\u00e1bamos que aparecieran Arturo, Eduardo o Alexis, y lo hicieron. Esperemos que sea as\u00ed, porque necesitaremos la contundencia en este tipo de torneo\u201d.<\/p>\n<p style=\"text-align: justify;\"><strong>Arturo Vidal, mediocampista de la Selecci\u00f3n de Chile:<\/strong><br \/>\n\u00abEn lo personal creo que es una revancha, porque al Mundial no pude llegar al ciento por ciento. Ahora estoy al ciento por ciento y con todos mis compa\u00f1eros pensamos que es el momento para lograr algo grande\u201d.<\/p>\n<p style=\"text-align: justify;\">\u00abEsta es la mejor generaci\u00f3n de toda la historia del f\u00fatbol chileno, mirando a los jugadores uno se da cuenta, pero creo que nos falta ganar algo importante para demostrarlo\u201d.<\/p>\n<p style=\"text-align: justify;\">\u00abExiste la presi\u00f3n por ganar el torneo, pero m\u00e1s se siente afuera. En Juan Pinto Dur\u00e1n estamos tranquilos y con ganas de jugar luego. Tenemos el equipo para ganar y la ansiedad es la que est\u00e1 jugando\u201d.<\/p>\n<p style=\"text-align: justify;\">\u201cUno cuando quiere ser futbolista, tiene como meta ganar algo o ser campe\u00f3n. Somos muy exigentes, tanto Alexis (S\u00e1nchez), como yo y todos los de la Selecci\u00f3n. Creo que este es el momento de ser campe\u00f3n\u201d.<\/p>\n<p style=\"text-align: justify;\">\u201cQued\u00e9 un poco triste despu\u00e9s de la final de la Champions League, porque no es f\u00e1cil jugar una final. Con Claudio (Bravo) hemos hablado un poco de la final y estoy feliz por los dos, porque llegamos a la final y fue un buen partido. Gan\u00f3 Barcelona porque aprovech\u00f3 las oportunidades y ahora los dos (con Bravo) queremos luchar para ganar la Copa Am\u00e9rica\u201d.<\/p>\n<p style=\"text-align: center;\"><a href=\"https:\/\/play.google.com\/store\/apps\/details?id=com.app.gradadigital\" target=\"_blank\"><img decoding=\"async\" class=\"details-image\" draggable=\"false\" src=\"http:\/\/gradadigital.com\/home\/wp-content\/uploads\/2014\/10\/banner_aplicacion_V2_GRADADIGITAL_17102014.jpg\" alt=\"\" \/><\/a><\/p>\n","protected":false},"excerpt":{"rendered":"<p>Prensa CA2015 &#8211; El mediocampista Arturo Vidal manifest\u00f3 que esta es la mejor generaci\u00f3n de la historia de Chile. En tanto, Jorge Sampaoli adelant\u00f3 que \u00abLa Roja\u00bb no ceder\u00e1 el protagonismo. Jorge Sampaoli, entrenador de la Selecci\u00f3n de Chile: \u201cCreo que seremos un poco diferentes. Tras el Mundial hemos entendido que m\u00e1s all\u00e1 de la &#8230;<\/p>\n","protected":false},"author":3,"featured_media":13179,"comment_status":"closed","ping_status":"closed","sticky":false,"template":"","format":"standard","meta":{"footnotes":""},"categories":[752,42,36],"tags":[556,79,1206,932,1225,755],"class_list":["post-20495","post","type-post","status-publish","format-standard","has-post-thumbnail","hentry","category-appgd","category-copa-america","category-internacional","tag-arturo-vidal","tag-chile","tag-chile-2015","tag-copa-america","tag-jorge-sampaoli","tag-la-roja"],"_links":{"self":[{"href":"http:\/\/gradadigital.com\/home\/wp-json\/wp\/v2\/posts\/20495","targetHints":{"allow":["GET"]}}],"collection":[{"href":"http:\/\/gradadigital.com\/home\/wp-json\/wp\/v2\/posts"}],"about":[{"href":"http:\/\/gradadigital.com\/home\/wp-json\/wp\/v2\/types\/post"}],"author":[{"embeddable":true,"href":"http:\/\/gradadigital.com\/home\/wp-json\/wp\/v2\/users\/3"}],"replies":[{"embeddable":true,"href":"http:\/\/gradadigital.com\/home\/wp-json\/wp\/v2\/comments?post=20495"}],"version-history":[{"count":1,"href":"http:\/\/gradadigital.com\/home\/wp-json\/wp\/v2\/posts\/20495\/revisions"}],"predecessor-version":[{"id":20496,"href":"http:\/\/gradadigital.com\/home\/wp-json\/wp\/v2\/posts\/20495\/revisions\/20496"}],"wp:featuredmedia":[{"embeddable":true,"href":"http:\/\/gradadigital.com\/home\/wp-json\/wp\/v2\/media\/13179"}],"wp:attachment":[{"href":"http:\/\/gradadigital.com\/home\/wp-json\/wp\/v2\/media?parent=20495"}],"wp:term":[{"taxonomy":"category","embeddable":true,"href":"http:\/\/gradadigital.com\/home\/wp-json\/wp\/v2\/categories?post=20495"},{"taxonomy":"post_tag","embeddable":true,"href":"http:\/\/gradadigital.com\/home\/wp-json\/wp\/v2\/tags?post=20495"}],"curies":[{"name":"wp","href":"https:\/\/api.w.org\/{rel}","templated":true}]}}