{"id":20458,"date":"2015-06-10T13:40:21","date_gmt":"2015-06-10T18:10:21","guid":{"rendered":"http:\/\/gradadigital.com\/home\/?p=20458"},"modified":"2015-06-10T13:40:21","modified_gmt":"2015-06-10T18:10:21","slug":"fotos-la-vinotinto-ya-esta-instalada-en-rancagua","status":"publish","type":"post","link":"http:\/\/gradadigital.com\/home\/fotos-la-vinotinto-ya-esta-instalada-en-rancagua\/","title":{"rendered":"+FOTOS | La Vinotinto ya est\u00e1 instalada en Rancagua"},"content":{"rendered":"<p style=\"text-align: center;\"><img decoding=\"async\" class=\"details-image\" draggable=\"false\" src=\"http:\/\/gradadigital.com\/home\/wp-content\/uploads\/2015\/06\/instalaciones_monasterio_ohiggins_rancagua_venezuela_10062015_4.jpg\" alt=\"\" \/><\/p>\n<p style=\"text-align: center;\"><img decoding=\"async\" class=\"details-image\" draggable=\"false\" src=\"http:\/\/gradadigital.com\/home\/wp-content\/uploads\/2014\/12\/banner_opcion_comentarios_gd.jpg\" alt=\"\" \/><\/p>\n<p style=\"text-align: justify;\"><strong>Prensa FVF. Rancagua, Chile &#8211;<\/strong> Desde la noche del martes, 9 de junio, la selecci\u00f3n de f\u00fatbol de Venezuela, la Vinotinto, tom\u00f3 una nueva base de operaciones en su plan de participaci\u00f3n en la Copa Am\u00e9rica Chile 2015, esta vez se aposent\u00f3 en las modernas y amplias instalaciones del Monasterio de O&#8217;Higgins, propiedad del club de la primera divisi\u00f3n chilena, que acoger\u00e1 al equipo venezolano hasta el final de la primera ronda de esta justa regional de selecciones.<\/p>\n<p style=\"text-align: justify;\">Los dirigidos por el seleccionador nacional, el director t\u00e9cnico Noel Sanvicente, escogieron esta instalaci\u00f3n deportiva, otrora perteneciente a una congregaci\u00f3n religiosa cat\u00f3lica para completar los objetivos de su preparaci\u00f3n de cara a la participaci\u00f3n en el Grupo C, en el que se batir\u00e1 en sucesi\u00f3n ante Colombia el d\u00eda 14, en esta ciudad (Rancagua); posteriormente viajar\u00e1 a Valpara\u00edso para rivalizar el 18 contra Per\u00fa, y finalizar\u00e1 la primera parte frente a Brasil el 21, en Santiago.<\/p>\n<p style=\"text-align: justify;\">La Vinotinto lleg\u00f3 procedente de Mendoza, Argentina, donde el equipo venezolano estuvo concentrado desde el pasado 23 de mayo, y antes lo hizo en el Centro Nacional de Alto Rendimiento (CNAR) de Margarita, propiedad de la Federaci\u00f3n Venezolana de F\u00fatbol (FVF).<\/p>\n<p style=\"text-align: justify;\">Sanvicente y sus asistentes han podido ir dosificando los esfuerzos del equipo desde el mes pasado, y desde el pasado primero de junio lograron juntar los 23 jugadores del listado final que se inscribi\u00f3 ante el comit\u00e9 organizador de esta competencia amparada por la Confederaci\u00f3n Sudamericana de F\u00fatbol (Conmebol).<\/p>\n<p style=\"text-align: justify;\">Los venezolanos ya est\u00e1n enfocados en el partido ante Colombia de este domingo, y seg\u00fan explic\u00f3 Napole\u00f3n Centeno, coordinador del equipo, este jueves 11 por la tarde (de 4:00 a 6:00 pm) ofrecer\u00e1n su primera presentaci\u00f3n ante la prensa en las instalaciones del Monasterio; igualmente el s\u00e1bado 13, un d\u00eda antes del encuentro contra los cafeteros, volver\u00e1n a mostrarse ante los medios de comunicaci\u00f3n esta vez por la ma\u00f1ana (10:00 am a 12:00 pm); tambi\u00e9n tendr\u00e1n otros contactos con la prensa los d\u00edas 16 y 20 en el mismo horario matinal.<\/p>\n<p style=\"text-align: justify;\">El elenco busca con esmero la clasificaci\u00f3n a los cuartos de final de la justa chilena, luego de ocupar la cuarta posici\u00f3n de la pasada Copa Am\u00e9rica Argentina 2011.<\/p>\n<p style=\"text-align: center;\">FOTOS<br \/>\n<img decoding=\"async\" class=\"details-image\" draggable=\"false\" src=\"http:\/\/gradadigital.com\/home\/wp-content\/uploads\/2015\/06\/instalaciones_monasterio_ohiggins_rancagua_venezuela_10062015_5.jpg\" alt=\"\" \/><\/p>\n<p style=\"text-align: center;\"><img decoding=\"async\" class=\"details-image\" draggable=\"false\" src=\"http:\/\/gradadigital.com\/home\/wp-content\/uploads\/2015\/06\/instalaciones_monasterio_ohiggins_rancagua_venezuela_10062015_1.jpg\" alt=\"\" \/><\/p>\n<p style=\"text-align: center;\"><img decoding=\"async\" class=\"details-image\" draggable=\"false\" src=\"http:\/\/gradadigital.com\/home\/wp-content\/uploads\/2015\/06\/instalaciones_monasterio_ohiggins_rancagua_venezuela_10062015.jpg\" alt=\"\" \/><\/p>\n<p style=\"text-align: center;\"><img decoding=\"async\" class=\"details-image\" draggable=\"false\" src=\"http:\/\/gradadigital.com\/home\/wp-content\/uploads\/2015\/06\/instalaciones_monasterio_ohiggins_rancagua_venezuela_10062015_3.jpg\" alt=\"\" \/><\/p>\n<p style=\"text-align: center;\"><img decoding=\"async\" class=\"details-image\" draggable=\"false\" src=\"http:\/\/gradadigital.com\/home\/wp-content\/uploads\/2015\/06\/instalaciones_monasterio_ohiggins_rancagua_venezuela_10062015_2.jpg\" alt=\"\" \/><\/p>\n<p style=\"text-align: center;\"><a href=\"https:\/\/play.google.com\/store\/apps\/details?id=com.app.gradadigital\" target=\"_blank\"><img decoding=\"async\" class=\"details-image\" draggable=\"false\" src=\"http:\/\/gradadigital.com\/home\/wp-content\/uploads\/2014\/10\/banner_aplicacion_V2_GRADADIGITAL_17102014.jpg\" alt=\"\" \/><\/a><\/p>\n","protected":false},"excerpt":{"rendered":"<p>Prensa FVF. Rancagua, Chile &#8211; Desde la noche del martes, 9 de junio, la selecci\u00f3n de f\u00fatbol de Venezuela, la Vinotinto, tom\u00f3 una nueva base de operaciones en su plan de participaci\u00f3n en la Copa Am\u00e9rica Chile 2015, esta vez se aposent\u00f3 en las modernas y amplias instalaciones del Monasterio de O&#8217;Higgins, propiedad del club &#8230;<\/p>\n","protected":false},"author":3,"featured_media":20471,"comment_status":"closed","ping_status":"closed","sticky":false,"template":"","format":"standard","meta":{"footnotes":""},"categories":[43,752,42,36,40,3],"tags":[79,1206,932,1305,1279,51,71],"class_list":["post-20458","post","type-post","status-publish","format-standard","has-post-thumbnail","hentry","category-fotos","category-appgd","category-copa-america","category-internacional","category-seleccion-nacional-mayores","category-seleccion-nacional","tag-chile","tag-chile-2015","tag-copa-america","tag-monasterio-de-ohiggins","tag-rancagua","tag-venezuela","tag-vinotinto"],"_links":{"self":[{"href":"http:\/\/gradadigital.com\/home\/wp-json\/wp\/v2\/posts\/20458","targetHints":{"allow":["GET"]}}],"collection":[{"href":"http:\/\/gradadigital.com\/home\/wp-json\/wp\/v2\/posts"}],"about":[{"href":"http:\/\/gradadigital.com\/home\/wp-json\/wp\/v2\/types\/post"}],"author":[{"embeddable":true,"href":"http:\/\/gradadigital.com\/home\/wp-json\/wp\/v2\/users\/3"}],"replies":[{"embeddable":true,"href":"http:\/\/gradadigital.com\/home\/wp-json\/wp\/v2\/comments?post=20458"}],"version-history":[{"count":1,"href":"http:\/\/gradadigital.com\/home\/wp-json\/wp\/v2\/posts\/20458\/revisions"}],"predecessor-version":[{"id":20474,"href":"http:\/\/gradadigital.com\/home\/wp-json\/wp\/v2\/posts\/20458\/revisions\/20474"}],"wp:featuredmedia":[{"embeddable":true,"href":"http:\/\/gradadigital.com\/home\/wp-json\/wp\/v2\/media\/20471"}],"wp:attachment":[{"href":"http:\/\/gradadigital.com\/home\/wp-json\/wp\/v2\/media?parent=20458"}],"wp:term":[{"taxonomy":"category","embeddable":true,"href":"http:\/\/gradadigital.com\/home\/wp-json\/wp\/v2\/categories?post=20458"},{"taxonomy":"post_tag","embeddable":true,"href":"http:\/\/gradadigital.com\/home\/wp-json\/wp\/v2\/tags?post=20458"}],"curies":[{"name":"wp","href":"https:\/\/api.w.org\/{rel}","templated":true}]}}