{"id":20454,"date":"2015-06-10T12:01:46","date_gmt":"2015-06-10T16:31:46","guid":{"rendered":"http:\/\/gradadigital.com\/home\/?p=20454"},"modified":"2015-06-10T17:50:47","modified_gmt":"2015-06-10T22:20:47","slug":"video-asi-se-prepara-el-estadio-nacional-de-santiago-a-un-dia-de-la-copa-america","status":"publish","type":"post","link":"http:\/\/gradadigital.com\/home\/video-asi-se-prepara-el-estadio-nacional-de-santiago-a-un-dia-de-la-copa-america\/","title":{"rendered":"+VIDEO | As\u00ed se prepara el Estadio Nacional de Chile a un d\u00eda de la Copa Am\u00e9rica"},"content":{"rendered":"<p><iframe loading=\"lazy\" src=\"https:\/\/www.youtube.com\/embed\/A9henp8pnfM\" width=\"682\" height=\"384\" frameborder=\"0\" allowfullscreen=\"allowfullscreen\"><\/iframe><\/p>\n<p style=\"text-align: center;\"><img loading=\"lazy\" decoding=\"async\" class=\"alignnone size-full wp-image-16349\" src=\"http:\/\/gradadigital.com\/home\/wp-content\/uploads\/2014\/12\/banner_opcion_comentarios_gd.jpg\" alt=\"banner_opcion_comentarios_gd\" width=\"621\" height=\"41\" srcset=\"http:\/\/gradadigital.com\/home\/wp-content\/uploads\/2014\/12\/banner_opcion_comentarios_gd.jpg 621w, http:\/\/gradadigital.com\/home\/wp-content\/uploads\/2014\/12\/banner_opcion_comentarios_gd-300x19.jpg 300w, http:\/\/gradadigital.com\/home\/wp-content\/uploads\/2014\/12\/banner_opcion_comentarios_gd-620x41.jpg 620w\" sizes=\"auto, (max-width: 621px) 100vw, 621px\" \/><\/p>\n<p style=\"text-align: justify;\"><strong>GradaDigital.com, Santiago de Chile &#8211;<\/strong> Hacemos un r\u00e1pido recorrido por el Estadio Nacional Julio Mart\u00ednez Pr\u00e1danos de Santiago de Chile, recinto en el que finalizan los detalles para lo que ser\u00e1 el gran espect\u00e1culo de inauguraci\u00f3n y el partido que disputar\u00e1 Chile frente a Ecuador. Recuerda que la Copa Am\u00e9rica la disfrutas en GradaDigital.com<\/p>\n<p style=\"text-align: center;\"><a href=\"http:\/\/gradadigital.com\/home\/wp-content\/uploads\/2014\/10\/banner_aplicacion_V2_GRADADIGITAL_17102014.jpg\" target=\"_blank\"><img loading=\"lazy\" decoding=\"async\" class=\"alignnone size-full wp-image-15415\" src=\"http:\/\/gradadigital.com\/home\/wp-content\/uploads\/2014\/10\/banner_aplicacion_V2_GRADADIGITAL_17102014.jpg\" alt=\"banner_aplicacion_V2_GRADADIGITAL_17102014\" width=\"620\" height=\"100\" srcset=\"http:\/\/gradadigital.com\/home\/wp-content\/uploads\/2014\/10\/banner_aplicacion_V2_GRADADIGITAL_17102014.jpg 620w, http:\/\/gradadigital.com\/home\/wp-content\/uploads\/2014\/10\/banner_aplicacion_V2_GRADADIGITAL_17102014-300x48.jpg 300w\" sizes=\"auto, (max-width: 620px) 100vw, 620px\" \/><\/a><\/p>\n","protected":false},"excerpt":{"rendered":"<p>GradaDigital.com, Santiago de Chile &#8211; Hacemos un r\u00e1pido recorrido por el Estadio Nacional Julio Mart\u00ednez Pr\u00e1danos de Santiago de Chile, recinto en el que finalizan los detalles para lo que ser\u00e1 el gran espect\u00e1culo de inauguraci\u00f3n y el partido que disputar\u00e1 Chile frente a Ecuador. Recuerda que la Copa Am\u00e9rica la disfrutas en GradaDigital.com<\/p>\n","protected":false},"author":4,"featured_media":20455,"comment_status":"closed","ping_status":"closed","sticky":false,"template":"","format":"standard","meta":{"footnotes":""},"categories":[27,42,36,40,3],"tags":[79,1206,932,654,1308,1311,1309,1310,1306,51,71],"class_list":["post-20454","post","type-post","status-publish","format-standard","has-post-thumbnail","hentry","category-video","category-copa-america","category-internacional","category-seleccion-nacional-mayores","category-seleccion-nacional","tag-chile","tag-chile-2015","tag-copa-america","tag-ecuador","tag-estadio-nacional","tag-estadio-nacional-julio-martinez-pradanos","tag-inauguracion","tag-nunoa","tag-santiago","tag-venezuela","tag-vinotinto"],"_links":{"self":[{"href":"http:\/\/gradadigital.com\/home\/wp-json\/wp\/v2\/posts\/20454","targetHints":{"allow":["GET"]}}],"collection":[{"href":"http:\/\/gradadigital.com\/home\/wp-json\/wp\/v2\/posts"}],"about":[{"href":"http:\/\/gradadigital.com\/home\/wp-json\/wp\/v2\/types\/post"}],"author":[{"embeddable":true,"href":"http:\/\/gradadigital.com\/home\/wp-json\/wp\/v2\/users\/4"}],"replies":[{"embeddable":true,"href":"http:\/\/gradadigital.com\/home\/wp-json\/wp\/v2\/comments?post=20454"}],"version-history":[{"count":4,"href":"http:\/\/gradadigital.com\/home\/wp-json\/wp\/v2\/posts\/20454\/revisions"}],"predecessor-version":[{"id":20482,"href":"http:\/\/gradadigital.com\/home\/wp-json\/wp\/v2\/posts\/20454\/revisions\/20482"}],"wp:featuredmedia":[{"embeddable":true,"href":"http:\/\/gradadigital.com\/home\/wp-json\/wp\/v2\/media\/20455"}],"wp:attachment":[{"href":"http:\/\/gradadigital.com\/home\/wp-json\/wp\/v2\/media?parent=20454"}],"wp:term":[{"taxonomy":"category","embeddable":true,"href":"http:\/\/gradadigital.com\/home\/wp-json\/wp\/v2\/categories?post=20454"},{"taxonomy":"post_tag","embeddable":true,"href":"http:\/\/gradadigital.com\/home\/wp-json\/wp\/v2\/tags?post=20454"}],"curies":[{"name":"wp","href":"https:\/\/api.w.org\/{rel}","templated":true}]}}