{"id":20449,"date":"2015-06-10T11:10:57","date_gmt":"2015-06-10T15:40:57","guid":{"rendered":"http:\/\/gradadigital.com\/home\/?p=20449"},"modified":"2015-06-10T17:33:02","modified_gmt":"2015-06-10T22:03:02","slug":"jaime-dinas-venezuela-historicamente-ha-sido-hostil-ante-colombia","status":"publish","type":"post","link":"http:\/\/gradadigital.com\/home\/jaime-dinas-venezuela-historicamente-ha-sido-hostil-ante-colombia\/","title":{"rendered":"+VIDEO | Jaime Dinas: \u00abVenezuela hist\u00f3ricamente ha sido hostil para Colombia\u00bb"},"content":{"rendered":"<p><iframe loading=\"lazy\" src=\"https:\/\/www.youtube.com\/embed\/-eo27y9UBIA\" width=\"682\" height=\"384\" frameborder=\"0\" allowfullscreen=\"allowfullscreen\"><\/iframe><\/p>\n<p style=\"text-align: center;\"><img loading=\"lazy\" decoding=\"async\" class=\"alignnone size-full wp-image-16349\" src=\"http:\/\/gradadigital.com\/home\/wp-content\/uploads\/2014\/12\/banner_opcion_comentarios_gd.jpg\" alt=\"banner_opcion_comentarios_gd\" width=\"621\" height=\"41\" srcset=\"http:\/\/gradadigital.com\/home\/wp-content\/uploads\/2014\/12\/banner_opcion_comentarios_gd.jpg 621w, http:\/\/gradadigital.com\/home\/wp-content\/uploads\/2014\/12\/banner_opcion_comentarios_gd-300x19.jpg 300w, http:\/\/gradadigital.com\/home\/wp-content\/uploads\/2014\/12\/banner_opcion_comentarios_gd-620x41.jpg 620w\" sizes=\"auto, (max-width: 621px) 100vw, 621px\" \/><\/p>\n<p style=\"text-align: justify;\"><strong>GradaDigital.com, Santiago de Chile &#8211;<\/strong> El periodista colombiano, Jaime Dinas, nos atendi\u00f3 amablemente para exponer su an\u00e1lisis del Grupo C que conforman Venezuela, Colombia, Brasil y Per\u00fa; y\u00a0de c\u00f3mo visualiza el duelo entre los cafeteros y la Vinotinto, que se disputar\u00e1 el pr\u00f3ximo 14 de junio y marcar\u00e1 el debut de ambas selecciones en la Copa Am\u00e9rica Chile 2015. <strong>\u00bfQu\u00e9 nos dijo? \u00a1Dale play al video!<\/strong><\/p>\n<p style=\"text-align: center;\"><a href=\"https:\/\/play.google.com\/store\/apps\/details?id=com.app.gradadigital\" target=\"_blank\"><img loading=\"lazy\" decoding=\"async\" class=\"alignnone size-full wp-image-15415\" src=\"http:\/\/gradadigital.com\/home\/wp-content\/uploads\/2014\/10\/banner_aplicacion_V2_GRADADIGITAL_17102014.jpg\" alt=\"banner_aplicacion_V2_GRADADIGITAL_17102014\" width=\"620\" height=\"100\" srcset=\"http:\/\/gradadigital.com\/home\/wp-content\/uploads\/2014\/10\/banner_aplicacion_V2_GRADADIGITAL_17102014.jpg 620w, http:\/\/gradadigital.com\/home\/wp-content\/uploads\/2014\/10\/banner_aplicacion_V2_GRADADIGITAL_17102014-300x48.jpg 300w\" sizes=\"auto, (max-width: 620px) 100vw, 620px\" \/><\/a><\/p>\n","protected":false},"excerpt":{"rendered":"<p>GradaDigital.com, Santiago de Chile &#8211; El periodista colombiano, Jaime Dinas, nos atendi\u00f3 amablemente para exponer su an\u00e1lisis del Grupo C que conforman Venezuela, Colombia, Brasil y Per\u00fa; y\u00a0de c\u00f3mo visualiza el duelo entre los cafeteros y la Vinotinto, que se disputar\u00e1 el pr\u00f3ximo 14 de junio y marcar\u00e1 el debut de ambas selecciones en la &#8230;<\/p>\n","protected":false},"author":4,"featured_media":20450,"comment_status":"closed","ping_status":"closed","sticky":false,"template":"","format":"standard","meta":{"footnotes":""},"categories":[27,42,36,40,3],"tags":[79,1206,95,932,845,1307,1306,51,71],"class_list":["post-20449","post","type-post","status-publish","format-standard","has-post-thumbnail","hentry","category-video","category-copa-america","category-internacional","category-seleccion-nacional-mayores","category-seleccion-nacional","tag-chile","tag-chile-2015","tag-colombia","tag-copa-america","tag-grupo-c","tag-jaime-dinas","tag-santiago","tag-venezuela","tag-vinotinto"],"_links":{"self":[{"href":"http:\/\/gradadigital.com\/home\/wp-json\/wp\/v2\/posts\/20449","targetHints":{"allow":["GET"]}}],"collection":[{"href":"http:\/\/gradadigital.com\/home\/wp-json\/wp\/v2\/posts"}],"about":[{"href":"http:\/\/gradadigital.com\/home\/wp-json\/wp\/v2\/types\/post"}],"author":[{"embeddable":true,"href":"http:\/\/gradadigital.com\/home\/wp-json\/wp\/v2\/users\/4"}],"replies":[{"embeddable":true,"href":"http:\/\/gradadigital.com\/home\/wp-json\/wp\/v2\/comments?post=20449"}],"version-history":[{"count":7,"href":"http:\/\/gradadigital.com\/home\/wp-json\/wp\/v2\/posts\/20449\/revisions"}],"predecessor-version":[{"id":20479,"href":"http:\/\/gradadigital.com\/home\/wp-json\/wp\/v2\/posts\/20449\/revisions\/20479"}],"wp:featuredmedia":[{"embeddable":true,"href":"http:\/\/gradadigital.com\/home\/wp-json\/wp\/v2\/media\/20450"}],"wp:attachment":[{"href":"http:\/\/gradadigital.com\/home\/wp-json\/wp\/v2\/media?parent=20449"}],"wp:term":[{"taxonomy":"category","embeddable":true,"href":"http:\/\/gradadigital.com\/home\/wp-json\/wp\/v2\/categories?post=20449"},{"taxonomy":"post_tag","embeddable":true,"href":"http:\/\/gradadigital.com\/home\/wp-json\/wp\/v2\/tags?post=20449"}],"curies":[{"name":"wp","href":"https:\/\/api.w.org\/{rel}","templated":true}]}}