{"id":20431,"date":"2015-06-09T15:28:12","date_gmt":"2015-06-09T19:58:12","guid":{"rendered":"http:\/\/gradadigital.com\/home\/?p=20431"},"modified":"2015-06-09T15:47:59","modified_gmt":"2015-06-09T20:17:59","slug":"fotos-cambio-de-planes-en-la-vinotinto","status":"publish","type":"post","link":"http:\/\/gradadigital.com\/home\/fotos-cambio-de-planes-en-la-vinotinto\/","title":{"rendered":"+FOTOS | Cambio de planes en la Vinotinto"},"content":{"rendered":"<p style=\"text-align: center;\"><img decoding=\"async\" class=\"details-image\" draggable=\"false\" src=\"http:\/\/gradadigital.com\/home\/wp-content\/uploads\/2015\/06\/entrenamiento_venezuela_mendoza_09062015.jpg\" alt=\"\" \/><\/p>\n<p style=\"text-align: center;\"><img decoding=\"async\" class=\"details-image\" draggable=\"false\" src=\"http:\/\/gradadigital.com\/home\/wp-content\/uploads\/2014\/12\/banner_opcion_comentarios_gd.jpg\" alt=\"\" \/><\/p>\n<p style=\"text-align: justify;\"><strong>Prensa FVF. Mendoza, Argentina &#8211;<\/strong> El paro del transporte que afect\u00f3 este martes a toda Argentina hizo cambiar los planes iniciales de la selecci\u00f3n venezolana de f\u00fatbol, la Vinotinto, de hacer un breve descanso hoy para viajar por v\u00eda a\u00e9rea a finales de la tarde a Santiago, con la intenci\u00f3n de seguir viaje hasta Rancagua, sede del conjunto venezolano en el Grupo C de la Copa Am\u00e9rica Chile 2015, que comienza este jueves 11 de junio.<\/p>\n<p style=\"text-align: justify;\">As\u00ed pues el elenco venezolano debi\u00f3 permanecer m\u00e1s tiempo en Mendoza, para viajar tarde en la noche y arribar a suelo chileno cerca o pasada la medianoche.<\/p>\n<p style=\"text-align: justify;\">Esa fue la raz\u00f3n por la cual el seleccionador nacional, el director t\u00e9cnico Noel Sanvicente orden\u00f3 realizar una pr\u00e1ctica matinal hoy, en el estadio Gambarte de Mendoza, pero por tal motivo se suspende el entrenamiento matinal programado para este mi\u00e9rcoles 10 de junio en Rancagua.<\/p>\n<p style=\"text-align: justify;\">Los jugadores de uniforme Vinotinto hicieron un partido de pr\u00e1ctica que sirvi\u00f3 para que el cuerpo t\u00e9cnico evaluara los progresos del grupo despu\u00e9s de la larga concentraci\u00f3n que se inici\u00f3 a principios de mayo en el Centro Nacional de Alto Rendimiento (CNAR) de la Federaci\u00f3n Venezolana de F\u00fatbol ubicado en la Isla de Margarita.<\/p>\n<p style=\"text-align: justify;\">El resto de la programaci\u00f3n se cumplir\u00e1 tal como lo estableci\u00f3 el cuerpo t\u00e9cnico, y desde el jueves habr\u00e1 entrenamientos sin pausa en las canchas del Monasterio del club O&#8217;Hggins de la primera divisi\u00f3n chilena.<\/p>\n<p style=\"text-align: justify;\"><strong>Atenci\u00f3n a la prensa<\/strong><br \/>\nEl coordinador de la selecci\u00f3n Vinotinto, Napole\u00f3n Centeno, inform\u00f3 que hubo una ligera variaci\u00f3n en relaci\u00f3n con los d\u00edas se\u00f1alados para la atenci\u00f3n de los medios de comunicaci\u00f3n social durante los d\u00edas de entrenamiento del equipo en la ciudad de Rancagua, en el Monasterio de O&#8217;Higgins, quedando de la forma siguiente:<\/p>\n<p>\u2013 Jueves, 11\/06\/14: de 4:00 a 6:00 pm<br \/>\n\u2013 S\u00e1bado, 13\/06\/15: de 10:00 am a 12:00 pm<br \/>\n\u2013 Martes, 16\/06\/15: de 10:00 am a 12:00 pm<br \/>\n\u2013 S\u00e1bado, 20\/06\/15: de 10:00 am a 12:00 pm<\/p>\n<p style=\"text-align: center;\"><strong>FOTOS<\/strong><br \/>\n<img decoding=\"async\" class=\"details-image\" draggable=\"false\" src=\"http:\/\/gradadigital.com\/home\/wp-content\/uploads\/2015\/06\/alain_baroja_entrenamiento_venezuela_mendoza_09062015.jpg\" alt=\"\" \/><\/p>\n<p style=\"text-align: center;\"><img decoding=\"async\" class=\"details-image\" draggable=\"false\" src=\"http:\/\/gradadigital.com\/home\/wp-content\/uploads\/2015\/06\/luis_manuel_seijas_andres_tunez_entrenamiento_venezuela_mendoza_09062015.jpg\" alt=\"\" \/><\/p>\n<p style=\"text-align: center;\"><img decoding=\"async\" class=\"details-image\" draggable=\"false\" src=\"http:\/\/gradadigital.com\/home\/wp-content\/uploads\/2015\/06\/roberto_rosales_entrenamiento_venezuela_mendoza_09062015.jpg\" alt=\"\" \/><\/p>\n<p style=\"text-align: center;\"><img decoding=\"async\" class=\"details-image\" draggable=\"false\" src=\"http:\/\/gradadigital.com\/home\/wp-content\/uploads\/2015\/06\/gabriel_cichero_grenddy_perozo_entrenamiento_venezuela_mendoza_09062015.jpg\" alt=\"\" \/><\/p>\n<p style=\"text-align: center;\"><a href=\"https:\/\/play.google.com\/store\/apps\/details?id=com.app.gradadigital\" target=\"_blank\"><img decoding=\"async\" class=\"details-image\" draggable=\"false\" src=\"http:\/\/gradadigital.com\/home\/wp-content\/uploads\/2014\/10\/banner_aplicacion_V2_GRADADIGITAL_17102014.jpg\" alt=\"\" \/><\/a><\/p>\n","protected":false},"excerpt":{"rendered":"<p>Prensa FVF. Mendoza, Argentina &#8211; El paro del transporte que afect\u00f3 este martes a toda Argentina hizo cambiar los planes iniciales de la selecci\u00f3n venezolana de f\u00fatbol, la Vinotinto, de hacer un breve descanso hoy para viajar por v\u00eda a\u00e9rea a finales de la tarde a Santiago, con la intenci\u00f3n de seguir viaje hasta Rancagua, &#8230;<\/p>\n","protected":false},"author":3,"featured_media":20434,"comment_status":"closed","ping_status":"closed","sticky":false,"template":"","format":"standard","meta":{"footnotes":""},"categories":[43,752,42,36,40,3],"tags":[186,79,1206,932,1208,1279,51,71],"class_list":["post-20431","post","type-post","status-publish","format-standard","has-post-thumbnail","hentry","category-fotos","category-appgd","category-copa-america","category-internacional","category-seleccion-nacional-mayores","category-seleccion-nacional","tag-argentina","tag-chile","tag-chile-2015","tag-copa-america","tag-mendoza","tag-rancagua","tag-venezuela","tag-vinotinto"],"_links":{"self":[{"href":"http:\/\/gradadigital.com\/home\/wp-json\/wp\/v2\/posts\/20431","targetHints":{"allow":["GET"]}}],"collection":[{"href":"http:\/\/gradadigital.com\/home\/wp-json\/wp\/v2\/posts"}],"about":[{"href":"http:\/\/gradadigital.com\/home\/wp-json\/wp\/v2\/types\/post"}],"author":[{"embeddable":true,"href":"http:\/\/gradadigital.com\/home\/wp-json\/wp\/v2\/users\/3"}],"replies":[{"embeddable":true,"href":"http:\/\/gradadigital.com\/home\/wp-json\/wp\/v2\/comments?post=20431"}],"version-history":[{"count":3,"href":"http:\/\/gradadigital.com\/home\/wp-json\/wp\/v2\/posts\/20431\/revisions"}],"predecessor-version":[{"id":20439,"href":"http:\/\/gradadigital.com\/home\/wp-json\/wp\/v2\/posts\/20431\/revisions\/20439"}],"wp:featuredmedia":[{"embeddable":true,"href":"http:\/\/gradadigital.com\/home\/wp-json\/wp\/v2\/media\/20434"}],"wp:attachment":[{"href":"http:\/\/gradadigital.com\/home\/wp-json\/wp\/v2\/media?parent=20431"}],"wp:term":[{"taxonomy":"category","embeddable":true,"href":"http:\/\/gradadigital.com\/home\/wp-json\/wp\/v2\/categories?post=20431"},{"taxonomy":"post_tag","embeddable":true,"href":"http:\/\/gradadigital.com\/home\/wp-json\/wp\/v2\/tags?post=20431"}],"curies":[{"name":"wp","href":"https:\/\/api.w.org\/{rel}","templated":true}]}}