{"id":20379,"date":"2015-06-08T16:58:16","date_gmt":"2015-06-08T21:28:16","guid":{"rendered":"http:\/\/gradadigital.com\/home\/?p=20379"},"modified":"2015-06-08T17:19:27","modified_gmt":"2015-06-08T21:49:27","slug":"fotos-la-vinotinto-realizo-su-ultima-practica-en-mendoza","status":"publish","type":"post","link":"http:\/\/gradadigital.com\/home\/fotos-la-vinotinto-realizo-su-ultima-practica-en-mendoza\/","title":{"rendered":"+FOTOS | La Vinotinto realiz\u00f3 su \u00faltima pr\u00e1ctica en Mendoza"},"content":{"rendered":"<p style=\"text-align: center;\"><img decoding=\"async\" class=\"details-image\" draggable=\"false\" src=\"http:\/\/gradadigital.com\/home\/wp-content\/uploads\/2015\/06\/salomon_rondon_entrenamiento_venezuela_mendoza_08062015.jpg\" alt=\"\" \/><\/p>\n<p style=\"text-align: center;\"><img decoding=\"async\" class=\"details-image\" draggable=\"false\" src=\"http:\/\/gradadigital.com\/home\/wp-content\/uploads\/2014\/12\/banner_opcion_comentarios_gd.jpg\" alt=\"\" \/><\/p>\n<p style=\"text-align: justify;\"><strong>Prensa FVF. Mendoza, Argentina &#8211;<\/strong> Despu\u00e9s de 16 d\u00edas de preparaci\u00f3n en las canchas de Mendoza, la selecci\u00f3n de f\u00fatbol de Venezuela, la Vinotinto, parte este martes 9 de junio a la ciudad de Rancagua, Chile, donde establecer\u00e1 su nueva base de operaciones para afrontar los rigores de la Copa Am\u00e9rica Chile 2015.<\/p>\n<p style=\"text-align: justify;\">El equipo que dirige el seleccionador nacional, el director t\u00e9cnico Noel Sanvicente, tendr\u00e1 su debut en Rancagua el d\u00eda 14 ante Colombia, en el estadio \u201cEl Teniente\u201d, para completar su paso por la primera fase del Grupo C el d\u00eda 18 contra Per\u00fa, en el estadio \u201cEl\u00edas Figueroa\u201d de Valpara\u00edso y cerrar frente a Brasil el 21, en el estadio \u201cMonumental\u201d de Santiago, en la b\u00fasqueda de la clasificaci\u00f3n a los cuartos de final de la competencia.<\/p>\n<p style=\"text-align: justify;\">Ya con sus instrucciones y repasos, los 23 jugadores del grupo Vinotinto convocado por Sanvicente y sus asistentes del cuerpo t\u00e9cnico, el elenco venezolano tiene la responsabilidad de tratar de mantener un buen perfil, luego de sus actuaciones anteriores: cuarto lugar en la Copa Am\u00e9rica Argentina 2011, y clasificaci\u00f3n a los cuartos de final en la Copa Am\u00e9rica Venezuela 2007.<\/p>\n<p style=\"text-align: justify;\">La preparaci\u00f3n para esta participaci\u00f3n copera comenz\u00f3 temprano, el 5 de mayo en las instalaciones del Centro Nacional de Alto Rendimiento (CNAR) de la Isla de Margarita, propiedad de la Federaci\u00f3n Venezolana de F\u00fatbol (FVF), y tuvo su segunda parada en Argentina, donde el grupo trabaj\u00f3 con bastante tranquilidad.<\/p>\n<p style=\"text-align: justify;\">Los trabajos de este lunes fueron los \u00faltimos en la cancha del club Godoy Cruz de la primera divisi\u00f3n argentina, y consistieron en ejercicios sobre el gramado y repasos t\u00e1cticos y la definici\u00f3n, todo en medio de una temperatura baja, seis grados, la menor desde que el equipo arrib\u00f3 a Mendoza.<\/p>\n<p style=\"text-align: justify;\">Venezuela se establecer\u00e1 en Rancagua desde este martes y permanecer\u00e1 en esa ciudad durante toda la primera fase de la copa, y sus traslados a Valpara\u00edso y Santiago se producir\u00e1n un d\u00eda antes de los partidos.<\/p>\n<p style=\"text-align: justify;\"><strong>Atenci\u00f3n a la prensa<\/strong><br \/>\nEl coordinador de la selecci\u00f3n Vinotinto, Napole\u00f3n Centeno, inform\u00f3 que luego de las conversaciones con el cuerpo t\u00e9cnico de la Vinotinto, se decidi\u00f3 la atenci\u00f3n a los medios de comunicaci\u00f3n social durante los d\u00edas de entrenamiento en la ciudad de Rancagua, en el Monasterio de O&#8217;Higgins, de la forma siguiente:<\/p>\n<p style=\"text-align: justify;\">&#8211; Jueves, 11\/06\/14: de 4:00 a 6:00 pm<br \/>\n&#8211; S\u00e1bado, 13\/06\/15: de 10:00 am a 12:00 pm<br \/>\n&#8211; Lunes, 15\/06\/15: de 10:00 am a 12:00 pm<br \/>\n&#8211; S\u00e1bado, 20\/06\/15: de 10:00 am a 12:00 pm<\/p>\n<p style=\"text-align: center;\"><strong>FOTOS<\/strong><br \/>\n<img decoding=\"async\" class=\"details-image\" draggable=\"false\" src=\"http:\/\/gradadigital.com\/home\/wp-content\/uploads\/2015\/06\/oswaldo_vizcarrondo_andres_tunez_grenddy_perozo_entrenamiento_venezuela_mendoza_08062015.jpg\" alt=\"\" \/><\/p>\n<p style=\"text-align: center;\"><img decoding=\"async\" class=\"details-image\" draggable=\"false\" src=\"http:\/\/gradadigital.com\/home\/wp-content\/uploads\/2015\/06\/wuilker_farinez_entrenamiento_venezuela_mendoza_08062015.jpg\" alt=\"\" \/><\/p>\n<p style=\"text-align: center;\"><img decoding=\"async\" class=\"details-image\" draggable=\"false\" src=\"http:\/\/gradadigital.com\/home\/wp-content\/uploads\/2015\/06\/alejandro_guerra_entrenamiento_venezuela_mendoza_08062015.jpg\" alt=\"\" \/><\/p>\n<p style=\"text-align: center;\"><img decoding=\"async\" class=\"details-image\" draggable=\"false\" src=\"http:\/\/gradadigital.com\/home\/wp-content\/uploads\/2015\/06\/salomon_rondon_alejandro_guerra_entrenamiento_venezuela_mendoza_08062015.jpg\" alt=\"\" \/><\/p>\n<p style=\"text-align: center;\"><img decoding=\"async\" class=\"details-image\" draggable=\"false\" src=\"http:\/\/gradadigital.com\/home\/wp-content\/uploads\/2015\/06\/juan_arango_gelmin_rivas_jhon_murillo_entrenamiento_venezuela_mendoza_08062015.jpg\" alt=\"\" \/><\/p>\n<p style=\"text-align: center;\"><img decoding=\"async\" class=\"details-image\" draggable=\"false\" src=\"http:\/\/gradadigital.com\/home\/wp-content\/uploads\/2015\/06\/nicolas_miku_fedor_entrenamiento_venezuela_mendoza_08062015.jpg\" alt=\"\" \/><\/p>\n<p style=\"text-align: center;\"><img decoding=\"async\" class=\"details-image\" draggable=\"false\" src=\"http:\/\/gradadigital.com\/home\/wp-content\/uploads\/2015\/06\/nicolas_miku_fedor_ronald_vargas_entrenamiento_venezuela_mendoza_08062015.jpg\" alt=\"\" \/><\/p>\n<p style=\"text-align: center;\"><img decoding=\"async\" class=\"details-image\" draggable=\"false\" src=\"http:\/\/gradadigital.com\/home\/wp-content\/uploads\/2015\/06\/baroja_farinez_dani_hernandez_entrenamiento_venezuela_mendoza_08062015.jpg\" alt=\"\" \/><\/p>\n<p style=\"text-align: center;\"><a href=\"https:\/\/play.google.com\/store\/apps\/details?id=com.app.gradadigital\" target=\"_blank\"><img decoding=\"async\" class=\"details-image\" draggable=\"false\" src=\"http:\/\/gradadigital.com\/home\/wp-content\/uploads\/2014\/10\/banner_aplicacion_V2_GRADADIGITAL_17102014.jpg\" alt=\"\" \/><\/a><\/p>\n","protected":false},"excerpt":{"rendered":"<p>Prensa FVF. Mendoza, Argentina &#8211; Despu\u00e9s de 16 d\u00edas de preparaci\u00f3n en las canchas de Mendoza, la selecci\u00f3n de f\u00fatbol de Venezuela, la Vinotinto, parte este martes 9 de junio a la ciudad de Rancagua, Chile, donde establecer\u00e1 su nueva base de operaciones para afrontar los rigores de la Copa Am\u00e9rica Chile 2015. El equipo &#8230;<\/p>\n","protected":false},"author":3,"featured_media":20383,"comment_status":"closed","ping_status":"closed","sticky":false,"template":"","format":"standard","meta":{"footnotes":""},"categories":[43,752,42,36,40,3],"tags":[186,79,1206,932,1208,1279,51,71],"class_list":["post-20379","post","type-post","status-publish","format-standard","has-post-thumbnail","hentry","category-fotos","category-appgd","category-copa-america","category-internacional","category-seleccion-nacional-mayores","category-seleccion-nacional","tag-argentina","tag-chile","tag-chile-2015","tag-copa-america","tag-mendoza","tag-rancagua","tag-venezuela","tag-vinotinto"],"_links":{"self":[{"href":"http:\/\/gradadigital.com\/home\/wp-json\/wp\/v2\/posts\/20379","targetHints":{"allow":["GET"]}}],"collection":[{"href":"http:\/\/gradadigital.com\/home\/wp-json\/wp\/v2\/posts"}],"about":[{"href":"http:\/\/gradadigital.com\/home\/wp-json\/wp\/v2\/types\/post"}],"author":[{"embeddable":true,"href":"http:\/\/gradadigital.com\/home\/wp-json\/wp\/v2\/users\/3"}],"replies":[{"embeddable":true,"href":"http:\/\/gradadigital.com\/home\/wp-json\/wp\/v2\/comments?post=20379"}],"version-history":[{"count":3,"href":"http:\/\/gradadigital.com\/home\/wp-json\/wp\/v2\/posts\/20379\/revisions"}],"predecessor-version":[{"id":20391,"href":"http:\/\/gradadigital.com\/home\/wp-json\/wp\/v2\/posts\/20379\/revisions\/20391"}],"wp:featuredmedia":[{"embeddable":true,"href":"http:\/\/gradadigital.com\/home\/wp-json\/wp\/v2\/media\/20383"}],"wp:attachment":[{"href":"http:\/\/gradadigital.com\/home\/wp-json\/wp\/v2\/media?parent=20379"}],"wp:term":[{"taxonomy":"category","embeddable":true,"href":"http:\/\/gradadigital.com\/home\/wp-json\/wp\/v2\/categories?post=20379"},{"taxonomy":"post_tag","embeddable":true,"href":"http:\/\/gradadigital.com\/home\/wp-json\/wp\/v2\/tags?post=20379"}],"curies":[{"name":"wp","href":"https:\/\/api.w.org\/{rel}","templated":true}]}}