{"id":20367,"date":"2015-06-07T17:03:12","date_gmt":"2015-06-07T21:33:12","guid":{"rendered":"http:\/\/gradadigital.com\/home\/?p=20367"},"modified":"2015-06-07T17:03:12","modified_gmt":"2015-06-07T21:33:12","slug":"jarol-herrera-firmo-con-el-aragua","status":"publish","type":"post","link":"http:\/\/gradadigital.com\/home\/jarol-herrera-firmo-con-el-aragua\/","title":{"rendered":"J\u00e1rol Herrera firm\u00f3 con el Aragua"},"content":{"rendered":"<p style=\"text-align: center;\"><img decoding=\"async\" class=\"details-image\" draggable=\"false\" src=\"http:\/\/gradadigital.com\/home\/wp-content\/uploads\/2015\/06\/jarol_herrera_aragua_07062015.jpg\" alt=\"\" \/><\/p>\n<p style=\"text-align: center;\"><img decoding=\"async\" class=\"details-image\" draggable=\"false\" src=\"http:\/\/gradadigital.com\/home\/wp-content\/uploads\/2014\/12\/banner_opcion_comentarios_gd.jpg\" alt=\"\" \/><\/p>\n<p style=\"text-align: justify;\"><strong>Ylai Olmos \/ Prensa Aragua FC &#8211;<\/strong> Este domingo el Aragua F\u00fatbol Club continu\u00f3 con sus trabajos de entrenamientos en el estadio \u201cHermanos Ghersi P\u00e1ez\u201d de Maracay, jornada en la que cont\u00f3 con la incorporaci\u00f3n del mediocampista colombiano J\u00e1rol Herrera.<\/p>\n<p style=\"text-align: justify;\">A su arribo al coso maracayero a primeras horas de la ma\u00f1ana de este domingo para el inicio del entrenamiento matutino y en sus primeras declaraciones destac\u00f3 el grato recibimiento que tuvo por parte de un grupo que est\u00e1 dispuesto a trabajar y buscar buenos resultados.<\/p>\n<p style=\"text-align: justify;\"><strong>\u201cMe he dado cuenta que este es un grupo joven que tiene ganas de salir adelante, espero estar a tono con el grupo con la finalidad de aportar mi experiencia\u201d<\/strong>, acot\u00f3 el colombiano.<\/p>\n<p style=\"text-align: justify;\">De la misma forma, el ex Trujillanos se\u00f1al\u00f3 que espera aportar en el aspecto deportivo con el club aurirrojo sumando su granito de arena desde la mitad del campo.<\/p>\n<p style=\"text-align: justify;\"><strong>\u201cYa tuve la oportunidad de conversar con el profesor Juvencio (Betancourt) y me recibi\u00f3 de la mejor manera, ahora lo m\u00e1s importante ser\u00e1 comenzar a trabajar y sumar para el equipo\u201d<\/strong>, resalt\u00f3 el mediocampista J\u00e1rol Herrera.<\/p>\n<p style=\"text-align: center;\"><a href=\"https:\/\/play.google.com\/store\/apps\/details?id=com.app.gradadigital\" target=\"_blank\"><img decoding=\"async\" class=\"details-image\" draggable=\"false\" src=\"http:\/\/gradadigital.com\/home\/wp-content\/uploads\/2014\/10\/banner_aplicacion_V2_GRADADIGITAL_17102014.jpg\" alt=\"\" \/><\/a><\/p>\n","protected":false},"excerpt":{"rendered":"<p>Ylai Olmos \/ Prensa Aragua FC &#8211; Este domingo el Aragua F\u00fatbol Club continu\u00f3 con sus trabajos de entrenamientos en el estadio \u201cHermanos Ghersi P\u00e1ez\u201d de Maracay, jornada en la que cont\u00f3 con la incorporaci\u00f3n del mediocampista colombiano J\u00e1rol Herrera. A su arribo al coso maracayero a primeras horas de la ma\u00f1ana de este domingo &#8230;<\/p>\n","protected":false},"author":3,"featured_media":20368,"comment_status":"closed","ping_status":"closed","sticky":false,"template":"","format":"standard","meta":{"footnotes":""},"categories":[752,6,5,31],"tags":[1835,1211,1167,183],"class_list":["post-20367","post","type-post","status-publish","format-standard","has-post-thumbnail","hentry","category-appgd","category-aragua-fc","category-futbol-nacional","category-primera-division","tag-aragua-fc","tag-aragua-futbol-club","tag-hermanos-ghersi-paez","tag-jarol-herrera"],"_links":{"self":[{"href":"http:\/\/gradadigital.com\/home\/wp-json\/wp\/v2\/posts\/20367","targetHints":{"allow":["GET"]}}],"collection":[{"href":"http:\/\/gradadigital.com\/home\/wp-json\/wp\/v2\/posts"}],"about":[{"href":"http:\/\/gradadigital.com\/home\/wp-json\/wp\/v2\/types\/post"}],"author":[{"embeddable":true,"href":"http:\/\/gradadigital.com\/home\/wp-json\/wp\/v2\/users\/3"}],"replies":[{"embeddable":true,"href":"http:\/\/gradadigital.com\/home\/wp-json\/wp\/v2\/comments?post=20367"}],"version-history":[{"count":1,"href":"http:\/\/gradadigital.com\/home\/wp-json\/wp\/v2\/posts\/20367\/revisions"}],"predecessor-version":[{"id":20369,"href":"http:\/\/gradadigital.com\/home\/wp-json\/wp\/v2\/posts\/20367\/revisions\/20369"}],"wp:featuredmedia":[{"embeddable":true,"href":"http:\/\/gradadigital.com\/home\/wp-json\/wp\/v2\/media\/20368"}],"wp:attachment":[{"href":"http:\/\/gradadigital.com\/home\/wp-json\/wp\/v2\/media?parent=20367"}],"wp:term":[{"taxonomy":"category","embeddable":true,"href":"http:\/\/gradadigital.com\/home\/wp-json\/wp\/v2\/categories?post=20367"},{"taxonomy":"post_tag","embeddable":true,"href":"http:\/\/gradadigital.com\/home\/wp-json\/wp\/v2\/tags?post=20367"}],"curies":[{"name":"wp","href":"https:\/\/api.w.org\/{rel}","templated":true}]}}