{"id":20362,"date":"2015-06-07T12:18:30","date_gmt":"2015-06-07T16:48:30","guid":{"rendered":"http:\/\/gradadigital.com\/home\/?p=20362"},"modified":"2015-06-07T12:18:30","modified_gmt":"2015-06-07T16:48:30","slug":"gustavo-rojas-se-une-al-deportivo-la-guaira","status":"publish","type":"post","link":"http:\/\/gradadigital.com\/home\/gustavo-rojas-se-une-al-deportivo-la-guaira\/","title":{"rendered":"Gustavo Rojas se une al Deportivo La Guaira"},"content":{"rendered":"<p style=\"text-align: center;\"><img decoding=\"async\" class=\"details-image\" draggable=\"false\" src=\"http:\/\/gradadigital.com\/home\/wp-content\/uploads\/2014\/12\/gustavo_rojas_aragua_llaneros_07122014.jpg\" alt=\"\" \/><\/p>\n<p style=\"text-align: center;\"><img decoding=\"async\" class=\"details-image\" draggable=\"false\" src=\"http:\/\/gradadigital.com\/home\/wp-content\/uploads\/2014\/12\/banner_opcion_comentarios_gd.jpg\" alt=\"\" \/><\/p>\n<p style=\"text-align: justify;\"><strong>Francesco Leggieri \/ Prensa Deportivo La Guaira &#8211;<\/strong> En aras de seguir convirti\u00e9ndose en protagonista del f\u00fatbol venezolano, el Deportivo La Guaira suma a sus filas al mediocampista Gustavo Rojas, quien llegar\u00e1 a la instituci\u00f3n en calidad de pr\u00e9stamo por un a\u00f1o.<\/p>\n<p style=\"text-align: justify;\">Rojas llega procedente del Aragua FC, conjunto donde milit\u00f3 las dos \u00faltimas temporadas. En su \u00faltima campa\u00f1a, el volante nacido en Maracaibo firm\u00f3 seis goles en 35 encuentros, convirti\u00e9ndose as\u00ed en un elemento de mucha relevancia en el ataque arag\u00fce\u00f1o.<\/p>\n<p style=\"text-align: justify;\">Velocidad, manejo de la esf\u00e9rica y un buen remate de media distancia, son algunas de las cualidades que presenta el nuevo integrante de la plantilla naranja, que adicionalmente le aportar\u00e1 toda su experiencia y recorrido.<\/p>\n<p style=\"text-align: justify;\">Gustavo Rojas se une a Jorge Ignacio Gonz\u00e1lez (Defensor), \u00c1ngel Osorio (Delantero) y Giancarlo Schiavone (Portero), como los nuevos refuerzos del Deportivo La Guaira para el Torneo de Adecuaci\u00f3n 2015.<\/p>\n<p style=\"text-align: justify;\"><strong><span style=\"text-decoration: underline;\">Ficha T\u00e9cnica<\/span>:<br \/>\nNombres: <\/strong>Gustavo Adolfo<br \/>\n<strong>Apellidos: <\/strong>Rojas Rocha<br \/>\n<strong>Fecha de nacimiento: <\/strong>14 de enero de 1982<br \/>\n<strong>Lugar de Nacimiento: <\/strong>Maracaibo, Venezuela<br \/>\n<strong>Peso: <\/strong>1,69 cm<strong> | Altura: <\/strong>62 Kg<br \/>\n<strong>\u00daltimo Equipo: <\/strong>Aragua FC<\/p>\n<p style=\"text-align: center;\"><a href=\"https:\/\/play.google.com\/store\/apps\/details?id=com.app.gradadigital\" target=\"_blank\"><img decoding=\"async\" class=\"details-image\" draggable=\"false\" src=\"http:\/\/gradadigital.com\/home\/wp-content\/uploads\/2014\/10\/banner_aplicacion_V2_GRADADIGITAL_17102014.jpg\" alt=\"\" \/><\/a><\/p>\n","protected":false},"excerpt":{"rendered":"<p>Francesco Leggieri \/ Prensa Deportivo La Guaira &#8211; En aras de seguir convirti\u00e9ndose en protagonista del f\u00fatbol venezolano, el Deportivo La Guaira suma a sus filas al mediocampista Gustavo Rojas, quien llegar\u00e1 a la instituci\u00f3n en calidad de pr\u00e9stamo por un a\u00f1o. Rojas llega procedente del Aragua FC, conjunto donde milit\u00f3 las dos \u00faltimas temporadas. &#8230;<\/p>\n","protected":false},"author":3,"featured_media":16002,"comment_status":"closed","ping_status":"closed","sticky":false,"template":"","format":"standard","meta":{"footnotes":""},"categories":[752,18,5,31],"tags":[1835,60,1283,1213],"class_list":["post-20362","post","type-post","status-publish","format-standard","has-post-thumbnail","hentry","category-appgd","category-real-esppor","category-futbol-nacional","category-primera-division","tag-aragua-fc","tag-deportivo-la-guaira","tag-gustavo-rojas","tag-torneo-de-adecuacion-2015"],"_links":{"self":[{"href":"http:\/\/gradadigital.com\/home\/wp-json\/wp\/v2\/posts\/20362","targetHints":{"allow":["GET"]}}],"collection":[{"href":"http:\/\/gradadigital.com\/home\/wp-json\/wp\/v2\/posts"}],"about":[{"href":"http:\/\/gradadigital.com\/home\/wp-json\/wp\/v2\/types\/post"}],"author":[{"embeddable":true,"href":"http:\/\/gradadigital.com\/home\/wp-json\/wp\/v2\/users\/3"}],"replies":[{"embeddable":true,"href":"http:\/\/gradadigital.com\/home\/wp-json\/wp\/v2\/comments?post=20362"}],"version-history":[{"count":1,"href":"http:\/\/gradadigital.com\/home\/wp-json\/wp\/v2\/posts\/20362\/revisions"}],"predecessor-version":[{"id":20363,"href":"http:\/\/gradadigital.com\/home\/wp-json\/wp\/v2\/posts\/20362\/revisions\/20363"}],"wp:featuredmedia":[{"embeddable":true,"href":"http:\/\/gradadigital.com\/home\/wp-json\/wp\/v2\/media\/16002"}],"wp:attachment":[{"href":"http:\/\/gradadigital.com\/home\/wp-json\/wp\/v2\/media?parent=20362"}],"wp:term":[{"taxonomy":"category","embeddable":true,"href":"http:\/\/gradadigital.com\/home\/wp-json\/wp\/v2\/categories?post=20362"},{"taxonomy":"post_tag","embeddable":true,"href":"http:\/\/gradadigital.com\/home\/wp-json\/wp\/v2\/tags?post=20362"}],"curies":[{"name":"wp","href":"https:\/\/api.w.org\/{rel}","templated":true}]}}