{"id":20357,"date":"2015-06-05T09:47:22","date_gmt":"2015-06-05T14:17:22","guid":{"rendered":"http:\/\/gradadigital.com\/home\/?p=20357"},"modified":"2015-06-12T16:47:55","modified_gmt":"2015-06-12T21:17:55","slug":"video-vacilate-el-nuevo-tema-de-benavides-dedicado-a-la-vinotinto","status":"publish","type":"post","link":"http:\/\/gradadigital.com\/home\/video-vacilate-el-nuevo-tema-de-benavides-dedicado-a-la-vinotinto\/","title":{"rendered":"VIDEO | \u00a1Vac\u00edlate el nuevo tema de Benavides dedicado a La Vinotinto!"},"content":{"rendered":"<iframe loading=\"lazy\" width=\"620\" height=\"414\" src=\"http:\/\/www.youtube.com\/embed\/H00gJrSaAng?rel=0\" frameborder=\"0\" allowfullscreen><\/iframe>\n<p style=\"text-align: center;\"><img decoding=\"async\" class=\"details-image\" draggable=\"false\" src=\"http:\/\/gradadigital.com\/home\/wp-content\/uploads\/2014\/12\/banner_opcion_comentarios_gd.jpg\" alt=\"\" \/><\/p>\n<p style=\"text-align: justify;\"><strong>GradaDigital.com &#8211;<\/strong> Benavides grab\u00f3 \u201cPasi\u00f3n Vinotinto\u201d, pieza que se convertir\u00e1 en el tema protagonista de nuestra selecci\u00f3n de f\u00fatbol, a prop\u00f3sito de la nueva edici\u00f3n de la Copa Am\u00e9rica que arrancar\u00e1 el pr\u00f3ximo 11 de junio en Chile.<\/p>\n<p style=\"text-align: justify;\">Con letra y m\u00fasica de Benavides, arreglos y producci\u00f3n de Dani Bar\u00f3n y mezcla y master de Germ\u00e1n Landaeta, \u201cPasi\u00f3n Vinotinto\u201d promete convertirse en el himno oficial de nuestra selecci\u00f3n para el pr\u00f3ximo evento de la Copa Am\u00e9rica y de los siguientes encuentros deportivos que est\u00e1n por venir.<\/p>\n<p style=\"text-align: justify;\">El video clip se grab\u00f3 en la Isla de Margarita y en el estudio Bol\u00edvar Films ubicado en nuestra ciudad capital, bajo la direcci\u00f3n de Wil Romero con coreograf\u00eda de Rafael Roque.<\/p>\n<p style=\"text-align: justify;\">El audiovisual que se rod\u00f3 recientemente en el Centro Nacional de Alto Rendimiento de la Federaci\u00f3n Venezolana de F\u00fatbol en Margarita, donde estuvieron presentes: Juan Arango, C\u00e9sar \u201cMaestrico\u201d Gonz\u00e1lez, Ronald Vargas, Gabriel Cichero, Grenddy Perozo, Alain Baroja, Franklin Lucena, Andr\u00e9s T\u00fa\u00f1ez, Rafael Acosta, Gelmin Rivas, y las ex Sambil Models Mariannys Caraballo y Patricia Carre\u00f1o.<\/p>\n<p style=\"text-align: justify;\">En el clip se puede apreciar la energ\u00eda vibrante de un fan\u00e1tico de la Vinotinto, mezclada con el encanto de la pasarela y el esp\u00edritu guerrero de la Selecci\u00f3n Nacional de f\u00fatbol. Las modelos Iris Mel\u00e9ndez, Fabiana Romero y Mar\u00eda Jos\u00e9 Darias, representaron con orgullo a la fanaticada venezolana, mientras que Ricardo Sequeira aport\u00f3 el \u201cfree style\u201d en el dominio del bal\u00f3n.<\/p>\n<p style=\"text-align: justify;\">\u201cPasi\u00f3n Vinotinto: muestra uni\u00f3n, trabajo en equipo, alegr\u00eda, pasi\u00f3n y, sobre todo, mucho amor por Venezuela. El audiovisual tambi\u00e9n incluye una participaci\u00f3n especial de Carlos Mauricio Ram\u00edrez, con una emotiva narraci\u00f3n con el \u201cToma Pap\u00e1\u201d, su sello personal.<\/p>\n<p style=\"text-align: justify;\">Cabe destacar que Benavides interpreta en la actualidad \u201cVivir sin ti\u201d, tema que lleva pegado en la radio todo el 2015, ya que se mantiene en el Top 20 de las piezas m\u00e1s sonadas en las distintas carteleras venezolanas. En las pr\u00f3ximas semanas, este joven artista venezolano estrenar\u00e1 el nuevo video del referido tema.<\/p>\n<p style=\"text-align: center;\"><a href=\"https:\/\/play.google.com\/store\/apps\/details?id=com.app.gradadigital\" target=\"_blank\"><img decoding=\"async\" class=\"details-image\" draggable=\"false\" src=\"http:\/\/gradadigital.com\/home\/wp-content\/uploads\/2014\/10\/banner_aplicacion_V2_GRADADIGITAL_17102014.jpg\" alt=\"\" \/><\/a><\/p>\n","protected":false},"excerpt":{"rendered":"<p>GradaDigital.com &#8211; Benavides grab\u00f3 \u201cPasi\u00f3n Vinotinto\u201d, pieza que se convertir\u00e1 en el tema protagonista de nuestra selecci\u00f3n de f\u00fatbol, a prop\u00f3sito de la nueva edici\u00f3n de la Copa Am\u00e9rica que arrancar\u00e1 el pr\u00f3ximo 11 de junio en Chile. Con letra y m\u00fasica de Benavides, arreglos y producci\u00f3n de Dani Bar\u00f3n y mezcla y master de &#8230;<\/p>\n","protected":false},"author":3,"featured_media":20373,"comment_status":"closed","ping_status":"closed","sticky":false,"template":"","format":"standard","meta":{"footnotes":""},"categories":[27,752,42,36,35,40,3],"tags":[1286,951,1199,1287,51,71],"class_list":["post-20357","post","type-post","status-publish","format-standard","has-post-thumbnail","hentry","category-video","category-appgd","category-copa-america","category-internacional","category-otras-categorias","category-seleccion-nacional-mayores","category-seleccion-nacional","tag-benavides","tag-centro-nacional-de-alto-rendimiento","tag-cnar","tag-musica","tag-venezuela","tag-vinotinto"],"_links":{"self":[{"href":"http:\/\/gradadigital.com\/home\/wp-json\/wp\/v2\/posts\/20357","targetHints":{"allow":["GET"]}}],"collection":[{"href":"http:\/\/gradadigital.com\/home\/wp-json\/wp\/v2\/posts"}],"about":[{"href":"http:\/\/gradadigital.com\/home\/wp-json\/wp\/v2\/types\/post"}],"author":[{"embeddable":true,"href":"http:\/\/gradadigital.com\/home\/wp-json\/wp\/v2\/users\/3"}],"replies":[{"embeddable":true,"href":"http:\/\/gradadigital.com\/home\/wp-json\/wp\/v2\/comments?post=20357"}],"version-history":[{"count":4,"href":"http:\/\/gradadigital.com\/home\/wp-json\/wp\/v2\/posts\/20357\/revisions"}],"predecessor-version":[{"id":20631,"href":"http:\/\/gradadigital.com\/home\/wp-json\/wp\/v2\/posts\/20357\/revisions\/20631"}],"wp:featuredmedia":[{"embeddable":true,"href":"http:\/\/gradadigital.com\/home\/wp-json\/wp\/v2\/media\/20373"}],"wp:attachment":[{"href":"http:\/\/gradadigital.com\/home\/wp-json\/wp\/v2\/media?parent=20357"}],"wp:term":[{"taxonomy":"category","embeddable":true,"href":"http:\/\/gradadigital.com\/home\/wp-json\/wp\/v2\/categories?post=20357"},{"taxonomy":"post_tag","embeddable":true,"href":"http:\/\/gradadigital.com\/home\/wp-json\/wp\/v2\/tags?post=20357"}],"curies":[{"name":"wp","href":"https:\/\/api.w.org\/{rel}","templated":true}]}}