{"id":20311,"date":"2015-06-05T14:15:45","date_gmt":"2015-06-05T18:45:45","guid":{"rendered":"http:\/\/gradadigital.com\/home\/?p=20311"},"modified":"2015-06-06T07:28:46","modified_gmt":"2015-06-06T11:58:46","slug":"asi-se-jugara-la-primera-jornada-del-torneo-adecuacion","status":"publish","type":"post","link":"http:\/\/gradadigital.com\/home\/asi-se-jugara-la-primera-jornada-del-torneo-adecuacion\/","title":{"rendered":"\u00a1Se estableci\u00f3 el calendario! As\u00ed se jugar\u00e1 la primera jornada del Torneo de Adecuaci\u00f3n 2015"},"content":{"rendered":"<p style=\"text-align: center;\"><img decoding=\"async\" class=\"details-image\" draggable=\"false\" src=\"http:\/\/gradadigital.com\/home\/wp-content\/uploads\/2015\/06\/laureano_gonzalez_fvf_05062015.jpg\" alt=\"\" \/><\/p>\n<p style=\"text-align: center;\"><img decoding=\"async\" class=\"details-image\" draggable=\"false\" src=\"http:\/\/gradadigital.com\/home\/wp-content\/uploads\/2014\/12\/banner_opcion_comentarios_gd.jpg\" alt=\"\" \/><\/p>\n<p style=\"text-align: justify;\"><strong>Prensa FVF &#8211;<\/strong> Este viernes, cinco de mayo, fue realizada la reuni\u00f3n por parte de la Comisi\u00f3n de Torneos Nacionales de la Federaci\u00f3n Venezolana de F\u00fatbol con los directivos y representantes de los clubes de la Primera Divisi\u00f3n, en la cual se elabor\u00f3 el calendario oficial del Torneo de Adecuaci\u00f3n 2015, mediante un sorteo presencial.<\/p>\n<p style=\"text-align: justify;\">Por parte de la Federaci\u00f3n Venezolana de Futbol (FVF) estuvieron presentes el Presidente encargado Laureano Gonz\u00e1lez, el secretario ejecutivo Tom\u00e1s \u00c1lvarez, el directivo Bernardo Segovia, y el coordinador de comisiones de Torneos Nacionales Gerardo Rivero.<\/p>\n<p style=\"text-align: justify;\">Esta competencia fue acordada por la asamblea de clubes anterior, en la cual se decidi\u00f3 cambiar el formato existente durante muchos a\u00f1os para los campeonatos nacionales que iniciaban en agosto y conclu\u00edan en mayo del a\u00f1o siguiente con sus torneos Apertura y Clausura. En esa asamblea se estableci\u00f3 hacer el campeonato nacional a\u00f1o calendario, de esta forma este Torneo de Adecuaci\u00f3n permitir\u00e1 continuar las actividades sin interrumpir la actividad futbol\u00edstica, para iniciar en enero pr\u00f3ximo el campeonato nacional 2016 de la primera divisi\u00f3n.<\/p>\n<p style=\"text-align: justify;\">El Torneo de Adecuaci\u00f3n iniciar\u00e1 el 12 de julio y tiene pautado terminar el 20 de diciembre, Entre otras cosas fue aprobado el calendario de todos contra todos de 19 partidos por equipo; se jugara un octagonal entre los mejores ocho clubes de la liga para definir dos representantes en la Copa Sudamericana 2016.<\/p>\n<p style=\"text-align: justify;\"><strong>Este es el calendario de la primera jornada:<\/strong><\/p>\n<p style=\"text-align: justify;\"><strong>S\u00e1bado, 11 de julio de 2015<br \/>\n<\/strong>Estudiantes de Caracas &#8211; Zulia FC (4:00 pm)<strong><br \/>\n<\/strong><\/p>\n<p style=\"text-align: justify;\"><strong>Domingo, 12 de julio de 2015<\/strong><br \/>\nTucanes de Amazonas &#8211; Caracas FC (3:00 pm)<br \/>\nDeportivo Lara &#8211; Aragua FC (3:30 pm)<br \/>\nUre\u00f1a SC &#8211; Mineros de Guayana (4:00 pm)<br \/>\nEstudiantes de M\u00e9rida &#8211; Portuguesa FC (4:00 pm)<br \/>\nMetropolitanos FC &#8211; Atl\u00e9tico Venezuela (4:00 pm)<br \/>\nDeportivo Petare FC &#8211; Carabobo FC (4:00 pm)<br \/>\nTrujillanos FC &#8211; Deportivo La Guaira (4:00 pm)<br \/>\nLlaneros de Guanare &#8211; Zamora FC (4:00 pm)<br \/>\nDeportivo Anzo\u00e1tegui &#8211; Deportivo T\u00e1chira (Por definir)<\/p>\n<p style=\"text-align: center;\"><a href=\"https:\/\/play.google.com\/store\/apps\/details?id=com.app.gradadigital\" target=\"_blank\"><img decoding=\"async\" class=\"details-image\" draggable=\"false\" src=\"http:\/\/gradadigital.com\/home\/wp-content\/uploads\/2014\/10\/banner_aplicacion_V2_GRADADIGITAL_17102014.jpg\" alt=\"\" \/><\/a><\/p>\n","protected":false},"excerpt":{"rendered":"<p>Prensa FVF &#8211; Este viernes, cinco de mayo, fue realizada la reuni\u00f3n por parte de la Comisi\u00f3n de Torneos Nacionales de la Federaci\u00f3n Venezolana de F\u00fatbol con los directivos y representantes de los clubes de la Primera Divisi\u00f3n, en la cual se elabor\u00f3 el calendario oficial del Torneo de Adecuaci\u00f3n 2015, mediante un sorteo presencial. &#8230;<\/p>\n","protected":false},"author":3,"featured_media":20312,"comment_status":"closed","ping_status":"closed","sticky":false,"template":"","format":"standard","meta":{"footnotes":""},"categories":[752,5,31],"tags":[1270,1186,155,135,1271,381,1852,1269,1213],"class_list":["post-20311","post","type-post","status-publish","format-standard","has-post-thumbnail","hentry","category-appgd","category-futbol-nacional","category-primera-division","tag-bernardo-segovia","tag-comision-de-torneos-nacionales","tag-federacion-venezolana-de-futbol","tag-fvf","tag-gerardo-rivero","tag-laureano-gonzalez","tag-primera-division","tag-tomas-alvarez","tag-torneo-de-adecuacion-2015"],"_links":{"self":[{"href":"http:\/\/gradadigital.com\/home\/wp-json\/wp\/v2\/posts\/20311","targetHints":{"allow":["GET"]}}],"collection":[{"href":"http:\/\/gradadigital.com\/home\/wp-json\/wp\/v2\/posts"}],"about":[{"href":"http:\/\/gradadigital.com\/home\/wp-json\/wp\/v2\/types\/post"}],"author":[{"embeddable":true,"href":"http:\/\/gradadigital.com\/home\/wp-json\/wp\/v2\/users\/3"}],"replies":[{"embeddable":true,"href":"http:\/\/gradadigital.com\/home\/wp-json\/wp\/v2\/comments?post=20311"}],"version-history":[{"count":1,"href":"http:\/\/gradadigital.com\/home\/wp-json\/wp\/v2\/posts\/20311\/revisions"}],"predecessor-version":[{"id":20313,"href":"http:\/\/gradadigital.com\/home\/wp-json\/wp\/v2\/posts\/20311\/revisions\/20313"}],"wp:featuredmedia":[{"embeddable":true,"href":"http:\/\/gradadigital.com\/home\/wp-json\/wp\/v2\/media\/20312"}],"wp:attachment":[{"href":"http:\/\/gradadigital.com\/home\/wp-json\/wp\/v2\/media?parent=20311"}],"wp:term":[{"taxonomy":"category","embeddable":true,"href":"http:\/\/gradadigital.com\/home\/wp-json\/wp\/v2\/categories?post=20311"},{"taxonomy":"post_tag","embeddable":true,"href":"http:\/\/gradadigital.com\/home\/wp-json\/wp\/v2\/tags?post=20311"}],"curies":[{"name":"wp","href":"https:\/\/api.w.org\/{rel}","templated":true}]}}