{"id":20292,"date":"2015-06-05T22:52:35","date_gmt":"2015-06-06T03:22:35","guid":{"rendered":"http:\/\/gradadigital.com\/home\/?p=20292"},"modified":"2015-06-05T22:52:35","modified_gmt":"2015-06-06T03:22:35","slug":"fotos-la-vinotinto-continua-preparandose-en-mendoza","status":"publish","type":"post","link":"http:\/\/gradadigital.com\/home\/fotos-la-vinotinto-continua-preparandose-en-mendoza\/","title":{"rendered":"+FOTOS | La Vinotinto contin\u00faa prepar\u00e1ndose en Mendoza"},"content":{"rendered":"<p style=\"text-align: center;\"><img decoding=\"async\" class=\"details-image\" draggable=\"false\" src=\"http:\/\/gradadigital.com\/home\/wp-content\/uploads\/2015\/06\/fernando_amorebieta_entrenamiento_venezuela_mendoza_05062015.jpg\" alt=\"\" \/><\/p>\n<p style=\"text-align: center;\"><img decoding=\"async\" class=\"details-image\" draggable=\"false\" src=\"http:\/\/gradadigital.com\/home\/wp-content\/uploads\/2014\/12\/banner_opcion_comentarios_gd.jpg\" alt=\"\" \/><\/p>\n<p style=\"text-align: justify;\"><strong>Prensa FVF. Mendoza, Argentina &#8211;<\/strong> Esta vez le toc\u00f3 el turno a las canchas del club Godoy Cruz de la primera divisi\u00f3n argentina, en la zona de Coquimbito, all\u00ed la selecci\u00f3n Vinotinto desarroll\u00f3 un partido la ma\u00f1ana de este viernes a tres tiempos con los integrantes del primer equipo y sus suplentes, as\u00ed como los juveniles, en su d\u00e9cimo tercer d\u00eda de preparaci\u00f3n continua en esta zona del centro-oeste argentino, donde el equipo venezolano se alista para asumir las incidencias de la Copa Am\u00e9rica de Chile 2015.<\/p>\n<p style=\"text-align: justify;\">Los dirigidos por el seleccionador nacional de f\u00fatbol, el director t\u00e9cnico guayan\u00e9s Noel Sanvicente, entraron temprano a la cancha con una temperatura bastante fr\u00eda en relaci\u00f3n con los \u00faltimos d\u00edas y tambi\u00e9n con algo de viento, pero con el transcurrir de los minutos mejor\u00f3 el clima con un sol radiante.<\/p>\n<p style=\"text-align: justify;\">Muchas indicaciones de Sanvicente y el cuerpo t\u00e9cnico matizaron la intensa sesi\u00f3n de juego, que fue bastante movida debido a la calidad del plantel mendocino, uno de los clubes integrantes del f\u00fatbol de m\u00e1xima categor\u00eda gaucho.<\/p>\n<p style=\"text-align: justify;\">Con el plantel completo y sin lesiones, fue positiva la sesi\u00f3n para el cuerpo t\u00e9cnico de la Vinotinto, que pudo observar con detenimiento las virtudes del conjunto venezolano, as\u00ed como algunos detalles que deben afinarse para el debut en la cita de selecciones en territorio austral, se\u00f1alado para el d\u00eda 14 de este mes ante el bando de Colombia, en Rancagua.<\/p>\n<p style=\"text-align: justify;\">Luego, los de la Vinotinto se desplazar\u00e1n hasta Valpara\u00edso para encarar al equipo de Per\u00fa, el d\u00eda 18; tres d\u00edas m\u00e1s tarde les tocar\u00e1 competir ante la formaci\u00f3n de Brasil en Santiago, en la batalla por el pase a los cuartos de final de la justa chilena.<\/p>\n<p style=\"text-align: justify;\">Los 23 jugadores del conjunto venezolano asumen con sumo inter\u00e9s su participaci\u00f3n en esta concentraci\u00f3n, que se prolongar\u00e1 hasta el nueve de junio, cuando el grupo tomar\u00e1 la conexi\u00f3n para Rancagua.<\/p>\n<p style=\"text-align: justify;\">El equipo venezolano hizo su arribo a Mendoza el pasado s\u00e1bado 23 de mayo, procedente desde la isla de Margarita donde se prepar\u00f3 por dos semanas en el Centro Nacional de Alto Rendimiento (CNAR), propiedad de la Federaci\u00f3n Venezolana de F\u00fatbol (FVF).<\/p>\n<p style=\"text-align: center;\"><strong>FOTOS<\/strong><br \/>\n<img decoding=\"async\" class=\"details-image\" draggable=\"false\" src=\"http:\/\/gradadigital.com\/home\/wp-content\/uploads\/2015\/06\/roberto_rosales_entrenamiento_venezuela_mendoza_05062015.jpg\" alt=\"\" \/><\/p>\n<p style=\"text-align: center;\"><img decoding=\"async\" class=\"details-image\" draggable=\"false\" src=\"http:\/\/gradadigital.com\/home\/wp-content\/uploads\/2015\/06\/alain_baroja_entrenamiento_venezuela_mendoza_05062015.jpg\" alt=\"\" \/><\/p>\n<p style=\"text-align: center;\"><img decoding=\"async\" class=\"details-image\" draggable=\"false\" src=\"http:\/\/gradadigital.com\/home\/wp-content\/uploads\/2015\/06\/josef_martinez_entrenamiento_venezuela_mendoza_05062015.jpg\" alt=\"\" \/><\/p>\n<p style=\"text-align: center;\"><img decoding=\"async\" class=\"details-image\" draggable=\"false\" src=\"http:\/\/gradadigital.com\/home\/wp-content\/uploads\/2015\/06\/tomas_rincon_entrenamiento_venezuela_mendoza_05062015.jpg\" alt=\"\" \/><\/p>\n<p style=\"text-align: center;\"><img decoding=\"async\" class=\"details-image\" draggable=\"false\" src=\"http:\/\/gradadigital.com\/home\/wp-content\/uploads\/2015\/06\/salomon_rondon_entrenamiento_venezuela_mendoza_05062015.jpg\" alt=\"\" \/><\/p>\n<p style=\"text-align: center;\"><a href=\"https:\/\/play.google.com\/store\/apps\/details?id=com.app.gradadigital\" target=\"_blank\"><img decoding=\"async\" class=\"details-image\" draggable=\"false\" src=\"http:\/\/gradadigital.com\/home\/wp-content\/uploads\/2014\/10\/banner_aplicacion_V2_GRADADIGITAL_17102014.jpg\" alt=\"\" \/><\/a><\/p>\n","protected":false},"excerpt":{"rendered":"<p>Prensa FVF. Mendoza, Argentina &#8211; Esta vez le toc\u00f3 el turno a las canchas del club Godoy Cruz de la primera divisi\u00f3n argentina, en la zona de Coquimbito, all\u00ed la selecci\u00f3n Vinotinto desarroll\u00f3 un partido la ma\u00f1ana de este viernes a tres tiempos con los integrantes del primer equipo y sus suplentes, as\u00ed como los &#8230;<\/p>\n","protected":false},"author":3,"featured_media":20297,"comment_status":"closed","ping_status":"closed","sticky":false,"template":"","format":"standard","meta":{"footnotes":""},"categories":[43,752,42,36,40,3],"tags":[186,1206,932,1208,51,71],"class_list":["post-20292","post","type-post","status-publish","format-standard","has-post-thumbnail","hentry","category-fotos","category-appgd","category-copa-america","category-internacional","category-seleccion-nacional-mayores","category-seleccion-nacional","tag-argentina","tag-chile-2015","tag-copa-america","tag-mendoza","tag-venezuela","tag-vinotinto"],"_links":{"self":[{"href":"http:\/\/gradadigital.com\/home\/wp-json\/wp\/v2\/posts\/20292","targetHints":{"allow":["GET"]}}],"collection":[{"href":"http:\/\/gradadigital.com\/home\/wp-json\/wp\/v2\/posts"}],"about":[{"href":"http:\/\/gradadigital.com\/home\/wp-json\/wp\/v2\/types\/post"}],"author":[{"embeddable":true,"href":"http:\/\/gradadigital.com\/home\/wp-json\/wp\/v2\/users\/3"}],"replies":[{"embeddable":true,"href":"http:\/\/gradadigital.com\/home\/wp-json\/wp\/v2\/comments?post=20292"}],"version-history":[{"count":1,"href":"http:\/\/gradadigital.com\/home\/wp-json\/wp\/v2\/posts\/20292\/revisions"}],"predecessor-version":[{"id":20299,"href":"http:\/\/gradadigital.com\/home\/wp-json\/wp\/v2\/posts\/20292\/revisions\/20299"}],"wp:featuredmedia":[{"embeddable":true,"href":"http:\/\/gradadigital.com\/home\/wp-json\/wp\/v2\/media\/20297"}],"wp:attachment":[{"href":"http:\/\/gradadigital.com\/home\/wp-json\/wp\/v2\/media?parent=20292"}],"wp:term":[{"taxonomy":"category","embeddable":true,"href":"http:\/\/gradadigital.com\/home\/wp-json\/wp\/v2\/categories?post=20292"},{"taxonomy":"post_tag","embeddable":true,"href":"http:\/\/gradadigital.com\/home\/wp-json\/wp\/v2\/tags?post=20292"}],"curies":[{"name":"wp","href":"https:\/\/api.w.org\/{rel}","templated":true}]}}