{"id":2026,"date":"2013-07-02T20:29:49","date_gmt":"2013-07-03T00:59:49","guid":{"rendered":"http:\/\/gradadigital.com\/home\/?p=2026"},"modified":"2013-07-02T20:31:07","modified_gmt":"2013-07-03T01:01:07","slug":"cesar-el-peluche-gonzalez-enfocado-en-trabajar-duro-con-el-granate","status":"publish","type":"post","link":"http:\/\/gradadigital.com\/home\/cesar-el-peluche-gonzalez-enfocado-en-trabajar-duro-con-el-granate\/","title":{"rendered":"C\u00e9sar \u00abEl Peluche\u00bb Gonz\u00e1lez enfocado en trabajar duro con el Granate"},"content":{"rendered":"<p><a href=\"http:\/\/gradadigital.com\/home\/wp-content\/uploads\/2013\/07\/carabobo_entrenamiento_02072013.jpg\"><img loading=\"lazy\" decoding=\"async\" class=\"size-full wp-image-2027 aligncenter\" alt=\"carabobo_entrenamiento_02072013\" src=\"http:\/\/gradadigital.com\/home\/wp-content\/uploads\/2013\/07\/carabobo_entrenamiento_02072013.jpg\" width=\"596\" height=\"346\" srcset=\"http:\/\/gradadigital.com\/home\/wp-content\/uploads\/2013\/07\/carabobo_entrenamiento_02072013.jpg 596w, http:\/\/gradadigital.com\/home\/wp-content\/uploads\/2013\/07\/carabobo_entrenamiento_02072013-300x174.jpg 300w\" sizes=\"auto, (max-width: 596px) 100vw, 596px\" \/><\/a><\/p>\n<p>Rafael Green | Prensa Carabobo FC |\u00a02\/07\/2013<\/p>\n<p>La vinotinto regional arranc\u00f3 con todo la segunda semana de su pretemporada, los\u00a0dirigidos por Jhonny Ferreira comenzaron a intensificar sus trabajos y siguen tomando\u00a0ritmo para el arranque del Torneo Apertura.<\/p>\n<p>El Polideportivo \u201cMisael Delgado\u201d de Valencia sigue siendo la trinchera del Carabobo FC\u00a0en estos primeros d\u00edas de entrenamientos, los cuales seguir\u00e1n realiz\u00e1ndose a doble turno\u00a0(ma\u00f1ana y tarde), con la diferencia de que la exigencia f\u00edsica ira en ascenso y ser\u00e1 mucho\u00a0mayor.<\/p>\n<p>Uno de los refuerzos del granate para la venidera temporada, C\u00e9sar \u201cPeluche\u201d Gonz\u00e1lez,\u00a0se mostr\u00f3 satisfecho por el esfuerzo que viene haciendo el plantel, recalcando que a su\u00a0llegada se encontr\u00f3 con un grupo de jugadores comprometidos con los que encaj\u00f3 de\u00a0inmediato.<\/p>\n<p>\u201cComo bien han visto hemos trabajado muy duro, la primera semana fue muy\u00a0buena para nosotros, para adaptarnos, para conocernos. Estoy bastante contento,\u00a0el grupo de verdad muy bien, a la mayor\u00eda los conozco, estoy agradecido por\u00a0este recibimiento, yo creo que ellos vienen con las mismas ganas de hacer las\u00a0cosas bien, lo importante es seguir trabajando duro, esta pretemporada apenas\u00a0comienza\u201d, se\u00f1al\u00f3 el mediocampista industrial.\u00a0\u201cHay un grupo muy unido, todos tenemos la mentalidad de lo que queremos hacer\u00a0este torneo, queremos cosas importantes\u201d, a\u00f1adi\u00f3.<\/p>\n<p>Para Gonz\u00e1lez la pretemporada es una de las etapas m\u00e1s determinantes en cualquier\u00a0campa\u00f1a futbol\u00edstica, es por esto que se han venido entregando al m\u00e1ximo en esta fase\u00a0inicial, pensando tambi\u00e9n en llegar de buena forma al Complejo Vista Mar del litoral\u00a0carabobe\u00f1o, donde se realizaran los trabajos m\u00e1s duros por espacio de tres semanas.<\/p>\n<p>\u201cLa parte f\u00edsica es lo m\u00e1s importante, es la base de todo el a\u00f1o, mientras que\u00a0sigamos trabajando as\u00ed seremos m\u00e1s fuertes. La parte t\u00e1ctica creo que la haremos\u00a0en Puerto Cabello, donde estaremos m\u00e1s d\u00edas, pero tenemos que seguir trabajando\u00a0fuerte para hacer un buen torneo\u201d, asever\u00f3 el \u201cPeluche\u201d.<\/p>\n<p>El volante de 25 a\u00f1os de edad comparte la metodolog\u00eda que el cuerpo t\u00e9cnico ha venido\u00a0implementando desde el comienzo de la pretemporada, donde la \u201cn\u00famero 5\u201d siempre ha\u00a0estado presente en los entrenamientos.<\/p>\n<p>\u201cLa filosof\u00eda del profe Jhonny (Ferreira) es trabajar fuerte, pero con pelota que es\u00a0lo m\u00e1s importante, en acciones similares al partido, eso es lo que \u00e9l quiere y yo\u00a0creo que se ha reflejado bien, por ah\u00ed aun podemos estar un poco duros por el\u00a0trabajo f\u00edsico y las pesas, pero todo poco a poco va ir saliendo mejor\u201d, indic\u00f3 C\u00e9sar\u00a0Gonz\u00e1lez.<\/p>\n<p>Hasta el pr\u00f3ximo s\u00e1bado el Carabobo FC trabajar\u00e1 en la ciudad de Valencia, ya que\u00a0viajar\u00e1 el domingo 7 de julio a la ciudad de Puerto Cabello, donde permanecer\u00e1n por\u00a0espacio de tres semanas para completar con su fase de preparaci\u00f3n.<\/p>\n","protected":false},"excerpt":{"rendered":"<p>Rafael Green | Prensa Carabobo FC |\u00a02\/07\/2013 La vinotinto regional arranc\u00f3 con todo la segunda semana de su pretemporada, los\u00a0dirigidos por Jhonny Ferreira comenzaron a intensificar sus trabajos y siguen tomando\u00a0ritmo para el arranque del Torneo Apertura. El Polideportivo \u201cMisael Delgado\u201d de Valencia sigue siendo la trinchera del Carabobo FC\u00a0en estos primeros d\u00edas de entrenamientos, &#8230;<\/p>\n","protected":false},"author":4,"featured_media":2027,"comment_status":"closed","ping_status":"closed","sticky":false,"template":"","format":"standard","meta":{"footnotes":""},"categories":[29,5,31],"tags":[],"class_list":["post-2026","post","type-post","status-publish","format-standard","has-post-thumbnail","hentry","category-carabobo-fc","category-futbol-nacional","category-primera-division"],"_links":{"self":[{"href":"http:\/\/gradadigital.com\/home\/wp-json\/wp\/v2\/posts\/2026","targetHints":{"allow":["GET"]}}],"collection":[{"href":"http:\/\/gradadigital.com\/home\/wp-json\/wp\/v2\/posts"}],"about":[{"href":"http:\/\/gradadigital.com\/home\/wp-json\/wp\/v2\/types\/post"}],"author":[{"embeddable":true,"href":"http:\/\/gradadigital.com\/home\/wp-json\/wp\/v2\/users\/4"}],"replies":[{"embeddable":true,"href":"http:\/\/gradadigital.com\/home\/wp-json\/wp\/v2\/comments?post=2026"}],"version-history":[{"count":3,"href":"http:\/\/gradadigital.com\/home\/wp-json\/wp\/v2\/posts\/2026\/revisions"}],"predecessor-version":[{"id":2029,"href":"http:\/\/gradadigital.com\/home\/wp-json\/wp\/v2\/posts\/2026\/revisions\/2029"}],"wp:featuredmedia":[{"embeddable":true,"href":"http:\/\/gradadigital.com\/home\/wp-json\/wp\/v2\/media\/2027"}],"wp:attachment":[{"href":"http:\/\/gradadigital.com\/home\/wp-json\/wp\/v2\/media?parent=2026"}],"wp:term":[{"taxonomy":"category","embeddable":true,"href":"http:\/\/gradadigital.com\/home\/wp-json\/wp\/v2\/categories?post=2026"},{"taxonomy":"post_tag","embeddable":true,"href":"http:\/\/gradadigital.com\/home\/wp-json\/wp\/v2\/tags?post=2026"}],"curies":[{"name":"wp","href":"https:\/\/api.w.org\/{rel}","templated":true}]}}