{"id":20252,"date":"2015-06-03T20:30:07","date_gmt":"2015-06-04T01:00:07","guid":{"rendered":"http:\/\/gradadigital.com\/home\/?p=20252"},"modified":"2015-06-04T01:01:36","modified_gmt":"2015-06-04T05:31:36","slug":"llego-salomon-chita-ya-cuenta-con-los-23","status":"publish","type":"post","link":"http:\/\/gradadigital.com\/home\/llego-salomon-chita-ya-cuenta-con-los-23\/","title":{"rendered":"+FOTOS | \u00a1Lleg\u00f3 Salom\u00f3n! \u00abChita\u00bb ya cuenta con los 23"},"content":{"rendered":"<p style=\"text-align: center;\"><img loading=\"lazy\" decoding=\"async\" class=\"alignnone size-full wp-image-20253\" src=\"http:\/\/gradadigital.com\/home\/wp-content\/uploads\/2015\/06\/salomon_rondon_entrenamiento_venezuela_03062015.jpg\" alt=\"salomon_rondon_entrenamiento_venezuela_03062015\" width=\"682\" height=\"455\" srcset=\"http:\/\/gradadigital.com\/home\/wp-content\/uploads\/2015\/06\/salomon_rondon_entrenamiento_venezuela_03062015.jpg 682w, http:\/\/gradadigital.com\/home\/wp-content\/uploads\/2015\/06\/salomon_rondon_entrenamiento_venezuela_03062015-300x200.jpg 300w\" sizes=\"auto, (max-width: 682px) 100vw, 682px\" \/><\/p>\n<p style=\"text-align: center;\"><img loading=\"lazy\" decoding=\"async\" class=\"alignnone size-full wp-image-16349\" src=\"http:\/\/gradadigital.com\/home\/wp-content\/uploads\/2014\/12\/banner_opcion_comentarios_gd.jpg\" alt=\"banner_opcion_comentarios_gd\" width=\"621\" height=\"41\" srcset=\"http:\/\/gradadigital.com\/home\/wp-content\/uploads\/2014\/12\/banner_opcion_comentarios_gd.jpg 621w, http:\/\/gradadigital.com\/home\/wp-content\/uploads\/2014\/12\/banner_opcion_comentarios_gd-300x19.jpg 300w, http:\/\/gradadigital.com\/home\/wp-content\/uploads\/2014\/12\/banner_opcion_comentarios_gd-620x41.jpg 620w\" sizes=\"auto, (max-width: 621px) 100vw, 621px\" \/><\/p>\n<p style=\"text-align: justify;\"><strong>Prensa FVF. Mendoza, Argentina &#8211;<\/strong> El arribo esta ma\u00f1ana del delantero Jos\u00e9 Salom\u00f3n Rond\u00f3n a la concentraci\u00f3n de la selecci\u00f3n Vinotinto, permiti\u00f3 completar el grupo de los 23 convocados por el seleccionador nacional de f\u00fatbol, el director t\u00e9cnico guayan\u00e9s Noel Sanvicente, que competir\u00e1n desde el pr\u00f3ximo 14 de junio en la Copa Am\u00e9rica Chile 2015.<\/p>\n<p style=\"text-align: justify;\">Rond\u00f3n, goleador con el Zenit de San Petersburgo ruso, arrib\u00f3 luego de un largo viaje con muchas conexiones, pero le ofrece a Sanvicente y sus asistentes del cuerpo t\u00e9cnico de poder contar ya con todos sus futbolistas para completar la preparaci\u00f3n al importante torneo regional de selecciones.<\/p>\n<p style=\"text-align: justify;\">Venezuela debutar\u00e1 en la Copa Am\u00e9rica Chile 2015 ante el equipo de Colombia, juego pautado para el d\u00eda 14 en el estadio \u201cEl Teniente\u201d, de Rancagua; jugara frente a Per\u00fa el 18 en el estadio \u201cEl\u00edas Figueroa\u201d, de Valpara\u00edso; y culminar\u00e1 su accionar de la primera fase en busca del pase a cuartos de final ante Brasil, cotejo programado para el d\u00eda 21 en el estadio \u201cMonumental, de Santiago.<\/p>\n<p style=\"text-align: justify;\"><strong>A toda m\u00e1quina<\/strong><br \/>\nPor su parte, el equipo Vinotinto continu\u00f3 sin interrupciones sus preparativos diarios en las canchas de esta regi\u00f3n argentina, y hoy fue el turno de visitar el estadio \u201cMalvinas Argentinas\u201d de Mendoza.<\/p>\n<p style=\"text-align: justify;\">Sanvicente y su equipo t\u00e9cnico hicieron tres tiempos de juego, sesi\u00f3n en la cual particip\u00f3 una de las filiales del club Godoy Cruz, elenco de la primera divisi\u00f3n de este pa\u00eds, quienes han prestado una invalorable ayuda para que el equipo venezolano pula sus condiciones de juego y ensaye sus distintas variantes t\u00e1cticas.<\/p>\n<p style=\"text-align: justify;\">Ya con Rond\u00f3n, el equipo Vinotinto enfila sus bater\u00edas para lo que est\u00e1 planteado en el primer juego contra Colombia, vital para comenzar con buen pie en la copa chilena.<\/p>\n<p style=\"text-align: center;\"><strong>FOTOS<\/strong><br \/>\n<img decoding=\"async\" class=\"details-image\" draggable=\"false\" src=\"http:\/\/gradadigital.com\/home\/wp-content\/uploads\/2015\/06\/gelmin_rivas_entrenamiento_venezuela_mendoza_03062015.jpg\" alt=\"\" \/><\/p>\n<p style=\"text-align: center;\"><img decoding=\"async\" class=\"details-image\" draggable=\"false\" src=\"http:\/\/gradadigital.com\/home\/wp-content\/uploads\/2015\/06\/jhon_murillo_entrenamiento_venezuela_mendoza_03062015.jpg\" alt=\"\" \/><\/p>\n<p style=\"text-align: center;\"><img decoding=\"async\" class=\"details-image\" draggable=\"false\" src=\"http:\/\/gradadigital.com\/home\/wp-content\/uploads\/2015\/06\/rafael_acosta_entrenamiento_venezuela_mendoza_03062015.jpg\" alt=\"\" \/><\/p>\n<p style=\"text-align: center;\"><img decoding=\"async\" class=\"details-image\" draggable=\"false\" src=\"http:\/\/gradadigital.com\/home\/wp-content\/uploads\/2015\/06\/cesar_maestrico_gonzalez_entrenamiento_venezuela_mendoza_03062015.jpg\" alt=\"\" \/><\/p>\n<p style=\"text-align: center;\"><img decoding=\"async\" class=\"details-image\" draggable=\"false\" src=\"http:\/\/gradadigital.com\/home\/wp-content\/uploads\/2015\/06\/oswaldo_vizcarrondo_entrenamiento_venezuela_mendoza_03062015.jpg\" alt=\"\" \/><\/p>\n<p style=\"text-align: center;\"><img decoding=\"async\" class=\"details-image\" draggable=\"false\" src=\"http:\/\/gradadigital.com\/home\/wp-content\/uploads\/2015\/06\/dani_hernandez_entrenamiento_venezuela_mendoza_03062015.jpg\" alt=\"\" \/><\/p>\n<p style=\"text-align: center;\"><a href=\"https:\/\/play.google.com\/store\/apps\/details?id=com.app.gradadigital\" target=\"_blank\"><img loading=\"lazy\" decoding=\"async\" class=\"alignnone size-full wp-image-15415\" src=\"http:\/\/gradadigital.com\/home\/wp-content\/uploads\/2014\/10\/banner_aplicacion_V2_GRADADIGITAL_17102014.jpg\" alt=\"banner_aplicacion_V2_GRADADIGITAL_17102014\" width=\"620\" height=\"100\" srcset=\"http:\/\/gradadigital.com\/home\/wp-content\/uploads\/2014\/10\/banner_aplicacion_V2_GRADADIGITAL_17102014.jpg 620w, http:\/\/gradadigital.com\/home\/wp-content\/uploads\/2014\/10\/banner_aplicacion_V2_GRADADIGITAL_17102014-300x48.jpg 300w\" sizes=\"auto, (max-width: 620px) 100vw, 620px\" \/><\/a><\/p>\n","protected":false},"excerpt":{"rendered":"<p>Prensa FVF. Mendoza, Argentina &#8211; El arribo esta ma\u00f1ana del delantero Jos\u00e9 Salom\u00f3n Rond\u00f3n a la concentraci\u00f3n de la selecci\u00f3n Vinotinto, permiti\u00f3 completar el grupo de los 23 convocados por el seleccionador nacional de f\u00fatbol, el director t\u00e9cnico guayan\u00e9s Noel Sanvicente, que competir\u00e1n desde el pr\u00f3ximo 14 de junio en la Copa Am\u00e9rica Chile 2015. &#8230;<\/p>\n","protected":false},"author":4,"featured_media":20253,"comment_status":"closed","ping_status":"closed","sticky":false,"template":"","format":"standard","meta":{"footnotes":""},"categories":[43,752,42,36,40,3],"tags":[186,1206,932,1208,121,51,71],"class_list":["post-20252","post","type-post","status-publish","format-standard","has-post-thumbnail","hentry","category-fotos","category-appgd","category-copa-america","category-internacional","category-seleccion-nacional-mayores","category-seleccion-nacional","tag-argentina","tag-chile-2015","tag-copa-america","tag-mendoza","tag-salomon-rondon","tag-venezuela","tag-vinotinto"],"_links":{"self":[{"href":"http:\/\/gradadigital.com\/home\/wp-json\/wp\/v2\/posts\/20252","targetHints":{"allow":["GET"]}}],"collection":[{"href":"http:\/\/gradadigital.com\/home\/wp-json\/wp\/v2\/posts"}],"about":[{"href":"http:\/\/gradadigital.com\/home\/wp-json\/wp\/v2\/types\/post"}],"author":[{"embeddable":true,"href":"http:\/\/gradadigital.com\/home\/wp-json\/wp\/v2\/users\/4"}],"replies":[{"embeddable":true,"href":"http:\/\/gradadigital.com\/home\/wp-json\/wp\/v2\/comments?post=20252"}],"version-history":[{"count":3,"href":"http:\/\/gradadigital.com\/home\/wp-json\/wp\/v2\/posts\/20252\/revisions"}],"predecessor-version":[{"id":20279,"href":"http:\/\/gradadigital.com\/home\/wp-json\/wp\/v2\/posts\/20252\/revisions\/20279"}],"wp:featuredmedia":[{"embeddable":true,"href":"http:\/\/gradadigital.com\/home\/wp-json\/wp\/v2\/media\/20253"}],"wp:attachment":[{"href":"http:\/\/gradadigital.com\/home\/wp-json\/wp\/v2\/media?parent=20252"}],"wp:term":[{"taxonomy":"category","embeddable":true,"href":"http:\/\/gradadigital.com\/home\/wp-json\/wp\/v2\/categories?post=20252"},{"taxonomy":"post_tag","embeddable":true,"href":"http:\/\/gradadigital.com\/home\/wp-json\/wp\/v2\/tags?post=20252"}],"curies":[{"name":"wp","href":"https:\/\/api.w.org\/{rel}","templated":true}]}}