{"id":20228,"date":"2015-06-03T14:49:22","date_gmt":"2015-06-03T19:19:22","guid":{"rendered":"http:\/\/gradadigital.com\/home\/?p=20228"},"modified":"2015-06-03T14:58:28","modified_gmt":"2015-06-03T19:28:28","slug":"fotos-angel-osorio-es-el-nuevo-delantero-naranja","status":"publish","type":"post","link":"http:\/\/gradadigital.com\/home\/fotos-angel-osorio-es-el-nuevo-delantero-naranja\/","title":{"rendered":"+FOTOS | \u00c1ngel Osorio es el nuevo delantero naranja"},"content":{"rendered":"<p style=\"text-align: center;\"><img decoding=\"async\" class=\"details-image\" draggable=\"false\" src=\"http:\/\/gradadigital.com\/home\/wp-content\/uploads\/2015\/06\/angel_osorio_deportivo_laguaira_03062015_1.jpg\" alt=\"\" \/><\/p>\n<p style=\"text-align: center;\"><img decoding=\"async\" class=\"details-image\" draggable=\"false\" src=\"http:\/\/gradadigital.com\/home\/wp-content\/uploads\/2014\/12\/banner_opcion_comentarios_gd.jpg\" alt=\"\" \/><\/p>\n<p style=\"text-align: justify;\"><strong>Francesco Leggieri \/ Prensa Deportivo La Guaira &#8211;<\/strong> El Deportivo La Guaira contin\u00faa prepar\u00e1ndose para lo que ser\u00e1 el venidero Torneo de Adecuaci\u00f3n, por lo que suma a sus filas al atacante \u00c1ngel Osorio, quien firm\u00f3 contrato con la instituci\u00f3n por dos a\u00f1os y medio. El delantero de 24 a\u00f1os aterriza a la escuadra naranja con el firme prop\u00f3sito de ver m\u00e1s minutos.<\/p>\n<p style=\"text-align: justify;\"><strong>\u201cTengo que darle gracias a Dios por esta oportunidad, a la directiva por traerme y tomarme en cuenta, a los profesores\u201d<\/strong>, fueron las primeras palabras de \u00c1ngel Osorio, tras su vinculaci\u00f3n a la entidad guaire\u00f1a.<\/p>\n<p style=\"text-align: center;\"><img decoding=\"async\" class=\"details-image\" draggable=\"false\" src=\"http:\/\/gradadigital.com\/home\/wp-content\/uploads\/2015\/06\/angel_osorio_deportivo_laguaira_03062015_2.jpg\" alt=\"\" \/><\/p>\n<p style=\"text-align: justify;\">Osorio llega a la escuadra litoralense con sus objetivos bien claros:<strong> \u201cVer m\u00e1s minutos, tener m\u00e1s continuidad y as\u00ed hacerme un nombre como tal en el pa\u00eds, y que mejor manera que en esta instituci\u00f3n que viene haciendo las cosas bien. Estoy s\u00faper contento y a la expectativa de lo que se vendr\u00e1\u201d<\/strong>.<\/p>\n<p style=\"text-align: justify;\">Como todo delantero, Osorio promete goles. Sin embargo, el atacante agrega a su repertorio entrega y sacrificio a la casaca naranja. <strong>\u201cMi juego consiste en guerrear, luchar siempre. Vengo ac\u00e1 a hacer goles y espero aportar mucho a esta gran instituci\u00f3n, y as\u00ed ayudarlos en los distintos torneos que afrontemos\u201d<\/strong>.<\/p>\n<p style=\"text-align: justify;\">Lleno de alegr\u00eda por un nuevo reto en su carrera, Osorio encara los entrenamientos de La Guaira, mostr\u00e1ndose cada d\u00eda m\u00e1s acoplado al grupo. <strong> \u201cSon un grupo bastante unido, donde todos saben lo que quieren y todos saben que aqu\u00ed se trabaja. Fue fundamental llegar desde el inicio para as\u00ed poder irme adaptando al grupo\u201d<\/strong>.<\/p>\n<p style=\"text-align: center;\"><img decoding=\"async\" class=\"details-image\" draggable=\"false\" src=\"http:\/\/gradadigital.com\/home\/wp-content\/uploads\/2015\/06\/angel_osorio_deportivo_laguaira_03062015.jpg\" alt=\"\" \/><\/p>\n<p style=\"text-align: justify;\">Por \u00faltimo pero no menos importante, el nuevo integrante de La Guaira habl\u00f3 sobre la re\u00f1ida lucha en el frente de ataque.<strong> \u201cSon grand\u00edsimos jugadores y est\u00e1n claros que yo vengo a hacerme un espacio ac\u00e1 con trabajo y sacrificio. Ser\u00e1 una competencia bastante sana, donde todos vamos a querer jugar y vamos a dar lo mejor de s\u00ed\u201d<\/strong>, cerr\u00f3 el nativo de Yaracuy.<\/p>\n<p style=\"text-align: justify;\">\u00c1ngel Osorio se suma al uruguayo Jorge Ignacio Gonz\u00e1lez como las nuevas incorporaciones del Deportivo La Guaira para el venidero Torneo Adecuaci\u00f3n 2015.<\/p>\n<p style=\"text-align: justify;\"><strong><span style=\"text-decoration: underline;\">Ficha T\u00e9cnica<\/span>:<br \/>\nNombres: <\/strong>\u00c1ngel Arturo<br \/>\n<strong>Apellidos: <\/strong>Osorio Meza<br \/>\n<strong>Fecha y lugar de nacimiento: <\/strong>2 de noviembre de 1990, Yaracuy<br \/>\n<strong>Posici\u00f3n: <\/strong>Delantero<br \/>\n<strong>Peso: <\/strong>80 Kg<strong> | Altura: <\/strong>1, 75 cm<br \/>\n<strong>\u00daltimo equipo:<\/strong> Deportivo T\u00e1chira<\/p>\n<p style=\"text-align: center;\"><a href=\"https:\/\/play.google.com\/store\/apps\/details?id=com.app.gradadigital\" target=\"_blank\"><img decoding=\"async\" class=\"details-image\" draggable=\"false\" src=\"http:\/\/gradadigital.com\/home\/wp-content\/uploads\/2014\/10\/banner_aplicacion_V2_GRADADIGITAL_17102014.jpg\" alt=\"\" \/><\/a><\/p>\n","protected":false},"excerpt":{"rendered":"<p>Francesco Leggieri \/ Prensa Deportivo La Guaira &#8211; El Deportivo La Guaira contin\u00faa prepar\u00e1ndose para lo que ser\u00e1 el venidero Torneo de Adecuaci\u00f3n, por lo que suma a sus filas al atacante \u00c1ngel Osorio, quien firm\u00f3 contrato con la instituci\u00f3n por dos a\u00f1os y medio. El delantero de 24 a\u00f1os aterriza a la escuadra naranja &#8230;<\/p>\n","protected":false},"author":3,"featured_media":20231,"comment_status":"closed","ping_status":"closed","sticky":false,"template":"","format":"standard","meta":{"footnotes":""},"categories":[43,752,18,5,31],"tags":[1256,60,1218,1213],"class_list":["post-20228","post","type-post","status-publish","format-standard","has-post-thumbnail","hentry","category-fotos","category-appgd","category-real-esppor","category-futbol-nacional","category-primera-division","tag-angel-osorio","tag-deportivo-la-guaira","tag-torneo-de-adecuacion","tag-torneo-de-adecuacion-2015"],"_links":{"self":[{"href":"http:\/\/gradadigital.com\/home\/wp-json\/wp\/v2\/posts\/20228","targetHints":{"allow":["GET"]}}],"collection":[{"href":"http:\/\/gradadigital.com\/home\/wp-json\/wp\/v2\/posts"}],"about":[{"href":"http:\/\/gradadigital.com\/home\/wp-json\/wp\/v2\/types\/post"}],"author":[{"embeddable":true,"href":"http:\/\/gradadigital.com\/home\/wp-json\/wp\/v2\/users\/3"}],"replies":[{"embeddable":true,"href":"http:\/\/gradadigital.com\/home\/wp-json\/wp\/v2\/comments?post=20228"}],"version-history":[{"count":1,"href":"http:\/\/gradadigital.com\/home\/wp-json\/wp\/v2\/posts\/20228\/revisions"}],"predecessor-version":[{"id":20232,"href":"http:\/\/gradadigital.com\/home\/wp-json\/wp\/v2\/posts\/20228\/revisions\/20232"}],"wp:featuredmedia":[{"embeddable":true,"href":"http:\/\/gradadigital.com\/home\/wp-json\/wp\/v2\/media\/20231"}],"wp:attachment":[{"href":"http:\/\/gradadigital.com\/home\/wp-json\/wp\/v2\/media?parent=20228"}],"wp:term":[{"taxonomy":"category","embeddable":true,"href":"http:\/\/gradadigital.com\/home\/wp-json\/wp\/v2\/categories?post=20228"},{"taxonomy":"post_tag","embeddable":true,"href":"http:\/\/gradadigital.com\/home\/wp-json\/wp\/v2\/tags?post=20228"}],"curies":[{"name":"wp","href":"https:\/\/api.w.org\/{rel}","templated":true}]}}