{"id":20219,"date":"2015-06-03T03:57:13","date_gmt":"2015-06-03T08:27:13","guid":{"rendered":"http:\/\/gradadigital.com\/home\/?p=20219"},"modified":"2015-06-03T03:57:13","modified_gmt":"2015-06-03T08:27:13","slug":"luiz-gustavo-se-perdera-por-lesion-la-copa-america","status":"publish","type":"post","link":"http:\/\/gradadigital.com\/home\/luiz-gustavo-se-perdera-por-lesion-la-copa-america\/","title":{"rendered":"Luiz Gustavo se perder\u00e1 por lesi\u00f3n la Copa Am\u00e9rica"},"content":{"rendered":"<p style=\"text-align: center;\"><img decoding=\"async\" src=\"http:\/\/gradadigital.com\/home\/wp-content\/uploads\/2014\/06\/luiz_gustavo_brasil_chile_28062014.jpg\" alt=\"http:\/\/gradadigital.com\/home\/wp-content\/uploads\/2014\/06\/luiz_gustavo_brasil_chile_28062014.jpg\" \/><\/p>\n<p style=\"text-align: center;\"><img decoding=\"async\" class=\"details-image\" draggable=\"false\" src=\"http:\/\/gradadigital.com\/home\/wp-content\/uploads\/2014\/12\/banner_opcion_comentarios_gd.jpg\" alt=\"\" \/><\/p>\n<p style=\"text-align: justify;\"><strong>EFE &#8211;<\/strong> El centrocampista brasile\u00f1o Luiz Gustavo sufre una lesi\u00f3n de menisco y no podr\u00e1 jugar la Copa Am\u00e9rica, anunci\u00f3 hoy la Confederaci\u00f3n Brasile\u00f1a de F\u00fatbol (CBF).<\/p>\n<p style=\"text-align: justify;\">El m\u00e9dico de la selecci\u00f3n, Rodrigo Lasmar, constat\u00f3 que Luiz Gustavo padece una lesi\u00f3n de menisco lateral de la rodilla derecha, que le forzar\u00e1 a someterse a una operaci\u00f3n, seg\u00fan un comunicado de la CBF.<\/p>\n<p style=\"text-align: justify;\">El seleccionador brasile\u00f1o, Carlos Caetano Bledorn Verri \u00abDunga\u00bb, a\u00fan no ha anunciado qui\u00e9n ser\u00e1 el sustituto para el jugador del Wolfsburgo alem\u00e1n, que sol\u00eda ser uno de sus titulares.<\/p>\n<p style=\"text-align: justify;\">La baja de Luiz Gustavo se suma a la del defensa Marcelo y la del portero Diego Alves, que se lesionaron antes de incorporarse a la concentraci\u00f3n de Brasil, que comenz\u00f3 este lunes.<\/p>\n<p style=\"text-align: justify;\">El m\u00e9dico Rodrigo Lasmar y el preparador f\u00edsico F\u00e1bio Masheredjian tienen previsto conceder hoy una rueda de prensa para hablar sobre el estado f\u00edsico de los jugadores de la Canarinha.<\/p>\n<p style=\"text-align: justify;\">Brasil empieza hoy los entrenamientos en la Granja Comary, los campos de la CBF en la ciudad de Teres\u00f3polis, en las monta\u00f1as de R\u00edo de Janeiro.<\/p>\n<p style=\"text-align: justify;\">Antes de su viaje a Chile, la selecci\u00f3n brasile\u00f1a tiene programados dos amistosos, contra M\u00e9xico el pr\u00f3ximo domingo en Sao Paulo y contra Honduras en Porto Alegre tres d\u00edas despu\u00e9s.<\/p>\n<p style=\"text-align: justify;\">En la Copa Am\u00e9rica Brasil forma parte del Grupo C y debutar\u00e1 en el torneo contra Per\u00fa, en Temuco, el d\u00eda 14 y despu\u00e9s jugar\u00e1 contra Colombia y Venezuela en Santiago de Chile.<\/p>\n<p style=\"text-align: center;\"><a href=\"https:\/\/play.google.com\/store\/apps\/details?id=com.app.gradadigital\" target=\"_blank\"><img decoding=\"async\" class=\"details-image\" draggable=\"false\" src=\"http:\/\/gradadigital.com\/home\/wp-content\/uploads\/2014\/10\/banner_aplicacion_V2_GRADADIGITAL_17102014.jpg\" alt=\"\" \/><\/a><\/p>\n","protected":false},"excerpt":{"rendered":"<p>EFE &#8211; El centrocampista brasile\u00f1o Luiz Gustavo sufre una lesi\u00f3n de menisco y no podr\u00e1 jugar la Copa Am\u00e9rica, anunci\u00f3 hoy la Confederaci\u00f3n Brasile\u00f1a de F\u00fatbol (CBF). El m\u00e9dico de la selecci\u00f3n, Rodrigo Lasmar, constat\u00f3 que Luiz Gustavo padece una lesi\u00f3n de menisco lateral de la rodilla derecha, que le forzar\u00e1 a someterse a una &#8230;<\/p>\n","protected":false},"author":3,"featured_media":13444,"comment_status":"closed","ping_status":"closed","sticky":false,"template":"","format":"standard","meta":{"footnotes":""},"categories":[752,42,36,40,3],"tags":[348,1255,1206,1254,932,1253],"class_list":["post-20219","post","type-post","status-publish","format-standard","has-post-thumbnail","hentry","category-appgd","category-copa-america","category-internacional","category-seleccion-nacional-mayores","category-seleccion-nacional","tag-brasil","tag-cbf","tag-chile-2015","tag-confederacion-brasilena-de-futbol","tag-copa-america","tag-luiz-gustavo"],"_links":{"self":[{"href":"http:\/\/gradadigital.com\/home\/wp-json\/wp\/v2\/posts\/20219","targetHints":{"allow":["GET"]}}],"collection":[{"href":"http:\/\/gradadigital.com\/home\/wp-json\/wp\/v2\/posts"}],"about":[{"href":"http:\/\/gradadigital.com\/home\/wp-json\/wp\/v2\/types\/post"}],"author":[{"embeddable":true,"href":"http:\/\/gradadigital.com\/home\/wp-json\/wp\/v2\/users\/3"}],"replies":[{"embeddable":true,"href":"http:\/\/gradadigital.com\/home\/wp-json\/wp\/v2\/comments?post=20219"}],"version-history":[{"count":1,"href":"http:\/\/gradadigital.com\/home\/wp-json\/wp\/v2\/posts\/20219\/revisions"}],"predecessor-version":[{"id":20221,"href":"http:\/\/gradadigital.com\/home\/wp-json\/wp\/v2\/posts\/20219\/revisions\/20221"}],"wp:featuredmedia":[{"embeddable":true,"href":"http:\/\/gradadigital.com\/home\/wp-json\/wp\/v2\/media\/13444"}],"wp:attachment":[{"href":"http:\/\/gradadigital.com\/home\/wp-json\/wp\/v2\/media?parent=20219"}],"wp:term":[{"taxonomy":"category","embeddable":true,"href":"http:\/\/gradadigital.com\/home\/wp-json\/wp\/v2\/categories?post=20219"},{"taxonomy":"post_tag","embeddable":true,"href":"http:\/\/gradadigital.com\/home\/wp-json\/wp\/v2\/tags?post=20219"}],"curies":[{"name":"wp","href":"https:\/\/api.w.org\/{rel}","templated":true}]}}