{"id":20209,"date":"2015-06-02T21:11:06","date_gmt":"2015-06-03T01:41:06","guid":{"rendered":"http:\/\/gradadigital.com\/home\/?p=20209"},"modified":"2015-06-02T23:37:02","modified_gmt":"2015-06-03T04:07:02","slug":"johan-arrieche-y-nelson-hernandez-llegan-a-mineros","status":"publish","type":"post","link":"http:\/\/gradadigital.com\/home\/johan-arrieche-y-nelson-hernandez-llegan-a-mineros\/","title":{"rendered":"Johan Arrieche y Nelson Hern\u00e1ndez llegan a Mineros"},"content":{"rendered":"<p style=\"text-align: center;\"><img decoding=\"async\" class=\"details-image\" draggable=\"false\" src=\"http:\/\/gradadigital.com\/home\/wp-content\/uploads\/2015\/06\/johan_arrieche_02062015.jpg\" alt=\"\" \/><\/p>\n<p style=\"text-align: center;\"><img decoding=\"async\" class=\"details-image\" draggable=\"false\" src=\"http:\/\/gradadigital.com\/home\/wp-content\/uploads\/2014\/12\/banner_opcion_comentarios_gd.jpg\" alt=\"\" \/><\/p>\n<p style=\"text-align: justify;\"><strong>Prensa Mineros de Guayana &#8211;<\/strong> Mineros de Guayana sigue sumando juventud y calidad a sus filas. En esta oportunidad se trata de los j\u00f3venes jugadores, Johan Arrieche, quien viene de Deportivo Lara, y Nelson Hern\u00e1ndez, procedente de Metropolitanos FC.<\/p>\n<p style=\"text-align: justify;\">Arrieche y Hern\u00e1ndez firmaron con la instituci\u00f3n negriazul hasta diciembre de 2016, y desde este martes estar\u00e1n entrenando con el equipo, en el inicio de los entrenamientos de cara al Torneo de Adecuaci\u00f3n.<\/p>\n<p style=\"text-align: justify;\"><strong>Sumando al ataque<\/strong><br \/>\nEl nuevo delantero negriazul, Johan Arrieche, agradeci\u00f3 la oportunidad de pertenecer a un equipo como Mineros de Guayana, y manifest\u00f3 su admiraci\u00f3n y respeto por el t\u00e9cnico, Luis \u201cP\u00e1jaro\u201d Vera. <strong>\u201cVoy con todas las ganas y confianza a sudar la camiseta, y poder llegar lo m\u00e1s lejos posible con el equipo\u201d<\/strong>, dijo.<\/p>\n<p style=\"text-align: justify;\">El nativo de Barquisimeto asegur\u00f3 que, pese a su corta experiencia, se encarga de entrenar al m\u00e1ximo para mejorar lo que le haga falta, y sobran las ganas para salir adelante, luchar por t\u00edtulos y la estrella, para siempre alcanzar algo m\u00e1s en su carrera.<\/p>\n<p style=\"text-align: justify;\">El criollo llega a Mineros de Guayana enfocado en adaptarse al equipo e integrarse con sus compa\u00f1eros en el ataque negriazul, <strong>\u201cvoy a ganarme un puesto, dar lo mejor de m\u00ed para que el t\u00e9cnico vea la actitud, espero poder jugar la mayor cantidad de partidos posibles, salir adelante y conseguir las victorias domingo a domingo\u201d<\/strong>, sentenci\u00f3.<\/p>\n<p style=\"text-align: center;\"><img decoding=\"async\" class=\"details-image\" draggable=\"false\" src=\"http:\/\/gradadigital.com\/home\/wp-content\/uploads\/2015\/06\/nelson_hernandez_02062015.jpg\" alt=\"\" \/><\/p>\n<p style=\"text-align: justify;\"><strong>Apostando a la juventud<\/strong><br \/>\nEl volante ofensivo, Nelson \u201cTeto\u201d Hern\u00e1ndez, arrib\u00f3 la ma\u00f1ana de este martes a Puerto Ordaz, y en horas de la tarde ya trabajar\u00e1 con el equipo guayan\u00e9s. Asegur\u00f3 sentirse contento de estar en un club tan grande como Mineros de Guayana, <strong>\u201cno dud\u00e9 en venir, es un equipo grande, todos los a\u00f1os est\u00e1n peleando grandes cosas y esperamos este no sea la excepci\u00f3n\u201d<\/strong>, asegur\u00f3.<\/p>\n<p style=\"text-align: justify;\">Hern\u00e1ndez cree que con la llegada del t\u00e9cnico Luis \u201cP\u00e1jaro\u201d Vera se apostar\u00e1 mucho a la juventud, <strong>\u201ca chamos que venga a correr y a hacer el trabajo. Este f\u00fatbol no es solo de talento y ya, este f\u00fatbol es de correr, de meter, de hacer peque\u00f1as cosas que a la vez marcan diferencia\u201d<\/strong>, cerr\u00f3.<\/p>\n<p style=\"text-align: center;\"><a href=\"https:\/\/play.google.com\/store\/apps\/details?id=com.app.gradadigital\" target=\"_blank\"><img decoding=\"async\" class=\"details-image\" draggable=\"false\" src=\"http:\/\/gradadigital.com\/home\/wp-content\/uploads\/2014\/10\/banner_aplicacion_V2_GRADADIGITAL_17102014.jpg\" alt=\"\" \/><\/a><\/p>\n","protected":false},"excerpt":{"rendered":"<p>Prensa Mineros de Guayana &#8211; Mineros de Guayana sigue sumando juventud y calidad a sus filas. En esta oportunidad se trata de los j\u00f3venes jugadores, Johan Arrieche, quien viene de Deportivo Lara, y Nelson Hern\u00e1ndez, procedente de Metropolitanos FC. Arrieche y Hern\u00e1ndez firmaron con la instituci\u00f3n negriazul hasta diciembre de 2016, y desde este martes &#8230;<\/p>\n","protected":false},"author":3,"featured_media":20210,"comment_status":"closed","ping_status":"closed","sticky":false,"template":"","format":"standard","meta":{"footnotes":""},"categories":[752,5,15,31],"tags":[1246,158,1843,1247,1218],"class_list":["post-20209","post","type-post","status-publish","format-standard","has-post-thumbnail","hentry","category-appgd","category-futbol-nacional","category-mineros-de-guayana","category-primera-division","tag-johan-arrieche","tag-mineros","tag-mineros-de-guayana","tag-nelson-hernandez","tag-torneo-de-adecuacion"],"_links":{"self":[{"href":"http:\/\/gradadigital.com\/home\/wp-json\/wp\/v2\/posts\/20209","targetHints":{"allow":["GET"]}}],"collection":[{"href":"http:\/\/gradadigital.com\/home\/wp-json\/wp\/v2\/posts"}],"about":[{"href":"http:\/\/gradadigital.com\/home\/wp-json\/wp\/v2\/types\/post"}],"author":[{"embeddable":true,"href":"http:\/\/gradadigital.com\/home\/wp-json\/wp\/v2\/users\/3"}],"replies":[{"embeddable":true,"href":"http:\/\/gradadigital.com\/home\/wp-json\/wp\/v2\/comments?post=20209"}],"version-history":[{"count":1,"href":"http:\/\/gradadigital.com\/home\/wp-json\/wp\/v2\/posts\/20209\/revisions"}],"predecessor-version":[{"id":20212,"href":"http:\/\/gradadigital.com\/home\/wp-json\/wp\/v2\/posts\/20209\/revisions\/20212"}],"wp:featuredmedia":[{"embeddable":true,"href":"http:\/\/gradadigital.com\/home\/wp-json\/wp\/v2\/media\/20210"}],"wp:attachment":[{"href":"http:\/\/gradadigital.com\/home\/wp-json\/wp\/v2\/media?parent=20209"}],"wp:term":[{"taxonomy":"category","embeddable":true,"href":"http:\/\/gradadigital.com\/home\/wp-json\/wp\/v2\/categories?post=20209"},{"taxonomy":"post_tag","embeddable":true,"href":"http:\/\/gradadigital.com\/home\/wp-json\/wp\/v2\/tags?post=20209"}],"curies":[{"name":"wp","href":"https:\/\/api.w.org\/{rel}","templated":true}]}}