{"id":20144,"date":"2015-06-01T21:10:07","date_gmt":"2015-06-02T01:40:07","guid":{"rendered":"http:\/\/gradadigital.com\/home\/?p=20144"},"modified":"2015-06-01T21:10:07","modified_gmt":"2015-06-02T01:40:07","slug":"juan-colina-no-sigue-en-el-deportivo-lara","status":"publish","type":"post","link":"http:\/\/gradadigital.com\/home\/juan-colina-no-sigue-en-el-deportivo-lara\/","title":{"rendered":"Juan Colina no sigue en el Deportivo Lara"},"content":{"rendered":"<p style=\"text-align: center;\"><img decoding=\"async\" class=\"details-image\" draggable=\"false\" src=\"http:\/\/gradadigital.com\/home\/wp-content\/uploads\/2014\/03\/juan_colina_deportivo_lara_tucanes_02032014.jpg\" alt=\"\" \/><\/p>\n<p style=\"text-align: center;\"><img decoding=\"async\" class=\"details-image\" draggable=\"false\" src=\"http:\/\/gradadigital.com\/home\/wp-content\/uploads\/2014\/12\/banner_opcion_comentarios_gd.jpg\" alt=\"\" \/><\/p>\n<p style=\"text-align: justify;\"><strong>Prensa Deportivo Lara &#8211;<\/strong> La Junta Directiva rojinegra ha hecho oficial la no continuidad del jugador larense Juan Colina para la siguiente campa\u00f1a del Deportivo Lara en el f\u00fatbol profesional venezolano.<\/p>\n<p style=\"text-align: justify;\">El volante de contenci\u00f3n, que ven\u00eda jugando con el equipo desde 2009, no se mostr\u00f3 interesado en reunirse con el tren deportivo y ejecutivo para negociar su prolongaci\u00f3n con la instituci\u00f3n larense.<\/p>\n<p style=\"text-align: justify;\">En cinco temporadas con la oncena crepuscular acumul\u00f3 101 partidos vistiendo la rojinegra, donde logr\u00f3 anotar cuatro goles, todos por la v\u00eda a\u00e9rea y dej\u00f3 27 amonestaciones y apenas una sola cartulina roja para el volante de primera l\u00ednea.<\/p>\n<p style=\"text-align: justify;\">Toda la familia que conforma el Deportivo Lara le agradece al jugador que estuvo desde la fundaci\u00f3n del equipo e incluso desde el antiguo Guaros de Lara FC, y le desea el mayor de los \u00e9xitos en su nuevo destino.<\/p>\n<p style=\"text-align: center;\"><a href=\"https:\/\/play.google.com\/store\/apps\/details?id=com.app.gradadigital\" target=\"_blank\"><img decoding=\"async\" class=\"details-image\" draggable=\"false\" src=\"http:\/\/gradadigital.com\/home\/wp-content\/uploads\/2014\/10\/banner_aplicacion_V2_GRADADIGITAL_17102014.jpg\" alt=\"\" \/><\/a><\/p>\n","protected":false},"excerpt":{"rendered":"<p>Prensa Deportivo Lara &#8211; La Junta Directiva rojinegra ha hecho oficial la no continuidad del jugador larense Juan Colina para la siguiente campa\u00f1a del Deportivo Lara en el f\u00fatbol profesional venezolano. El volante de contenci\u00f3n, que ven\u00eda jugando con el equipo desde 2009, no se mostr\u00f3 interesado en reunirse con el tren deportivo y ejecutivo &#8230;<\/p>\n","protected":false},"author":3,"featured_media":9771,"comment_status":"closed","ping_status":"closed","sticky":false,"template":"","format":"standard","meta":{"footnotes":""},"categories":[752,8,5,31],"tags":[62,1009],"class_list":["post-20144","post","type-post","status-publish","format-standard","has-post-thumbnail","hentry","category-appgd","category-cd-lara","category-futbol-nacional","category-primera-division","tag-deportivo-lara","tag-juan-colina"],"_links":{"self":[{"href":"http:\/\/gradadigital.com\/home\/wp-json\/wp\/v2\/posts\/20144","targetHints":{"allow":["GET"]}}],"collection":[{"href":"http:\/\/gradadigital.com\/home\/wp-json\/wp\/v2\/posts"}],"about":[{"href":"http:\/\/gradadigital.com\/home\/wp-json\/wp\/v2\/types\/post"}],"author":[{"embeddable":true,"href":"http:\/\/gradadigital.com\/home\/wp-json\/wp\/v2\/users\/3"}],"replies":[{"embeddable":true,"href":"http:\/\/gradadigital.com\/home\/wp-json\/wp\/v2\/comments?post=20144"}],"version-history":[{"count":1,"href":"http:\/\/gradadigital.com\/home\/wp-json\/wp\/v2\/posts\/20144\/revisions"}],"predecessor-version":[{"id":20149,"href":"http:\/\/gradadigital.com\/home\/wp-json\/wp\/v2\/posts\/20144\/revisions\/20149"}],"wp:featuredmedia":[{"embeddable":true,"href":"http:\/\/gradadigital.com\/home\/wp-json\/wp\/v2\/media\/9771"}],"wp:attachment":[{"href":"http:\/\/gradadigital.com\/home\/wp-json\/wp\/v2\/media?parent=20144"}],"wp:term":[{"taxonomy":"category","embeddable":true,"href":"http:\/\/gradadigital.com\/home\/wp-json\/wp\/v2\/categories?post=20144"},{"taxonomy":"post_tag","embeddable":true,"href":"http:\/\/gradadigital.com\/home\/wp-json\/wp\/v2\/tags?post=20144"}],"curies":[{"name":"wp","href":"https:\/\/api.w.org\/{rel}","templated":true}]}}