{"id":20125,"date":"2015-06-01T12:41:18","date_gmt":"2015-06-01T17:11:18","guid":{"rendered":"http:\/\/gradadigital.com\/home\/?p=20125"},"modified":"2015-06-01T12:42:40","modified_gmt":"2015-06-01T17:12:40","slug":"mira-el-plantel-del-primer-rival-de-venezuela-en-la-copa-america","status":"publish","type":"post","link":"http:\/\/gradadigital.com\/home\/mira-el-plantel-del-primer-rival-de-venezuela-en-la-copa-america\/","title":{"rendered":"Mira el plantel del primer rival de Venezuela en la Copa Am\u00e9rica"},"content":{"rendered":"<p style=\"text-align: center;\"><a href=\"http:\/\/gradadigital.com\/home\/wp-content\/uploads\/2014\/06\/james_rodriguez_colombia_grecia_14062014.jpg\"><img loading=\"lazy\" decoding=\"async\" class=\"alignnone size-full wp-image-13082\" src=\"http:\/\/gradadigital.com\/home\/wp-content\/uploads\/2014\/06\/james_rodriguez_colombia_grecia_14062014.jpg\" alt=\"james_rodriguez_colombia_grecia_14062014\" width=\"682\" height=\"396\" srcset=\"http:\/\/gradadigital.com\/home\/wp-content\/uploads\/2014\/06\/james_rodriguez_colombia_grecia_14062014.jpg 682w, http:\/\/gradadigital.com\/home\/wp-content\/uploads\/2014\/06\/james_rodriguez_colombia_grecia_14062014-300x174.jpg 300w\" sizes=\"auto, (max-width: 682px) 100vw, 682px\" \/><\/a><\/p>\n<p style=\"text-align: center;\"><img loading=\"lazy\" decoding=\"async\" class=\"alignnone size-full wp-image-16349\" src=\"http:\/\/gradadigital.com\/home\/wp-content\/uploads\/2014\/12\/banner_opcion_comentarios_gd.jpg\" alt=\"banner_opcion_comentarios_gd\" width=\"621\" height=\"41\" srcset=\"http:\/\/gradadigital.com\/home\/wp-content\/uploads\/2014\/12\/banner_opcion_comentarios_gd.jpg 621w, http:\/\/gradadigital.com\/home\/wp-content\/uploads\/2014\/12\/banner_opcion_comentarios_gd-300x19.jpg 300w, http:\/\/gradadigital.com\/home\/wp-content\/uploads\/2014\/12\/banner_opcion_comentarios_gd-620x41.jpg 620w\" sizes=\"auto, (max-width: 621px) 100vw, 621px\" \/><\/p>\n<p style=\"text-align: justify;\"><strong>EFE &#8211;<\/strong> James Rodr\u00edguez y Falcao Garc\u00eda ser\u00e1n las dos estrellas que liderar\u00e1n el plantel de 23 jugadores de la selecci\u00f3n colombiana de f\u00fatbol en la Copa Am\u00e9rica que se inicia el pr\u00f3ximo 11 de junio en Chile, seg\u00fan dio a conocer hoy el t\u00e9cnico Jos\u00e9 Pekerman.<\/p>\n<p style=\"text-align: justify;\">El entrenador argentino explic\u00f3 en una rueda de prensa en Bogot\u00e1 que Abel Aguilar, del Touluse de Francia; Fredy Guar\u00edn, del Inter de Mil\u00e1n (Italia); Juan Fernando Quintero, del Porto (Portugal), y \u00c9der \u00c1lvarez Balanta del River Plate (Argentina) no han sido incluidos finalmente en la lista de seleccionados por razones m\u00e9dicas.<\/p>\n<p style=\"text-align: justify;\">Francisco Meza del Santa Fe, Johan Mojica del Valladolid de Espa\u00f1a y Andr\u00e9s Renter\u00eda del Santos Laguna mexicano, tambi\u00e9n quedaron fuera de la lista, que inicialmente compon\u00edan 30 jugadores, por cuestiones t\u00e9cnicas.<\/p>\n<p style=\"text-align: justify;\">Con esa plantilla y el broche de oro que supone el merengue James Rodr\u00edguez en el centro del campo, Colombia \u00abest\u00e1 capacitada para formar un once importante\u00bb, seg\u00fan destac\u00f3 Pekerman.<\/p>\n<p style=\"text-align: justify;\"><strong>&#8211; Lista de convocados de Colombia:<\/strong><\/p>\n<p style=\"text-align: justify;\">Arqueros: David Ospina (Arsenal-GBR), Camilo Vargas (Nacional) y Cristian Bonilla (La Equidad).<\/p>\n<p style=\"text-align: justify;\">Defensas: Carlos Vald\u00e9s (Nacional-URU), Cristian Zapata (Mil\u00e1n-ITA), Jeison Murillo (Granada-ESP), Camilo Z\u00fa\u00f1iga (N\u00e1poles-ITA), Pablo Armero (Flamengo-BRA), Darwin Andrade (Standard de Lieja-BEL), Santiago Arias (PSV Einhoven-NED), Pedro Franco (Besiktas-TUR).<\/p>\n<p style=\"text-align: justify;\">Volantes: Alexander Mej\u00eda (Monterrey-MEX), Carlos S\u00e1nchez (Aston Villa-ING), Edwin Cardona (Monterrey-MEX), Edwin Valencia (Santos-BRA), James Rodr\u00edguez (Real Madrid-ESP), Juan Guillermo Cuadrado (Chelsea-BGR).<\/p>\n<p style=\"text-align: justify;\">Delanteros: Carlos Bacca (Sevilla-ESP), Jackson Mart\u00ednez (Porto-POR), Luis Fernando Muriel (Sampdoria-ITA), Falcao Garc\u00eda (Manchester United-ING), V\u00edctor Ibarbo (Roma-ITA), Te\u00f3filo Guti\u00e9rrez (River Plate-ARG).<\/p>\n<p style=\"text-align: center;\"><a href=\"https:\/\/play.google.com\/store\/apps\/details?id=com.app.gradadigital\" target=\"_blank\"><img loading=\"lazy\" decoding=\"async\" class=\"alignnone size-full wp-image-15415\" src=\"http:\/\/gradadigital.com\/home\/wp-content\/uploads\/2014\/10\/banner_aplicacion_V2_GRADADIGITAL_17102014.jpg\" alt=\"banner_aplicacion_V2_GRADADIGITAL_17102014\" width=\"620\" height=\"100\" srcset=\"http:\/\/gradadigital.com\/home\/wp-content\/uploads\/2014\/10\/banner_aplicacion_V2_GRADADIGITAL_17102014.jpg 620w, http:\/\/gradadigital.com\/home\/wp-content\/uploads\/2014\/10\/banner_aplicacion_V2_GRADADIGITAL_17102014-300x48.jpg 300w\" sizes=\"auto, (max-width: 620px) 100vw, 620px\" \/><\/a><\/p>\n","protected":false},"excerpt":{"rendered":"<p>EFE &#8211; James Rodr\u00edguez y Falcao Garc\u00eda ser\u00e1n las dos estrellas que liderar\u00e1n el plantel de 23 jugadores de la selecci\u00f3n colombiana de f\u00fatbol en la Copa Am\u00e9rica que se inicia el pr\u00f3ximo 11 de junio en Chile, seg\u00fan dio a conocer hoy el t\u00e9cnico Jos\u00e9 Pekerman. El entrenador argentino explic\u00f3 en una rueda de &#8230;<\/p>\n","protected":false},"author":4,"featured_media":13871,"comment_status":"closed","ping_status":"closed","sticky":false,"template":"","format":"standard","meta":{"footnotes":""},"categories":[752,42,36,40,3],"tags":[],"class_list":["post-20125","post","type-post","status-publish","format-standard","has-post-thumbnail","hentry","category-appgd","category-copa-america","category-internacional","category-seleccion-nacional-mayores","category-seleccion-nacional"],"_links":{"self":[{"href":"http:\/\/gradadigital.com\/home\/wp-json\/wp\/v2\/posts\/20125","targetHints":{"allow":["GET"]}}],"collection":[{"href":"http:\/\/gradadigital.com\/home\/wp-json\/wp\/v2\/posts"}],"about":[{"href":"http:\/\/gradadigital.com\/home\/wp-json\/wp\/v2\/types\/post"}],"author":[{"embeddable":true,"href":"http:\/\/gradadigital.com\/home\/wp-json\/wp\/v2\/users\/4"}],"replies":[{"embeddable":true,"href":"http:\/\/gradadigital.com\/home\/wp-json\/wp\/v2\/comments?post=20125"}],"version-history":[{"count":2,"href":"http:\/\/gradadigital.com\/home\/wp-json\/wp\/v2\/posts\/20125\/revisions"}],"predecessor-version":[{"id":20127,"href":"http:\/\/gradadigital.com\/home\/wp-json\/wp\/v2\/posts\/20125\/revisions\/20127"}],"wp:featuredmedia":[{"embeddable":true,"href":"http:\/\/gradadigital.com\/home\/wp-json\/wp\/v2\/media\/13871"}],"wp:attachment":[{"href":"http:\/\/gradadigital.com\/home\/wp-json\/wp\/v2\/media?parent=20125"}],"wp:term":[{"taxonomy":"category","embeddable":true,"href":"http:\/\/gradadigital.com\/home\/wp-json\/wp\/v2\/categories?post=20125"},{"taxonomy":"post_tag","embeddable":true,"href":"http:\/\/gradadigital.com\/home\/wp-json\/wp\/v2\/tags?post=20125"}],"curies":[{"name":"wp","href":"https:\/\/api.w.org\/{rel}","templated":true}]}}