{"id":20104,"date":"2015-06-01T00:01:36","date_gmt":"2015-06-01T04:31:36","guid":{"rendered":"http:\/\/gradadigital.com\/home\/?p=20104"},"modified":"2015-06-01T00:06:47","modified_gmt":"2015-06-01T04:36:47","slug":"christian-santos-perdio-el-puesto-en-la-disputa-con-sus-companeros","status":"publish","type":"post","link":"http:\/\/gradadigital.com\/home\/christian-santos-perdio-el-puesto-en-la-disputa-con-sus-companeros\/","title":{"rendered":"Christian Santos perdi\u00f3 el puesto en la disputa con sus compa\u00f1eros"},"content":{"rendered":"<p style=\"text-align: center;\"><img loading=\"lazy\" decoding=\"async\" class=\"alignnone size-full wp-image-19840\" src=\"http:\/\/gradadigital.com\/home\/wp-content\/uploads\/2015\/05\/christian_Santos_franklin_lucena_entrenamiento_venezuela_copaamerica_21052015.jpg\" alt=\"christian_Santos_franklin_lucena_entrenamiento_venezuela_copaamerica_21052015\" width=\"682\" height=\"455\" srcset=\"http:\/\/gradadigital.com\/home\/wp-content\/uploads\/2015\/05\/christian_Santos_franklin_lucena_entrenamiento_venezuela_copaamerica_21052015.jpg 682w, http:\/\/gradadigital.com\/home\/wp-content\/uploads\/2015\/05\/christian_Santos_franklin_lucena_entrenamiento_venezuela_copaamerica_21052015-300x200.jpg 300w\" sizes=\"auto, (max-width: 682px) 100vw, 682px\" \/><\/p>\n<p style=\"text-align: center;\"><img loading=\"lazy\" decoding=\"async\" class=\"alignnone size-full wp-image-16349\" src=\"http:\/\/gradadigital.com\/home\/wp-content\/uploads\/2014\/12\/banner_opcion_comentarios_gd.jpg\" alt=\"banner_opcion_comentarios_gd\" width=\"621\" height=\"41\" srcset=\"http:\/\/gradadigital.com\/home\/wp-content\/uploads\/2014\/12\/banner_opcion_comentarios_gd.jpg 621w, http:\/\/gradadigital.com\/home\/wp-content\/uploads\/2014\/12\/banner_opcion_comentarios_gd-300x19.jpg 300w, http:\/\/gradadigital.com\/home\/wp-content\/uploads\/2014\/12\/banner_opcion_comentarios_gd-620x41.jpg 620w\" sizes=\"auto, (max-width: 621px) 100vw, 621px\" \/><\/p>\n<p style=\"text-align: justify;\"><strong>GradaDigital.com &#8211;<\/strong> El estratega de la Selecci\u00f3n Nacional, Noel Sanvicente, realiz\u00f3 pisiblemente una de las tareas m\u00e1s dif\u00edciles para un director t\u00e9cnico a la hora de definir un plantel de cara a un torneo oficial: <span style=\"color: #0000ff;\"><a style=\"color: #0000ff;\" href=\"http:\/\/gradadigital.com\/home\/oficial-esta-es-la-nomina-oficial-de-la-vinotinto-que-asistira-a-la-copa-america-2015\/\" target=\"_blank\">el corte de 23 jugadores\u00a0para la Copa Am\u00e9rica 2015<\/a><\/span>.<\/p>\n<p style=\"text-align: justify;\">Tras conocerse la n\u00f3mina oficial, las redes sociales apuntaron su inconformismo a la salida de Christian Santos, goleador en la Segunda Divisi\u00f3n de Holanda y que fuera muy tomado en cuenta por el estratega en lo que va de ciclo. <strong>\u00abEra zurdo y se ofreci\u00f3 a jugar de lateral por ah\u00ed. Pero necesita marcar m\u00e1s. Adelante hubo algunos que anduvieron mejor que \u00e9l en la competencia en el sector ofensivo. Pero tendr\u00e1 oportunidades. Hubo quien lo hizo un poquito mejor y eso tambi\u00e9n hay que valorarlo\u00bb<\/strong>, le expres\u00f3 Sanvicente al periodista <span style=\"color: #0000ff;\"><a style=\"color: #0000ff;\" href=\"https:\/\/twitter.com\/ramirezmusella\" target=\"_blank\">Javier Ram\u00edrez-Musella<\/a><\/span>, quien cubri\u00f3 el d\u00eda decisivo desde Mendoza.<\/p>\n<blockquote class=\"twitter-tweet\" lang=\"es\">\n<p dir=\"ltr\" lang=\"es\">Sanvicente sobre Santos m\u00e1s temprano: \u00abQuiz\u00e1s fueron detalles, pero en esta competencia hubo quien lo ha hecho un poquito mejor\u00bb.<\/p>\n<p>\u2014 J. Ram\u00edrez-Musella (@ramirezmusella) <a href=\"https:\/\/twitter.com\/ramirezmusella\/status\/605192819033165824\">junio 1, 2015<\/a><\/p><\/blockquote>\n<p><script src=\"\/\/platform.twitter.com\/widgets.js\" async=\"\" charset=\"utf-8\"><\/script><\/p>\n<p style=\"text-align: justify;\">A este corte se suma Alexander Gonz\u00e1lez por <span style=\"color: #0000ff;\"><a style=\"color: #0000ff;\" href=\"http:\/\/gradadigital.com\/home\/la-lesion-dejo-sin-copa-a-alexander-gonzalez\/\" target=\"_blank\">lesi\u00f3n (distensi\u00f3n del ligamento colateral interno rodilla derecha)<\/a><\/span> y Edder Far\u00edas, quien casi se hace un puesto tras una gran lucha que termin\u00f3 qued\u00e1ndose Gelm\u00edn Rivas.<\/p>\n<p style=\"text-align: justify;\"><strong>&#8211; TE PUEDE INTERESAR:<\/strong><\/p>\n<blockquote class=\"twitter-tweet\" data-partner=\"tweetdeck\">\n<p lang=\"es\" dir=\"ltr\">OFICIAL | Esta es la n\u00f3mina oficial de La Vinotinto que asistir\u00e1 a la Copa Am\u00e9rica 2015 <a href=\"http:\/\/t.co\/6D1f1HxQCC\">http:\/\/t.co\/6D1f1HxQCC<\/a> <a href=\"http:\/\/t.co\/3QBqdmlxHn\">pic.twitter.com\/3QBqdmlxHn<\/a><\/p>\n<p>&mdash; Grada Digital (@GradaDigital) <a href=\"https:\/\/twitter.com\/GradaDigital\/status\/605187691488124928\">June 1, 2015<\/a><\/p><\/blockquote>\n<p><script async src=\"\/\/platform.twitter.com\/widgets.js\" charset=\"utf-8\"><\/script><\/p>\n<p style=\"text-align: center;\"><a href=\"https:\/\/play.google.com\/store\/apps\/details?id=com.app.gradadigital\" target=\"_blank\"><img loading=\"lazy\" decoding=\"async\" class=\"alignnone size-full wp-image-15415\" src=\"http:\/\/gradadigital.com\/home\/wp-content\/uploads\/2014\/10\/banner_aplicacion_V2_GRADADIGITAL_17102014.jpg\" alt=\"banner_aplicacion_V2_GRADADIGITAL_17102014\" width=\"620\" height=\"100\" srcset=\"http:\/\/gradadigital.com\/home\/wp-content\/uploads\/2014\/10\/banner_aplicacion_V2_GRADADIGITAL_17102014.jpg 620w, http:\/\/gradadigital.com\/home\/wp-content\/uploads\/2014\/10\/banner_aplicacion_V2_GRADADIGITAL_17102014-300x48.jpg 300w\" sizes=\"auto, (max-width: 620px) 100vw, 620px\" \/><\/a><\/p>\n","protected":false},"excerpt":{"rendered":"<p>GradaDigital.com &#8211; El estratega de la Selecci\u00f3n Nacional, Noel Sanvicente, realiz\u00f3 pisiblemente una de las tareas m\u00e1s dif\u00edciles para un director t\u00e9cnico a la hora de definir un plantel de cara a un torneo oficial: el corte de 23 jugadores\u00a0para la Copa Am\u00e9rica 2015. Tras conocerse la n\u00f3mina oficial, las redes sociales apuntaron su inconformismo &#8230;<\/p>\n","protected":false},"author":4,"featured_media":19840,"comment_status":"closed","ping_status":"closed","sticky":false,"template":"","format":"standard","meta":{"footnotes":""},"categories":[752,42,36,40,3],"tags":[],"class_list":["post-20104","post","type-post","status-publish","format-standard","has-post-thumbnail","hentry","category-appgd","category-copa-america","category-internacional","category-seleccion-nacional-mayores","category-seleccion-nacional"],"_links":{"self":[{"href":"http:\/\/gradadigital.com\/home\/wp-json\/wp\/v2\/posts\/20104","targetHints":{"allow":["GET"]}}],"collection":[{"href":"http:\/\/gradadigital.com\/home\/wp-json\/wp\/v2\/posts"}],"about":[{"href":"http:\/\/gradadigital.com\/home\/wp-json\/wp\/v2\/types\/post"}],"author":[{"embeddable":true,"href":"http:\/\/gradadigital.com\/home\/wp-json\/wp\/v2\/users\/4"}],"replies":[{"embeddable":true,"href":"http:\/\/gradadigital.com\/home\/wp-json\/wp\/v2\/comments?post=20104"}],"version-history":[{"count":3,"href":"http:\/\/gradadigital.com\/home\/wp-json\/wp\/v2\/posts\/20104\/revisions"}],"predecessor-version":[{"id":20107,"href":"http:\/\/gradadigital.com\/home\/wp-json\/wp\/v2\/posts\/20104\/revisions\/20107"}],"wp:featuredmedia":[{"embeddable":true,"href":"http:\/\/gradadigital.com\/home\/wp-json\/wp\/v2\/media\/19840"}],"wp:attachment":[{"href":"http:\/\/gradadigital.com\/home\/wp-json\/wp\/v2\/media?parent=20104"}],"wp:term":[{"taxonomy":"category","embeddable":true,"href":"http:\/\/gradadigital.com\/home\/wp-json\/wp\/v2\/categories?post=20104"},{"taxonomy":"post_tag","embeddable":true,"href":"http:\/\/gradadigital.com\/home\/wp-json\/wp\/v2\/tags?post=20104"}],"curies":[{"name":"wp","href":"https:\/\/api.w.org\/{rel}","templated":true}]}}