{"id":2008,"date":"2013-07-01T23:44:07","date_gmt":"2013-07-02T04:14:07","guid":{"rendered":"http:\/\/gradadigital.com\/home\/?p=2008"},"modified":"2013-07-01T23:44:07","modified_gmt":"2013-07-02T04:14:07","slug":"el-petare-ya-se-instalo-en-puerto-la-cruz","status":"publish","type":"post","link":"http:\/\/gradadigital.com\/home\/el-petare-ya-se-instalo-en-puerto-la-cruz\/","title":{"rendered":"El Petare ya se instal\u00f3 en Puerto La Cruz"},"content":{"rendered":"<p><strong><a href=\"http:\/\/gradadigital.com\/home\/wp-content\/uploads\/2013\/07\/petare_entrenamiento_01072013.jpg\"><img loading=\"lazy\" decoding=\"async\" class=\"size-full wp-image-2009 aligncenter\" alt=\"petare_entrenamiento_01072013\" src=\"http:\/\/gradadigital.com\/home\/wp-content\/uploads\/2013\/07\/petare_entrenamiento_01072013.jpg\" width=\"596\" height=\"346\" srcset=\"http:\/\/gradadigital.com\/home\/wp-content\/uploads\/2013\/07\/petare_entrenamiento_01072013.jpg 596w, http:\/\/gradadigital.com\/home\/wp-content\/uploads\/2013\/07\/petare_entrenamiento_01072013-300x174.jpg 300w\" sizes=\"auto, (max-width: 596px) 100vw, 596px\" \/><\/a><\/strong><\/p>\n<p><strong>Rodolfo Rutilo.-\u00a0<\/strong><strong>Prensa Deportivo Petare<\/strong><\/p>\n<p>El Deportivo Petare parti\u00f3 \u00a0hoy a las 7 de la ma\u00f1ana a Puerto La Cruz, para iniciar su segunda fase de la pretemporada, despu\u00e9s de haber completado la primera que fue de adaptaci\u00f3n, ahora los 33 jugadores que viajaron, estar\u00e1n concentrados por 18 d\u00edas para as\u00ed llegar al tope f\u00edsico.<\/p>\n<p>Se espera que durante su estancia en suelo Portocruzano, el conjunto parroquial haga alg\u00fan partido amistoso, para ir agarrando poco a poco el ritmo futbol\u00edstico, para iniciar de la mejor manera el torneo apertura 2013, donde casualmente enfrentar\u00e1 en su primer partido al Deportivo Anzo\u00e1tegui en condici\u00f3n de visitante.<\/p>\n<p>El equipo Parroquial iniciar\u00e1 su primer entrenamiento hoy a las 5 de la tarde en la playa los Canales, para as\u00ed empezar de lleno con la segunda parte de la pretemporada, que ya estaba previsto por el cuerpo t\u00e9cnico.<\/p>\n<p>Luis Morales preparador f\u00edsico habl\u00f3 sobre los trabajo que se har\u00e1n en la playa, \u201c<strong>Con respecto a la arena, voy a manejar las distancias cortas o VO2 m\u00e1ximo\u00a0<\/strong>(cantidad m\u00e1xima de ox\u00edgeno que el organismo puede absorber)<strong>\u00a0en la arena y despu\u00e9s se corrige con trabajos de coordinaci\u00f3n en cancha, pero espec\u00edficamente todo lo que se acumul\u00f3 en fuerza, en Caracas, trato de ver como lo voy transformando con la arena de la playa, en combinaci\u00f3n con los trabajos de cancha, con reducido en la ma\u00f1ana y en t\u00e9cnico-t\u00e1ctico y ritmo futbol\u00edstico en las tardes. \u00a0La fuerza se va intensificando para que posteriormente todo eso se convierta en potencia<\/strong>\u201d. Dijo.<\/p>\n<p>Con respecto a las discrepancias que suele haber sobre los trabajos es arena Morales dijo que \u201c<strong>Cada quien, dependiendo como elija manejarlo, le da los resultado buscados o no, a mi me los ha dado siempre y yo espero que esta vez no vaya hacer la excepci\u00f3n, del hecho de que vamos a estar a la altura del nivel del mar, no significa que nosotros no vamos a salir de la arena de la playa. Son trabajos espec\u00edficos en la arena de la playa, pero la idea de salir de Caracas pasa por la concentraci\u00f3n, por tenerlos a todos juntos, por tener doble turno y poder manejarlos nosotros<\/strong>.\u201d Concluy\u00f3 Luis Morales.<\/p>\n","protected":false},"excerpt":{"rendered":"<p>Rodolfo Rutilo.-\u00a0Prensa Deportivo Petare El Deportivo Petare parti\u00f3 \u00a0hoy a las 7 de la ma\u00f1ana a Puerto La Cruz, para iniciar su segunda fase de la pretemporada, despu\u00e9s de haber completado la primera que fue de adaptaci\u00f3n, ahora los 33 jugadores que viajaron, estar\u00e1n concentrados por 18 d\u00edas para as\u00ed llegar al tope f\u00edsico. Se &#8230;<\/p>\n","protected":false},"author":4,"featured_media":2009,"comment_status":"closed","ping_status":"closed","sticky":false,"template":"","format":"standard","meta":{"footnotes":""},"categories":[23,5,31],"tags":[],"class_list":["post-2008","post","type-post","status-publish","format-standard","has-post-thumbnail","hentry","category-deportivo-petare","category-futbol-nacional","category-primera-division"],"_links":{"self":[{"href":"http:\/\/gradadigital.com\/home\/wp-json\/wp\/v2\/posts\/2008","targetHints":{"allow":["GET"]}}],"collection":[{"href":"http:\/\/gradadigital.com\/home\/wp-json\/wp\/v2\/posts"}],"about":[{"href":"http:\/\/gradadigital.com\/home\/wp-json\/wp\/v2\/types\/post"}],"author":[{"embeddable":true,"href":"http:\/\/gradadigital.com\/home\/wp-json\/wp\/v2\/users\/4"}],"replies":[{"embeddable":true,"href":"http:\/\/gradadigital.com\/home\/wp-json\/wp\/v2\/comments?post=2008"}],"version-history":[{"count":2,"href":"http:\/\/gradadigital.com\/home\/wp-json\/wp\/v2\/posts\/2008\/revisions"}],"predecessor-version":[{"id":2011,"href":"http:\/\/gradadigital.com\/home\/wp-json\/wp\/v2\/posts\/2008\/revisions\/2011"}],"wp:featuredmedia":[{"embeddable":true,"href":"http:\/\/gradadigital.com\/home\/wp-json\/wp\/v2\/media\/2009"}],"wp:attachment":[{"href":"http:\/\/gradadigital.com\/home\/wp-json\/wp\/v2\/media?parent=2008"}],"wp:term":[{"taxonomy":"category","embeddable":true,"href":"http:\/\/gradadigital.com\/home\/wp-json\/wp\/v2\/categories?post=2008"},{"taxonomy":"post_tag","embeddable":true,"href":"http:\/\/gradadigital.com\/home\/wp-json\/wp\/v2\/tags?post=2008"}],"curies":[{"name":"wp","href":"https:\/\/api.w.org\/{rel}","templated":true}]}}