{"id":20077,"date":"2015-05-30T15:54:21","date_gmt":"2015-05-30T20:24:21","guid":{"rendered":"http:\/\/gradadigital.com\/home\/?p=20077"},"modified":"2015-05-30T15:54:21","modified_gmt":"2015-05-30T20:24:21","slug":"seijas-se-incorpora-a-los-entrenamientos-en-mendoza","status":"publish","type":"post","link":"http:\/\/gradadigital.com\/home\/seijas-se-incorpora-a-los-entrenamientos-en-mendoza\/","title":{"rendered":"Seijas se incorpora a los entrenamientos en Mendoza"},"content":{"rendered":"<p style=\"text-align: center;\"><img loading=\"lazy\" decoding=\"async\" class=\"alignnone size-full wp-image-20078\" src=\"http:\/\/gradadigital.com\/home\/wp-content\/uploads\/2015\/05\/juan_arango_wilker_angel_entrenamiento_venezuela_30052015.jpg\" alt=\"juan_arango_wilker_angel_entrenamiento_venezuela_30052015\" width=\"682\" height=\"455\" srcset=\"http:\/\/gradadigital.com\/home\/wp-content\/uploads\/2015\/05\/juan_arango_wilker_angel_entrenamiento_venezuela_30052015.jpg 682w, http:\/\/gradadigital.com\/home\/wp-content\/uploads\/2015\/05\/juan_arango_wilker_angel_entrenamiento_venezuela_30052015-300x200.jpg 300w\" sizes=\"auto, (max-width: 682px) 100vw, 682px\" \/><\/p>\n<p style=\"text-align: center;\"><img loading=\"lazy\" decoding=\"async\" class=\"alignnone size-full wp-image-16349\" src=\"http:\/\/gradadigital.com\/home\/wp-content\/uploads\/2014\/12\/banner_opcion_comentarios_gd.jpg\" alt=\"banner_opcion_comentarios_gd\" width=\"621\" height=\"41\" srcset=\"http:\/\/gradadigital.com\/home\/wp-content\/uploads\/2014\/12\/banner_opcion_comentarios_gd.jpg 621w, http:\/\/gradadigital.com\/home\/wp-content\/uploads\/2014\/12\/banner_opcion_comentarios_gd-300x19.jpg 300w, http:\/\/gradadigital.com\/home\/wp-content\/uploads\/2014\/12\/banner_opcion_comentarios_gd-620x41.jpg 620w\" sizes=\"auto, (max-width: 621px) 100vw, 621px\" \/><\/p>\n<p style=\"text-align: justify;\"><strong>PRENSA FVF\/MENDOZA-ARGENTINA &#8211;\u00a0<\/strong>La \u00faltima incorporaci\u00f3n a la selecci\u00f3n de f\u00fatbol Vinotinto que se alista en esta ciudad argentina desde el pasado 23 de mayo, es la del volante del Santa Fe colombiano, Luis Manuel Seijas, quien arrib\u00f3 este s\u00e1bado para integrarse de lleno al grupo que dirige el seleccionador nacional venezolano, el director t\u00e9cnico guayan\u00e9s Noel Sanvicente.<\/p>\n<p style=\"text-align: justify;\">Seijas es el futbolista n\u00famero 22 del listado de 26 convocados por el estratega para enfrentar la Copa Am\u00e9rica de Chile 2015 que comienza el pr\u00f3ximo 11 de junio. Faltan por reportarse el portero Dani Hern\u00e1ndez, el volante Tom\u00e1s Rinc\u00f3n y los delanteros Josef \u00a0Mart\u00ednez y Jos\u00e9 Salom\u00f3n Rond\u00f3n, aunque, de inmediato, este lunes primero de junio, habr\u00e1 un corte definitivo de tres jugadores para llevar el equipo a los 23 que exige la organizaci\u00f3n de la Copa Am\u00e9rica.<\/p>\n<p style=\"text-align: justify;\">Entretanto, el equipo venezolano mantuvo sus entrenamientos, la tarde del viernes ejecut\u00f3 sus rutinas en el estadio Malvinas Argentinas, y la ma\u00f1ana de este s\u00e1bado asisti\u00f3 al predio de Luna India, en Coquimbito.<\/p>\n<p style=\"text-align: justify;\">Por la tarde, correspond\u00eda entrenar en las canchas de Godoy Cruz tambi\u00e9n en Coquimbito, todo con la intenci\u00f3n de seguir perfilando el equipo que presentar\u00e1 Venezuela en su debut copero ante Colombia el d\u00eda 14 de junio, en Rancagua, como parte del grupo C que conforman, adem\u00e1s, Per\u00fa y Brasil.<\/p>\n<p style=\"text-align: justify;\"><strong>Suspendido fogueo con Bolivia<\/strong><\/p>\n<p style=\"text-align: justify;\">Por otra parte, se conoci\u00f3 que fue suspendido el fogueo entre las selecciones de f\u00fatbol de Venezuela y Bolivia, pautado para este domingo 31 en el estadio Malvinas Argentinas, de Mendoza.<\/p>\n<p style=\"text-align: justify;\">Detalles administrativos impidieron llevar a cabo el choque, muy necesario para la preparaci\u00f3n de ambos conjuntos aspirantes en la Copa Am\u00e9rica de Chile 2015.<\/p>\n<p style=\"text-align: center;\"><a href=\"https:\/\/play.google.com\/store\/apps\/details?id=com.app.gradadigital\" target=\"_blank\"><img loading=\"lazy\" decoding=\"async\" class=\"alignnone size-full wp-image-15415\" src=\"http:\/\/gradadigital.com\/home\/wp-content\/uploads\/2014\/10\/banner_aplicacion_V2_GRADADIGITAL_17102014.jpg\" alt=\"banner_aplicacion_V2_GRADADIGITAL_17102014\" width=\"620\" height=\"100\" srcset=\"http:\/\/gradadigital.com\/home\/wp-content\/uploads\/2014\/10\/banner_aplicacion_V2_GRADADIGITAL_17102014.jpg 620w, http:\/\/gradadigital.com\/home\/wp-content\/uploads\/2014\/10\/banner_aplicacion_V2_GRADADIGITAL_17102014-300x48.jpg 300w\" sizes=\"auto, (max-width: 620px) 100vw, 620px\" \/><\/a><\/p>\n","protected":false},"excerpt":{"rendered":"<p>PRENSA FVF\/MENDOZA-ARGENTINA &#8211;\u00a0La \u00faltima incorporaci\u00f3n a la selecci\u00f3n de f\u00fatbol Vinotinto que se alista en esta ciudad argentina desde el pasado 23 de mayo, es la del volante del Santa Fe colombiano, Luis Manuel Seijas, quien arrib\u00f3 este s\u00e1bado para integrarse de lleno al grupo que dirige el seleccionador nacional venezolano, el director t\u00e9cnico guayan\u00e9s &#8230;<\/p>\n","protected":false},"author":4,"featured_media":20078,"comment_status":"closed","ping_status":"closed","sticky":false,"template":"","format":"standard","meta":{"footnotes":""},"categories":[752,42,36,40,3],"tags":[],"class_list":["post-20077","post","type-post","status-publish","format-standard","has-post-thumbnail","hentry","category-appgd","category-copa-america","category-internacional","category-seleccion-nacional-mayores","category-seleccion-nacional"],"_links":{"self":[{"href":"http:\/\/gradadigital.com\/home\/wp-json\/wp\/v2\/posts\/20077","targetHints":{"allow":["GET"]}}],"collection":[{"href":"http:\/\/gradadigital.com\/home\/wp-json\/wp\/v2\/posts"}],"about":[{"href":"http:\/\/gradadigital.com\/home\/wp-json\/wp\/v2\/types\/post"}],"author":[{"embeddable":true,"href":"http:\/\/gradadigital.com\/home\/wp-json\/wp\/v2\/users\/4"}],"replies":[{"embeddable":true,"href":"http:\/\/gradadigital.com\/home\/wp-json\/wp\/v2\/comments?post=20077"}],"version-history":[{"count":1,"href":"http:\/\/gradadigital.com\/home\/wp-json\/wp\/v2\/posts\/20077\/revisions"}],"predecessor-version":[{"id":20079,"href":"http:\/\/gradadigital.com\/home\/wp-json\/wp\/v2\/posts\/20077\/revisions\/20079"}],"wp:featuredmedia":[{"embeddable":true,"href":"http:\/\/gradadigital.com\/home\/wp-json\/wp\/v2\/media\/20078"}],"wp:attachment":[{"href":"http:\/\/gradadigital.com\/home\/wp-json\/wp\/v2\/media?parent=20077"}],"wp:term":[{"taxonomy":"category","embeddable":true,"href":"http:\/\/gradadigital.com\/home\/wp-json\/wp\/v2\/categories?post=20077"},{"taxonomy":"post_tag","embeddable":true,"href":"http:\/\/gradadigital.com\/home\/wp-json\/wp\/v2\/tags?post=20077"}],"curies":[{"name":"wp","href":"https:\/\/api.w.org\/{rel}","templated":true}]}}