{"id":20062,"date":"2015-05-30T10:58:38","date_gmt":"2015-05-30T15:28:38","guid":{"rendered":"http:\/\/gradadigital.com\/home\/?p=20062"},"modified":"2015-05-30T10:58:38","modified_gmt":"2015-05-30T15:28:38","slug":"julio-quintero-no-continua-en-zamora","status":"publish","type":"post","link":"http:\/\/gradadigital.com\/home\/julio-quintero-no-continua-en-zamora\/","title":{"rendered":"Julio Quintero no contin\u00faa en Zamora"},"content":{"rendered":"<p style=\"text-align: center;\"><img decoding=\"async\" class=\"details-image\" draggable=\"false\" src=\"http:\/\/gradadigital.com\/home\/wp-content\/uploads\/2015\/03\/julio_quintero_zamora_tucanes_01032015.jpg\" alt=\"\" \/><\/p>\n<p style=\"text-align: center;\"><img decoding=\"async\" class=\"details-image\" draggable=\"false\" src=\"http:\/\/gradadigital.com\/home\/wp-content\/uploads\/2014\/12\/banner_opcion_comentarios_gd.jpg\" alt=\"\" \/><\/p>\n<blockquote>\n<p style=\"text-align: center;\"><strong>COMUNICADO OFICIAL <\/strong><\/p>\n<p style=\"text-align: justify;\"><strong>\u00a0<\/strong>La junta directiva del Zamora F\u00fatbol Club, hace oficial la no continuidad del profesor Julio Quintero en el plantel de primera divisi\u00f3n, una vez finalizado su contrato. Agradecemos tanto a \u00e9l como a su Cuerpo T\u00e9cnico, el trabajo realizado para nuestra instituci\u00f3n y les deseamos \u00e9xitos en sus nuevos retos profesionales.<\/p>\n<\/blockquote>\n<p style=\"text-align: center;\"><a href=\"https:\/\/play.google.com\/store\/apps\/details?id=com.app.gradadigital\" target=\"_blank\"><img decoding=\"async\" class=\"details-image\" draggable=\"false\" src=\"http:\/\/gradadigital.com\/home\/wp-content\/uploads\/2014\/10\/banner_aplicacion_V2_GRADADIGITAL_17102014.jpg\" alt=\"\" \/><\/a><\/p>\n","protected":false},"excerpt":{"rendered":"<p>COMUNICADO OFICIAL \u00a0La junta directiva del Zamora F\u00fatbol Club, hace oficial la no continuidad del profesor Julio Quintero en el plantel de primera divisi\u00f3n, una vez finalizado su contrato. Agradecemos tanto a \u00e9l como a su Cuerpo T\u00e9cnico, el trabajo realizado para nuestra instituci\u00f3n y les deseamos \u00e9xitos en sus nuevos retos profesionales.<\/p>\n","protected":false},"author":3,"featured_media":18971,"comment_status":"closed","ping_status":"closed","sticky":false,"template":"","format":"standard","meta":{"footnotes":""},"categories":[752,5,31,21],"tags":[990,1218,221,1847],"class_list":["post-20062","post","type-post","status-publish","format-standard","has-post-thumbnail","hentry","category-appgd","category-futbol-nacional","category-primera-division","category-zamora-fc","tag-julio-quintero","tag-torneo-de-adecuacion","tag-zamora","tag-zamora-fc"],"_links":{"self":[{"href":"http:\/\/gradadigital.com\/home\/wp-json\/wp\/v2\/posts\/20062","targetHints":{"allow":["GET"]}}],"collection":[{"href":"http:\/\/gradadigital.com\/home\/wp-json\/wp\/v2\/posts"}],"about":[{"href":"http:\/\/gradadigital.com\/home\/wp-json\/wp\/v2\/types\/post"}],"author":[{"embeddable":true,"href":"http:\/\/gradadigital.com\/home\/wp-json\/wp\/v2\/users\/3"}],"replies":[{"embeddable":true,"href":"http:\/\/gradadigital.com\/home\/wp-json\/wp\/v2\/comments?post=20062"}],"version-history":[{"count":2,"href":"http:\/\/gradadigital.com\/home\/wp-json\/wp\/v2\/posts\/20062\/revisions"}],"predecessor-version":[{"id":20064,"href":"http:\/\/gradadigital.com\/home\/wp-json\/wp\/v2\/posts\/20062\/revisions\/20064"}],"wp:featuredmedia":[{"embeddable":true,"href":"http:\/\/gradadigital.com\/home\/wp-json\/wp\/v2\/media\/18971"}],"wp:attachment":[{"href":"http:\/\/gradadigital.com\/home\/wp-json\/wp\/v2\/media?parent=20062"}],"wp:term":[{"taxonomy":"category","embeddable":true,"href":"http:\/\/gradadigital.com\/home\/wp-json\/wp\/v2\/categories?post=20062"},{"taxonomy":"post_tag","embeddable":true,"href":"http:\/\/gradadigital.com\/home\/wp-json\/wp\/v2\/tags?post=20062"}],"curies":[{"name":"wp","href":"https:\/\/api.w.org\/{rel}","templated":true}]}}