{"id":20053,"date":"2015-05-30T00:40:59","date_gmt":"2015-05-30T05:10:59","guid":{"rendered":"http:\/\/gradadigital.com\/home\/?p=20053"},"modified":"2015-05-30T00:40:59","modified_gmt":"2015-05-30T05:10:59","slug":"rubert-quijada-renueva-con-el-caracas","status":"publish","type":"post","link":"http:\/\/gradadigital.com\/home\/rubert-quijada-renueva-con-el-caracas\/","title":{"rendered":"Rubert Quijada renueva con el Caracas"},"content":{"rendered":"<p style=\"text-align: center;\"><img decoding=\"async\" class=\"details-image\" draggable=\"false\" src=\"http:\/\/gradadigital.com\/home\/wp-content\/uploads\/2015\/01\/rubert_quijada_metropolitanos_caracas_24012015.jpg\" alt=\"\" \/><\/p>\n<p style=\"text-align: center;\"><img decoding=\"async\" class=\"details-image\" draggable=\"false\" src=\"http:\/\/gradadigital.com\/home\/wp-content\/uploads\/2014\/12\/banner_opcion_comentarios_gd.jpg\" alt=\"\" \/><\/p>\n<p style=\"text-align: justify;\"><strong>Prensa Caracas FC &#8211;<\/strong> La junta directiva del Caracas F\u00fatbol Club hace oficial la renovaci\u00f3n del contrato del defensor Rubert Quijada quien firm\u00f3 por los siguientes dos a\u00f1os y medio, hasta el mes de diciembre de 2017, uni\u00e9ndose as\u00ed a Gi\u00e1como Di Giorgi, Yhonatann Yustiz y Miguel Mea Vitali, jugadores que tambi\u00e9n renovaron hace algunas semanas.<\/p>\n<p style=\"text-align: justify;\"><strong>\u201cEstoy muy contento porque seguir\u00e9 en la mejor instituci\u00f3n del pa\u00eds y eso te da un plus para trabajar d\u00eda a d\u00eda con m\u00e1s ganas, tratando de conseguir las metas planteadas por el club y las que uno mismo se impone\u201d<\/strong>, dijo el oriundo de Matur\u00edn luego de concretar su permanencia en el once veces campe\u00f3n de Venezuela.<\/p>\n<p style=\"text-align: justify;\">Quijada sabe que no se alcanzaron los objetivos en la temporada pasada y por eso espera aportar a\u00fan m\u00e1s a la causa avile\u00f1a en el pr\u00f3ximo torneo, sabiendo que el \u00abRojo\u00bb tiene la obligaci\u00f3n de pelear siempre por un campeonato. <strong>\u201cCaracas es una instituci\u00f3n que brinda muchas posibilidades y que est\u00e1 siempre dispuesta a ganar todo. Este semestre lamentablemente nos quedamos cortos, pero seguimos siendo una gran familia y estoy seguro que pronto estaremos celebrando muchas cosas buenas\u201d<\/strong>, dijo.<\/p>\n<p style=\"text-align: justify;\">Volver al escenario internacional es un aliciente para \u00abEl Flaco\u00bb, una competici\u00f3n de la cual nunca tuvo que haber salido el Caracas FC. <strong>\u201cEs muy bueno poder jugar nuevamente una Copa Libertadores el a\u00f1o que viene, y adem\u00e1s vamos a tratar de conseguir ese cupo a la Sudamericana en este Torneo de Adecuaci\u00f3n, ya que todo jugador siempre quiere participar en torneos de esas caracter\u00edsticas\u201d<\/strong>.<\/p>\n<p style=\"text-align: justify;\">Para finalizar, Quijada se traza otro objetivo para el siguiente semestre y no es otro que formar parte del ciclo de Noel Sanviciente en la selecci\u00f3n nacional. <strong>\u201cMi pr\u00f3ximo paso, adem\u00e1s de hacer las cosas bien en el Caracas, es estar en la selecci\u00f3n; ser parte de las eliminatorias al Mundial. Jugu\u00e9 m\u00e1s de dos mil minutos en la temporada, pero no me alcanz\u00f3 para estar, as\u00ed que eso me dice que tengo que seguir mejorando y trabajar\u00e9 para ello\u201d<\/strong>, finaliz\u00f3.<\/p>\n<p style=\"text-align: center;\"><a href=\"https:\/\/play.google.com\/store\/apps\/details?id=com.app.gradadigital\" target=\"_blank\"><img decoding=\"async\" class=\"details-image\" draggable=\"false\" src=\"http:\/\/gradadigital.com\/home\/wp-content\/uploads\/2014\/10\/banner_aplicacion_V2_GRADADIGITAL_17102014.jpg\" alt=\"\" \/><\/a><\/p>\n","protected":false},"excerpt":{"rendered":"<p>Prensa Caracas FC &#8211; La junta directiva del Caracas F\u00fatbol Club hace oficial la renovaci\u00f3n del contrato del defensor Rubert Quijada quien firm\u00f3 por los siguientes dos a\u00f1os y medio, hasta el mes de diciembre de 2017, uni\u00e9ndose as\u00ed a Gi\u00e1como Di Giorgi, Yhonatann Yustiz y Miguel Mea Vitali, jugadores que tambi\u00e9n renovaron hace algunas &#8230;<\/p>\n","protected":false},"author":3,"featured_media":17625,"comment_status":"closed","ping_status":"closed","sticky":false,"template":"","format":"standard","meta":{"footnotes":""},"categories":[752,9,5,31],"tags":[1838,278,1193,1213],"class_list":["post-20053","post","type-post","status-publish","format-standard","has-post-thumbnail","hentry","category-appgd","category-caracas-fc","category-futbol-nacional","category-primera-division","tag-caracas-fc","tag-rojo","tag-rubert-quijada","tag-torneo-de-adecuacion-2015"],"_links":{"self":[{"href":"http:\/\/gradadigital.com\/home\/wp-json\/wp\/v2\/posts\/20053","targetHints":{"allow":["GET"]}}],"collection":[{"href":"http:\/\/gradadigital.com\/home\/wp-json\/wp\/v2\/posts"}],"about":[{"href":"http:\/\/gradadigital.com\/home\/wp-json\/wp\/v2\/types\/post"}],"author":[{"embeddable":true,"href":"http:\/\/gradadigital.com\/home\/wp-json\/wp\/v2\/users\/3"}],"replies":[{"embeddable":true,"href":"http:\/\/gradadigital.com\/home\/wp-json\/wp\/v2\/comments?post=20053"}],"version-history":[{"count":2,"href":"http:\/\/gradadigital.com\/home\/wp-json\/wp\/v2\/posts\/20053\/revisions"}],"predecessor-version":[{"id":20055,"href":"http:\/\/gradadigital.com\/home\/wp-json\/wp\/v2\/posts\/20053\/revisions\/20055"}],"wp:featuredmedia":[{"embeddable":true,"href":"http:\/\/gradadigital.com\/home\/wp-json\/wp\/v2\/media\/17625"}],"wp:attachment":[{"href":"http:\/\/gradadigital.com\/home\/wp-json\/wp\/v2\/media?parent=20053"}],"wp:term":[{"taxonomy":"category","embeddable":true,"href":"http:\/\/gradadigital.com\/home\/wp-json\/wp\/v2\/categories?post=20053"},{"taxonomy":"post_tag","embeddable":true,"href":"http:\/\/gradadigital.com\/home\/wp-json\/wp\/v2\/tags?post=20053"}],"curies":[{"name":"wp","href":"https:\/\/api.w.org\/{rel}","templated":true}]}}