{"id":2004,"date":"2013-07-01T23:37:47","date_gmt":"2013-07-02T04:07:47","guid":{"rendered":"http:\/\/gradadigital.com\/home\/?p=2004"},"modified":"2013-07-01T23:37:47","modified_gmt":"2013-07-02T04:07:47","slug":"ely-valderrey-llega-al-carabobo-fc","status":"publish","type":"post","link":"http:\/\/gradadigital.com\/home\/ely-valderrey-llega-al-carabobo-fc\/","title":{"rendered":"Ely Valderrey llega al Carabobo FC"},"content":{"rendered":"<p><strong><a href=\"http:\/\/gradadigital.com\/home\/wp-content\/uploads\/2013\/07\/carabobo_entrenamiento_01072013.jpg\"><img loading=\"lazy\" decoding=\"async\" class=\"size-full wp-image-2005 aligncenter\" alt=\"carabobo_entrenamiento_01072013\" src=\"http:\/\/gradadigital.com\/home\/wp-content\/uploads\/2013\/07\/carabobo_entrenamiento_01072013.jpg\" width=\"596\" height=\"346\" srcset=\"http:\/\/gradadigital.com\/home\/wp-content\/uploads\/2013\/07\/carabobo_entrenamiento_01072013.jpg 596w, http:\/\/gradadigital.com\/home\/wp-content\/uploads\/2013\/07\/carabobo_entrenamiento_01072013-300x174.jpg 300w\" sizes=\"auto, (max-width: 596px) 100vw, 596px\" \/><\/a><\/strong><\/p>\n<p>Prensa Carabobo FC | Rafael Green | 1\/07\/2013<\/p>\n<p>La junta directiva del Carabobo FC oficializ\u00f3 este lunes su decimosexta incorporaci\u00f3n\u00a0de cara al arranque del pr\u00f3ximo Torneo Apertura, al anunciar el alta del volante Ely\u00a0Valderrey, quien llega al granate proveniente de Llaneros de Guanare.\u00a0El mediocampista de perfil zurdo de 27 a\u00f1os de edad ha venido entrenando con la\u00a0vinotinto regional desde la semana pasada, sin embargo fue este 1 de julio cuando se\u00a0confirm\u00f3 su fichaje con el elenco industrial.<\/p>\n<p>\u201cEstoy contento por la llegada al Carabobo, se viene una temporada dif\u00edcil, estamos\u00a0trabajando de la mejor manera a buena intensidad, ya tuvimos una semana de\u00a0preparaci\u00f3n exitosa y ahora seguir entrenando duro antes de irnos a Puerto\u00a0Cabello\u201d, se\u00f1al\u00f3 el futbolista oriundo de Tucupita, tras finalizar la primera pr\u00e1ctica que\u00a0marc\u00f3 el inicio de la segunda semana de la pretemporada.<\/p>\n<p>Valderrey viene de jugar las dos \u00faltimas campa\u00f1as con Llaneros de Guanare, equipo con\u00a0el que anot\u00f3 7 goles y participo en m\u00e1s de 60 compromisos. Precisamente el \u201cBatall\u00f3n\u00a0Santo\u201d ser\u00e1 el rival del granate en partido debut que marcar\u00e1 su regreso a la m\u00e1xima\u00a0categor\u00eda del balompi\u00e9 nacional.<\/p>\n<p>\u201cEl grupo me recibi\u00f3 de la mejor manera, los profesores, los jugadores, muchas\u00a0caras nuevas. Gracias a dios todo me ha salido bien, esperemos que esta\u00a0temporada sea exitosa, tanto para mis compa\u00f1eros, como para el club, para seguir\u00a0so\u00f1ando de estar en los puestos de arriba\u201d, acot\u00f3.<\/p>\n<p>El volante que tambi\u00e9n visti\u00f3 en el pasado las camisetas del Caracas FC y Aragua FC,\u00a0espera aportar todo su talento para darle triunfos al granate; a pesar de jugar retrasado\u00a0tiene llegada de cara a gol, pero fue \u00e9l mismo quien hablo de las cualidades que espera\u00a0explotar para el beneficio de los industriales.<\/p>\n<p>\u201cSoy un jugador que se caracteriza por jugar por fuera, con mucha movilidad, sobre\u00a0todo por el costado izquierdo, donde me gusta encarar y habilitar a los delanteros\u201d,\u00a0explic\u00f3.<\/p>\n<p>Valderrey se mostr\u00f3 ilusionado de poder tener la oportunidad de jugar en una plaza en\u00a0pleno ascenso como la que tiene el Carabobo FC, la cual viene en crecimiento con el\u00a0aporte de la nueva directiva granate. \u201cEs un equipo que tiene una fanaticada muy\u00a0grande, esperemos que sigan as\u00ed, con este nuevo proyecto\u201d, resalt\u00f3.<\/p>\n<p><strong>Caguana renov\u00f3<\/strong><\/p>\n<p>En otros movimientos confirmados este lunes por la vinotinto regional se pudo conocer\u00a0que el portero valenciano Deusdedit Caguana, renov\u00f3 su v\u00ednculo con el club carabobe\u00f1o y\u00a0vestir\u00e1 nuevamente la casaca industrial la pr\u00f3xima temporada.<\/p>\n<p>\u201cDe verdad muy contento, gracias a dios se logr\u00f3 mi permanencia dentro del club,\u00a0ten\u00eda muchas expectativas de continuar despu\u00e9s de un a\u00f1o dif\u00edcil en segunda\u00a0divisi\u00f3n, donde se vivieron momentos duros para conseguir el ascenso, por eso\u00a0ahora como carabobe\u00f1o me siento orgulloso de poder seguir con el Carabobo FC\u201d,\u00a0se\u00f1al\u00f3 el experimentado guardameta.<\/p>\n<p>El arquero ya entrena con el club cabrialense y tiene grandes expectativas para lo que\u00a0ser\u00e1 el comienzo del pr\u00f3ximo torneo. \u201cHay que tener un norte bien alto, estamos en un\u00a0estado que clama por triunfos, con un fanaticada que ha sido fiel. Hay que apuntar\u00a0lo m\u00e1s alto posible, no colocarnos ninguna barrera\u201d, confes\u00f3 el n\u00famero \u201c1\u201d industrial.<\/p>\n","protected":false},"excerpt":{"rendered":"<p>Prensa Carabobo FC | Rafael Green | 1\/07\/2013 La junta directiva del Carabobo FC oficializ\u00f3 este lunes su decimosexta incorporaci\u00f3n\u00a0de cara al arranque del pr\u00f3ximo Torneo Apertura, al anunciar el alta del volante Ely\u00a0Valderrey, quien llega al granate proveniente de Llaneros de Guanare.\u00a0El mediocampista de perfil zurdo de 27 a\u00f1os de edad ha venido entrenando &#8230;<\/p>\n","protected":false},"author":4,"featured_media":2005,"comment_status":"closed","ping_status":"closed","sticky":false,"template":"","format":"standard","meta":{"footnotes":""},"categories":[29,5,31],"tags":[],"class_list":["post-2004","post","type-post","status-publish","format-standard","has-post-thumbnail","hentry","category-carabobo-fc","category-futbol-nacional","category-primera-division"],"_links":{"self":[{"href":"http:\/\/gradadigital.com\/home\/wp-json\/wp\/v2\/posts\/2004","targetHints":{"allow":["GET"]}}],"collection":[{"href":"http:\/\/gradadigital.com\/home\/wp-json\/wp\/v2\/posts"}],"about":[{"href":"http:\/\/gradadigital.com\/home\/wp-json\/wp\/v2\/types\/post"}],"author":[{"embeddable":true,"href":"http:\/\/gradadigital.com\/home\/wp-json\/wp\/v2\/users\/4"}],"replies":[{"embeddable":true,"href":"http:\/\/gradadigital.com\/home\/wp-json\/wp\/v2\/comments?post=2004"}],"version-history":[{"count":2,"href":"http:\/\/gradadigital.com\/home\/wp-json\/wp\/v2\/posts\/2004\/revisions"}],"predecessor-version":[{"id":2007,"href":"http:\/\/gradadigital.com\/home\/wp-json\/wp\/v2\/posts\/2004\/revisions\/2007"}],"wp:featuredmedia":[{"embeddable":true,"href":"http:\/\/gradadigital.com\/home\/wp-json\/wp\/v2\/media\/2005"}],"wp:attachment":[{"href":"http:\/\/gradadigital.com\/home\/wp-json\/wp\/v2\/media?parent=2004"}],"wp:term":[{"taxonomy":"category","embeddable":true,"href":"http:\/\/gradadigital.com\/home\/wp-json\/wp\/v2\/categories?post=2004"},{"taxonomy":"post_tag","embeddable":true,"href":"http:\/\/gradadigital.com\/home\/wp-json\/wp\/v2\/tags?post=2004"}],"curies":[{"name":"wp","href":"https:\/\/api.w.org\/{rel}","templated":true}]}}