{"id":19792,"date":"2015-05-02T10:44:35","date_gmt":"2015-05-02T15:14:35","guid":{"rendered":"http:\/\/gradadigital.com\/home\/?p=19792"},"modified":"2015-05-02T10:44:35","modified_gmt":"2015-05-02T15:14:35","slug":"julio-quintero-buscamos-cerrar-con-una-victoria-en-casa","status":"publish","type":"post","link":"http:\/\/gradadigital.com\/home\/julio-quintero-buscamos-cerrar-con-una-victoria-en-casa\/","title":{"rendered":"Julio Quintero: \u00abBuscamos cerrar con una victoria en casa\u00bb"},"content":{"rendered":"<p style=\"text-align: center;\"><img decoding=\"async\" class=\"details-image\" draggable=\"false\" src=\"http:\/\/gradadigital.com\/home\/wp-content\/uploads\/2015\/01\/once_inicial_zamora_torneo_clausura_27012015.jpg\" alt=\"\" \/><\/p>\n<p style=\"text-align: center;\"><img decoding=\"async\" class=\"details-image\" draggable=\"false\" src=\"http:\/\/gradadigital.com\/home\/wp-content\/uploads\/2014\/12\/banner_opcion_comentarios_gd.jpg\" alt=\"\" \/><\/p>\n<p style=\"text-align: justify;\"><strong>Peter Herrera \/ Prensa Zamora FC &#8211;<\/strong> Zamora F\u00fatbol Club disputar\u00e1 este pr\u00f3ximo domingo su \u00faltimo cotejo del Torneo Clausura 2015, cuando reciba en el estadio Agust\u00edn Tovar \u201cLa Carolina\u201d al Zulia FC; en lo que ser\u00e1 una jornada definitoria para el conjunto visitante que buscar\u00e1 meterse en el octogonal final de la primera divisi\u00f3n.<\/p>\n<p style=\"text-align: justify;\">El blanquinegro con un puesto seguro buscar\u00e1 cerrar con una victoria, que le motive para afrontar la fase de clasificaci\u00f3n a la Copa Sudamericana, con el objetivo de cerrar una nueva temporada con un cupo en un certamen internacional. <strong>\u201cEs un partido dif\u00edcil, ellos (Zulia) necesitan ganar para clasificar y nosotros buscamos cerrar con una victoria en nuestra casa\u201d<\/strong>, coment\u00f3 el estratega Julio Quintero al respecto del duelo.<\/p>\n<p style=\"text-align: center;\"><img decoding=\"async\" class=\"details-image\" draggable=\"false\" src=\"http:\/\/gradadigital.com\/home\/wp-content\/uploads\/2015\/03\/julio_quintero_petare_zamora_23032015.jpg\" alt=\"\" \/><\/p>\n<p style=\"text-align: justify;\"><strong>\u201cSer\u00eda muy lindo alargar la racha positiva en casa\u201d<\/strong>, resalt\u00f3 Quintero. <strong>\u201cLamentablemente no pudimos quedarnos con la copa del Clausura, pero creo que el grupo se esforz\u00f3 al m\u00e1ximo y muestra de ello es la racha que mantuvimos en La Carolina sin perder\u201d<\/strong>, explic\u00f3 el timonel zamorano.<\/p>\n<p style=\"text-align: justify;\">Por otro lado, haciendo referencia a las variantes para el duelo liguero, \u201cLa Gambeta\u201d agreg\u00f3: <strong>\u201cHay muchos jugadores que est\u00e1n agotados por el desgaste del torneo, quiz\u00e1s pongamos algunos cambios para darle oportunidad a otros jugadores. Pero nuestro objetivo es quedarnos con la victoria y vamos a afrontar este duelo con la misma responsabilidad que los dem\u00e1s\u201d<\/strong>.<\/p>\n<p style=\"text-align: justify;\">Para cerrar, el entrenador barin\u00e9s coment\u00f3: <strong>\u201cA\u00fan no est\u00e1 definido nuestro rival, pero ya estamos trabajando con los posibles: Estudiantes y Metropolitanos; ambos son equipos fuertes y sabemos que no ser\u00e1 f\u00e1cil, pero vamos a buscar un cupo internacional\u201d<\/strong>.<\/p>\n<p style=\"text-align: justify;\"><strong><u>ZAMORA FC vs ZULIA FC<\/u><br \/>\nJornada 17 | Torneo Clausura 2015 | Primera Divisi\u00f3n<br \/>\nFecha: <\/strong>Domingo, 03 de mayo del 2015.<br \/>\n<strong>Estadio: <\/strong>Agust\u00edn Tovar \u201cLa Carolina\u201d, Barinas (VEN).<br \/>\n<strong>Hora: <\/strong>4:00 pm.<\/p>\n<p style=\"text-align: center;\"><a href=\"https:\/\/play.google.com\/store\/apps\/details?id=com.app.gradadigital\" target=\"_blank\"><img decoding=\"async\" class=\"details-image\" draggable=\"false\" src=\"http:\/\/gradadigital.com\/home\/wp-content\/uploads\/2014\/10\/banner_aplicacion_V2_GRADADIGITAL_17102014.jpg\" alt=\"\" \/><\/a><\/p>\n","protected":false},"excerpt":{"rendered":"<p>Peter Herrera \/ Prensa Zamora FC &#8211; Zamora F\u00fatbol Club disputar\u00e1 este pr\u00f3ximo domingo su \u00faltimo cotejo del Torneo Clausura 2015, cuando reciba en el estadio Agust\u00edn Tovar \u201cLa Carolina\u201d al Zulia FC; en lo que ser\u00e1 una jornada definitoria para el conjunto visitante que buscar\u00e1 meterse en el octogonal final de la primera divisi\u00f3n. &#8230;<\/p>\n","protected":false},"author":3,"featured_media":17602,"comment_status":"closed","ping_status":"closed","sticky":false,"template":"","format":"standard","meta":{"footnotes":""},"categories":[752,5,31,21],"tags":[662,990,659,942,1847,1848],"class_list":["post-19792","post","type-post","status-publish","format-standard","has-post-thumbnail","hentry","category-appgd","category-futbol-nacional","category-primera-division","category-zamora-fc","tag-agustin-tovar","tag-julio-quintero","tag-la-carolina","tag-torneo-clausura-2015","tag-zamora-fc","tag-zulia-fc"],"_links":{"self":[{"href":"http:\/\/gradadigital.com\/home\/wp-json\/wp\/v2\/posts\/19792","targetHints":{"allow":["GET"]}}],"collection":[{"href":"http:\/\/gradadigital.com\/home\/wp-json\/wp\/v2\/posts"}],"about":[{"href":"http:\/\/gradadigital.com\/home\/wp-json\/wp\/v2\/types\/post"}],"author":[{"embeddable":true,"href":"http:\/\/gradadigital.com\/home\/wp-json\/wp\/v2\/users\/3"}],"replies":[{"embeddable":true,"href":"http:\/\/gradadigital.com\/home\/wp-json\/wp\/v2\/comments?post=19792"}],"version-history":[{"count":1,"href":"http:\/\/gradadigital.com\/home\/wp-json\/wp\/v2\/posts\/19792\/revisions"}],"predecessor-version":[{"id":19793,"href":"http:\/\/gradadigital.com\/home\/wp-json\/wp\/v2\/posts\/19792\/revisions\/19793"}],"wp:featuredmedia":[{"embeddable":true,"href":"http:\/\/gradadigital.com\/home\/wp-json\/wp\/v2\/media\/17602"}],"wp:attachment":[{"href":"http:\/\/gradadigital.com\/home\/wp-json\/wp\/v2\/media?parent=19792"}],"wp:term":[{"taxonomy":"category","embeddable":true,"href":"http:\/\/gradadigital.com\/home\/wp-json\/wp\/v2\/categories?post=19792"},{"taxonomy":"post_tag","embeddable":true,"href":"http:\/\/gradadigital.com\/home\/wp-json\/wp\/v2\/tags?post=19792"}],"curies":[{"name":"wp","href":"https:\/\/api.w.org\/{rel}","templated":true}]}}