{"id":19784,"date":"2015-04-27T11:21:56","date_gmt":"2015-04-27T15:51:56","guid":{"rendered":"http:\/\/gradadigital.com\/home\/?p=19784"},"modified":"2015-04-27T11:21:56","modified_gmt":"2015-04-27T15:51:56","slug":"video-fotosecuencia-asi-fue-el-golazo-de-miguel-mea-vitali-ante-el-portuguesa","status":"publish","type":"post","link":"http:\/\/gradadigital.com\/home\/video-fotosecuencia-asi-fue-el-golazo-de-miguel-mea-vitali-ante-el-portuguesa\/","title":{"rendered":"VIDEO FOTOSECUENCIA | As\u00ed fue el golazo de Miguel Mea Vitali ante el Portuguesa"},"content":{"rendered":"<p style=\"text-align: center;\"><img loading=\"lazy\" decoding=\"async\" class=\"alignnone size-full wp-image-19785\" src=\"http:\/\/gradadigital.com\/home\/wp-content\/uploads\/2015\/04\/miguel_mea_vitali_portuguesa_caracas_26042015_2.jpg\" alt=\"miguel_mea_vitali_portuguesa_caracas_26042015_2\" width=\"682\" height=\"396\" srcset=\"http:\/\/gradadigital.com\/home\/wp-content\/uploads\/2015\/04\/miguel_mea_vitali_portuguesa_caracas_26042015_2.jpg 682w, http:\/\/gradadigital.com\/home\/wp-content\/uploads\/2015\/04\/miguel_mea_vitali_portuguesa_caracas_26042015_2-300x174.jpg 300w\" sizes=\"auto, (max-width: 682px) 100vw, 682px\" \/><\/p>\n<p style=\"text-align: center;\"><img loading=\"lazy\" decoding=\"async\" class=\"alignnone size-full wp-image-16349\" src=\"http:\/\/gradadigital.com\/home\/wp-content\/uploads\/2014\/12\/banner_opcion_comentarios_gd.jpg\" alt=\"banner_opcion_comentarios_gd\" width=\"621\" height=\"41\" srcset=\"http:\/\/gradadigital.com\/home\/wp-content\/uploads\/2014\/12\/banner_opcion_comentarios_gd.jpg 621w, http:\/\/gradadigital.com\/home\/wp-content\/uploads\/2014\/12\/banner_opcion_comentarios_gd-300x19.jpg 300w, http:\/\/gradadigital.com\/home\/wp-content\/uploads\/2014\/12\/banner_opcion_comentarios_gd-620x41.jpg 620w\" sizes=\"auto, (max-width: 621px) 100vw, 621px\" \/><\/p>\n<p style=\"text-align: justify;\"><strong>GradaDigital.com &#8211;<\/strong> Una victoria del Caracas FC por 0-2 en su visita a Acarigua, dej\u00f3 todo listo para que el Torneo Clausura se defina el pr\u00f3ximo domingo ante el Deportivo T\u00e1chira, indistintamente de lo que haga el mi\u00e9rcoles el equipo \u00abAurinegro\u00bb ante el Deportivo Lara.<\/p>\n<p style=\"text-align: justify;\">Los \u00abRojos del \u00c1vila\u00bb iniciaron la gesta con un golazo de tiro libre de Miguel Mea Vitali al minuto 61 el cual recordamos en la presente nota. Adem\u00e1s de la diana de \u00abMiky\u00bb, el delantero Edder Far\u00edas sum\u00f3 un nuevo tanto para decretar el triunfo. <strong>\u00a1Mira el golazo!<\/strong><\/p>\n<blockquote class=\"instagram-media\" style=\"background: #FFF; border: 0; border-radius: 3px; box-shadow: 0 0 1px 0 rgba(0,0,0,0.5),0 1px 10px 0 rgba(0,0,0,0.15); margin: 1px; max-width: 658px; padding: 0; width: calc(100% - 2px);\" data-instgrm-captioned=\"\" data-instgrm-version=\"4\">\n<div style=\"padding: 8px;\">\n<div style=\"background: #F8F8F8; line-height: 0; margin-top: 40px; padding: 50% 0; text-align: center; width: 100%;\"><\/div>\n<p style=\"margin: 8px 0 0 0; padding: 0 4px;\"><a style=\"color: #000; font-family: Arial,sans-serif; font-size: 14px; font-style: normal; font-weight: normal; line-height: 17px; text-decoration: none; word-wrap: break-word;\" href=\"https:\/\/instagram.com\/p\/1-8LBcqITT\/\" target=\"_top\">Secuencia fotogr\u00e1fica del golazo de tiro libre de Miguel Mea Vitali al minuto 61 en el triunfo del #CaracasFC (0-2) ante #PortuguesaFC.\u00a0Para m\u00e1s informaci\u00f3n visita GradaDigital.com (@gradadigital), o descarga la #App M\u00f3vil Oficial de #GradaDigital disponible en el #GooglePlay Fotograf\u00edas: Jose Fernando Dapena (@JFDH12), Acarigua 26\/04\/2015 | #MiguelMeaVitali #Futve #Caracas #Rojo #Golazo @MikyMea05 #GD<\/a><\/p>\n<p style=\"color: #c9c8cd; font-family: Arial,sans-serif; font-size: 14px; line-height: 17px; margin-bottom: 0; margin-top: 8px; overflow: hidden; padding: 8px 0 7px; text-align: center; text-overflow: ellipsis; white-space: nowrap;\">Un v\u00eddeo publicado por GradaDigital.com (@gradadigital) el <time style=\"font-family: Arial,sans-serif; font-size: 14px; line-height: 17px;\" datetime=\"2015-04-27T15:29:37+00:00\">27 de Abr de 2015 a la(s) 8:29 PDT<\/time><\/p>\n<\/div>\n<\/blockquote>\n<p><script src=\"\/\/platform.instagram.com\/en_US\/embeds.js\" async=\"\" defer=\"defer\"><\/script><\/p>\n<p style=\"text-align: center;\"><a href=\"https:\/\/play.google.com\/store\/apps\/details?id=com.app.gradadigital\" target=\"_blank\"><img loading=\"lazy\" decoding=\"async\" class=\"alignnone size-full wp-image-15415\" src=\"http:\/\/gradadigital.com\/home\/wp-content\/uploads\/2014\/10\/banner_aplicacion_V2_GRADADIGITAL_17102014.jpg\" alt=\"banner_aplicacion_V2_GRADADIGITAL_17102014\" width=\"620\" height=\"100\" srcset=\"http:\/\/gradadigital.com\/home\/wp-content\/uploads\/2014\/10\/banner_aplicacion_V2_GRADADIGITAL_17102014.jpg 620w, http:\/\/gradadigital.com\/home\/wp-content\/uploads\/2014\/10\/banner_aplicacion_V2_GRADADIGITAL_17102014-300x48.jpg 300w\" sizes=\"auto, (max-width: 620px) 100vw, 620px\" \/><\/a><\/p>\n","protected":false},"excerpt":{"rendered":"<p>GradaDigital.com &#8211; Una victoria del Caracas FC por 0-2 en su visita a Acarigua, dej\u00f3 todo listo para que el Torneo Clausura se defina el pr\u00f3ximo domingo ante el Deportivo T\u00e1chira, indistintamente de lo que haga el mi\u00e9rcoles el equipo \u00abAurinegro\u00bb ante el Deportivo Lara. Los \u00abRojos del \u00c1vila\u00bb iniciaron la gesta con un golazo &#8230;<\/p>\n","protected":false},"author":4,"featured_media":19785,"comment_status":"closed","ping_status":"closed","sticky":false,"template":"","format":"standard","meta":{"footnotes":""},"categories":[32,27,752,9,5,31],"tags":[],"class_list":["post-19784","post","type-post","status-publish","format-standard","has-post-thumbnail","hentry","category-especial","category-video","category-appgd","category-caracas-fc","category-futbol-nacional","category-primera-division"],"_links":{"self":[{"href":"http:\/\/gradadigital.com\/home\/wp-json\/wp\/v2\/posts\/19784","targetHints":{"allow":["GET"]}}],"collection":[{"href":"http:\/\/gradadigital.com\/home\/wp-json\/wp\/v2\/posts"}],"about":[{"href":"http:\/\/gradadigital.com\/home\/wp-json\/wp\/v2\/types\/post"}],"author":[{"embeddable":true,"href":"http:\/\/gradadigital.com\/home\/wp-json\/wp\/v2\/users\/4"}],"replies":[{"embeddable":true,"href":"http:\/\/gradadigital.com\/home\/wp-json\/wp\/v2\/comments?post=19784"}],"version-history":[{"count":1,"href":"http:\/\/gradadigital.com\/home\/wp-json\/wp\/v2\/posts\/19784\/revisions"}],"predecessor-version":[{"id":19786,"href":"http:\/\/gradadigital.com\/home\/wp-json\/wp\/v2\/posts\/19784\/revisions\/19786"}],"wp:featuredmedia":[{"embeddable":true,"href":"http:\/\/gradadigital.com\/home\/wp-json\/wp\/v2\/media\/19785"}],"wp:attachment":[{"href":"http:\/\/gradadigital.com\/home\/wp-json\/wp\/v2\/media?parent=19784"}],"wp:term":[{"taxonomy":"category","embeddable":true,"href":"http:\/\/gradadigital.com\/home\/wp-json\/wp\/v2\/categories?post=19784"},{"taxonomy":"post_tag","embeddable":true,"href":"http:\/\/gradadigital.com\/home\/wp-json\/wp\/v2\/tags?post=19784"}],"curies":[{"name":"wp","href":"https:\/\/api.w.org\/{rel}","templated":true}]}}