{"id":19762,"date":"2015-04-22T12:36:26","date_gmt":"2015-04-22T17:06:26","guid":{"rendered":"http:\/\/gradadigital.com\/home\/?p=19762"},"modified":"2015-04-22T12:36:26","modified_gmt":"2015-04-22T17:06:26","slug":"dudamel-no-vamos-a-regalar-absolutamente-nada","status":"publish","type":"post","link":"http:\/\/gradadigital.com\/home\/dudamel-no-vamos-a-regalar-absolutamente-nada\/","title":{"rendered":"Dudamel: \u201cNo vamos a regalar absolutamente nada\u201d"},"content":{"rendered":"<p style=\"text-align: center;\"><img loading=\"lazy\" decoding=\"async\" class=\"alignnone size-full wp-image-17579\" src=\"http:\/\/gradadigital.com\/home\/wp-content\/uploads\/2015\/01\/rafael_dudamel_laguaira_lara_17012015.jpg\" alt=\"rafael_dudamel_laguaira_lara_17012015\" width=\"682\" height=\"396\" srcset=\"http:\/\/gradadigital.com\/home\/wp-content\/uploads\/2015\/01\/rafael_dudamel_laguaira_lara_17012015.jpg 682w, http:\/\/gradadigital.com\/home\/wp-content\/uploads\/2015\/01\/rafael_dudamel_laguaira_lara_17012015-300x174.jpg 300w\" sizes=\"auto, (max-width: 682px) 100vw, 682px\" \/><\/p>\n<p style=\"text-align: center;\"><img loading=\"lazy\" decoding=\"async\" class=\"alignnone size-full wp-image-16349\" src=\"http:\/\/gradadigital.com\/home\/wp-content\/uploads\/2014\/12\/banner_opcion_comentarios_gd.jpg\" alt=\"banner_opcion_comentarios_gd\" width=\"621\" height=\"41\" srcset=\"http:\/\/gradadigital.com\/home\/wp-content\/uploads\/2014\/12\/banner_opcion_comentarios_gd.jpg 621w, http:\/\/gradadigital.com\/home\/wp-content\/uploads\/2014\/12\/banner_opcion_comentarios_gd-300x19.jpg 300w, http:\/\/gradadigital.com\/home\/wp-content\/uploads\/2014\/12\/banner_opcion_comentarios_gd-620x41.jpg 620w\" sizes=\"auto, (max-width: 621px) 100vw, 621px\" \/><\/p>\n<p style=\"text-align: justify;\"><strong>Jes\u00fas A. S\u00e1ez S.- Barquisimeto.<\/strong>&#8211; El Deportivo Lara no pudo ante su rival el Zulia FC y se conform\u00f3 con sumar un s\u00f3lo punto que lo mantiene entre los primeros puestos de la tabla del Torneo Clausura, por lo que el estratega rojinegro, Rafael Dudamel y sus jugadores, analizaron parte de lo que fue el intenso partido celebrado el pasado domingo en el estadio Metropolitano de Cabudare.<\/p>\n<p style=\"text-align: justify;\"><strong>\u201cHoy (domingo), no generamos como en otros partidos, pero m\u00e1s por virtud del rival que por intensi\u00f3n nuestra. Con un 4-3-2-1 poblaron m\u00e1s de la mitad de la cancha, supieron cortar nuestros circuitos, nos aislaron y fueron impotentes en el ataque\u201d,<\/strong> destac\u00f3 el profesor Rafael Dudamel qui\u00e9n adem\u00e1s acept\u00f3 que le fue bastante complicado al equipo responder en la delantera, tras no tener claridad y fluidez en la mayor parte del encuentro: <strong>\u201cNo me puedo\u00a0 ir contento, lo intentamos, pero t\u00e1cticamente nos falt\u00f3 una mayor lectura en la zona de ataque para conseguir los espacios\u201d<\/strong>.<\/p>\n<p style=\"text-align: justify;\">Matem\u00e1ticamente las opciones para el t\u00edtulo son escasas para el Deportivo Lara, pero lo que s\u00ed a\u00fan tienen oportunidad es pelear los puestos que otorgan al menos, una participaci\u00f3n internacional, por lo que desde ya el conjunto crepuscular se encuentra enfocado para conseguir un nuevo pase a la Copa Sudamericana.<\/p>\n<p style=\"text-align: justify;\"><strong>\u201cEstamos concentrados en eso, nuestras ilusiones estaban muy altas pero siempre siendo consientes. Sab\u00edamos que estad\u00edsticamente no ten\u00edamos la prioridad para el t\u00edtulo, pero ahora vamos a terminar en lo m\u00e1s alto en el Clausura, y mantener ese mismo nivel que tenemos ahora para rematar en la octagonal del Pre-Sudamericano\u201d<\/strong> puntualiz\u00f3 el director t\u00e9cnico.<\/p>\n<p style=\"text-align: justify;\">Asimismo se mostr\u00f3 optimista para cerrar \u00e9sta segunda temporada con el Deportivo Lara, pues asegur\u00f3 que no bajar\u00e1n los brazos, a pesar que le restan tres partidos en una semana: <strong>\u201cNo vamos a regalar absolutamente nada, de alguna manera vamos hacer rivales de los que est\u00e1n peleando all\u00e1 arriba (T\u00e1chira y Anzo\u00e1tegui), con dignidad, con profesionalismo y orgullo, vamos a competir esos nueve puntos, manejando con inteligencia el grupo\u201d <\/strong>adem\u00e1s agreg\u00f3 que no repetir\u00e1 al grupo en cada encuentro que le queda por disputar y elogi\u00f3 a sus jugadores, en especial a Marrufo y Rey, por la destacada actuaci\u00f3n de ambos en la zaga.<\/p>\n<p style=\"text-align: justify;\"><strong>Hablan los protagonistas<br \/>\n<\/strong>Dos de los jugadores que vieron actuaci\u00f3n en el partido contra Zulia FC, dieron su punto de vista y aceptaron que no fue la mejor cara del Deportivo Lara durante ese encuentro.<\/p>\n<p style=\"text-align: justify;\">\n<p style=\"text-align: justify;\"><strong>\u201cNos vamos triste por el partido de hoy, queda levantar la cabeza y seguir trabajando, ya esto pas\u00f3 y bueno ahora la meta es ir contra Tucanes el pr\u00f3ximo domingo y los otros dos encuentros. Vamos a ir por los nueve puntos que nos quedan\u201d<\/strong>solt\u00f3 el lateral Joel C\u00e1ceres, mientras a su juicio en lo personal se sinti\u00f3 culpable de no poder estar al 100% \u201c<strong>me duele no haber concretado la jugada, pero esto sirve para aprender, as\u00ed es el f\u00fatbol\u201d<\/strong><\/p>\n<p style=\"text-align: justify;\">\n<p style=\"text-align: justify;\">Por su parte Junior Moreno analiz\u00f3 lo siguiente: <strong>\u201cEllos pudieron contrarrestar la salida de nosotros, por ah\u00ed\u00a0 a nosotros los volantes nos presionaron mucho y es por eso que jugamos al pelotazo. Tuvimos algunas ocasiones de gol pero la definici\u00f3n falt\u00f3, sufrimos a pesar que ellos no tuvieron muchas ocasiones de gol\u201d.<\/strong><\/p>\n<p style=\"text-align: justify;\">\n<p style=\"text-align: justify;\">Lo bonito del encuentro es que por primera vez Junior Moreno enfrent\u00f3 a su padre en la cancha ante esto respondi\u00f3: <strong>\u201cEsto es lo bonito del f\u00fatbol, da una linda sensaci\u00f3n haber jugado contra mi padre (Carlos Moreno), no nos dijimos nada en la semana, ni nos hablamos, dejamos como si esto fuera un partido m\u00e1s, pero queda la sensaci\u00f3n bonita de haberlo enfrentado\u201d.<\/strong><\/p>\n<p style=\"text-align: center;\"><a href=\"https:\/\/play.google.com\/store\/apps\/details?id=com.app.gradadigital\" target=\"_blank\"><img loading=\"lazy\" decoding=\"async\" class=\"alignnone size-full wp-image-15415\" src=\"http:\/\/gradadigital.com\/home\/wp-content\/uploads\/2014\/10\/banner_aplicacion_V2_GRADADIGITAL_17102014.jpg\" alt=\"banner_aplicacion_V2_GRADADIGITAL_17102014\" width=\"620\" height=\"100\" srcset=\"http:\/\/gradadigital.com\/home\/wp-content\/uploads\/2014\/10\/banner_aplicacion_V2_GRADADIGITAL_17102014.jpg 620w, http:\/\/gradadigital.com\/home\/wp-content\/uploads\/2014\/10\/banner_aplicacion_V2_GRADADIGITAL_17102014-300x48.jpg 300w\" sizes=\"auto, (max-width: 620px) 100vw, 620px\" \/><\/a><\/p>\n","protected":false},"excerpt":{"rendered":"<p>Jes\u00fas A. S\u00e1ez S.- Barquisimeto.&#8211; El Deportivo Lara no pudo ante su rival el Zulia FC y se conform\u00f3 con sumar un s\u00f3lo punto que lo mantiene entre los primeros puestos de la tabla del Torneo Clausura, por lo que el estratega rojinegro, Rafael Dudamel y sus jugadores, analizaron parte de lo que fue el &#8230;<\/p>\n","protected":false},"author":4,"featured_media":17579,"comment_status":"closed","ping_status":"closed","sticky":false,"template":"","format":"standard","meta":{"footnotes":""},"categories":[752,8,5,31],"tags":[],"class_list":["post-19762","post","type-post","status-publish","format-standard","has-post-thumbnail","hentry","category-appgd","category-cd-lara","category-futbol-nacional","category-primera-division"],"_links":{"self":[{"href":"http:\/\/gradadigital.com\/home\/wp-json\/wp\/v2\/posts\/19762","targetHints":{"allow":["GET"]}}],"collection":[{"href":"http:\/\/gradadigital.com\/home\/wp-json\/wp\/v2\/posts"}],"about":[{"href":"http:\/\/gradadigital.com\/home\/wp-json\/wp\/v2\/types\/post"}],"author":[{"embeddable":true,"href":"http:\/\/gradadigital.com\/home\/wp-json\/wp\/v2\/users\/4"}],"replies":[{"embeddable":true,"href":"http:\/\/gradadigital.com\/home\/wp-json\/wp\/v2\/comments?post=19762"}],"version-history":[{"count":1,"href":"http:\/\/gradadigital.com\/home\/wp-json\/wp\/v2\/posts\/19762\/revisions"}],"predecessor-version":[{"id":19763,"href":"http:\/\/gradadigital.com\/home\/wp-json\/wp\/v2\/posts\/19762\/revisions\/19763"}],"wp:featuredmedia":[{"embeddable":true,"href":"http:\/\/gradadigital.com\/home\/wp-json\/wp\/v2\/media\/17579"}],"wp:attachment":[{"href":"http:\/\/gradadigital.com\/home\/wp-json\/wp\/v2\/media?parent=19762"}],"wp:term":[{"taxonomy":"category","embeddable":true,"href":"http:\/\/gradadigital.com\/home\/wp-json\/wp\/v2\/categories?post=19762"},{"taxonomy":"post_tag","embeddable":true,"href":"http:\/\/gradadigital.com\/home\/wp-json\/wp\/v2\/tags?post=19762"}],"curies":[{"name":"wp","href":"https:\/\/api.w.org\/{rel}","templated":true}]}}