{"id":19749,"date":"2015-04-21T10:21:11","date_gmt":"2015-04-21T14:51:11","guid":{"rendered":"http:\/\/gradadigital.com\/home\/?p=19749"},"modified":"2015-04-21T10:21:11","modified_gmt":"2015-04-21T14:51:11","slug":"aragua-quiere-conquistar-barinas","status":"publish","type":"post","link":"http:\/\/gradadigital.com\/home\/aragua-quiere-conquistar-barinas\/","title":{"rendered":"Aragua quiere conquistar Barinas"},"content":{"rendered":"<p style=\"text-align: center;\"><img loading=\"lazy\" decoding=\"async\" class=\"alignnone size-full wp-image-19750\" src=\"http:\/\/gradadigital.com\/home\/wp-content\/uploads\/2015\/04\/jarlin_quintero_aragua_21042015.jpg\" alt=\"jarlin_quintero_aragua_21042015\" width=\"682\" height=\"396\" srcset=\"http:\/\/gradadigital.com\/home\/wp-content\/uploads\/2015\/04\/jarlin_quintero_aragua_21042015.jpg 682w, http:\/\/gradadigital.com\/home\/wp-content\/uploads\/2015\/04\/jarlin_quintero_aragua_21042015-300x174.jpg 300w\" sizes=\"auto, (max-width: 682px) 100vw, 682px\" \/><\/p>\n<p style=\"text-align: center;\"><img loading=\"lazy\" decoding=\"async\" class=\"alignnone size-full wp-image-16349\" src=\"http:\/\/gradadigital.com\/home\/wp-content\/uploads\/2014\/12\/banner_opcion_comentarios_gd.jpg\" alt=\"banner_opcion_comentarios_gd\" width=\"621\" height=\"41\" srcset=\"http:\/\/gradadigital.com\/home\/wp-content\/uploads\/2014\/12\/banner_opcion_comentarios_gd.jpg 621w, http:\/\/gradadigital.com\/home\/wp-content\/uploads\/2014\/12\/banner_opcion_comentarios_gd-300x19.jpg 300w, http:\/\/gradadigital.com\/home\/wp-content\/uploads\/2014\/12\/banner_opcion_comentarios_gd-620x41.jpg 620w\" sizes=\"auto, (max-width: 621px) 100vw, 621px\" \/><\/p>\n<p style=\"text-align: justify;\"><strong>Jos\u00e9 R. Bol\u00edvar C. \/ Prensa Aragua F\u00fatbol Club &#8211;<\/strong>\u00a0El Aragua F\u00fatbol Club llega a la reprogramaci\u00f3n de la Jornada n\u00famero 6 del Torneo Clausura 2015 con la meta de hacerse con los tres puntos, en su visita al estado Barinas para enfrentar al Zamora F\u00fatbol Club, en partido pautado para este d\u00eda mi\u00e9rcoles 22 de abril, con pitazo inicial a las 7:30 de la noche en el Estadio \u201cAgust\u00edn Tovar\u201d de la capital llanera.<\/p>\n<p style=\"text-align: justify;\">La oncena que dirige el Profesor Manuel Plasencia viene de caer como local ante Atl\u00e9tico Venezuela 2 goles por 0, con tantos de los argentinos Daniel Mustaf\u00e1 al 31\u2019 y Leonardo Carboni al 72\u2019. El equipo arag\u00fce\u00f1o no ca\u00eda como local desde el pasado 30 de agosto, hilando 14 partidos sin perder en el \u201cHermanos Ghersi P\u00e1ez\u201d de la Calle Campo El\u00edas, contando 2 cotejos de Copa Venezuela (El primero de ellos frente a Gran Valencia y otro ante Carabobo), m\u00e1s 12 correspondientes a la Liga Movistar. En este trayecto sumaron 11 victorias y 3 empates, generando 34 goles a favor y apenas 15 en contra. Sin embargo, esta racha, que se convirti\u00f3 en una de las m\u00e1s largas en la historia del club, se vio coartada por el accionar del equipo capitalino, que con pocas llegadas y mucho orden en defensa, no permiti\u00f3 a los \u201cAurirrojos\u201d marcar, a pesar de tener gran dominio de la pelota y varias ocasiones de cara al arco rival.<\/p>\n<p style=\"text-align: justify;\">Para este partido, el Cuerpo T\u00e9cnico podr\u00e1 contar con el ariete colombiano Jarl\u00edn Quintero, qui\u00e9n suma 5 goles en el actual Torneo. Adem\u00e1s, de neogranadino, se podr\u00e1n utilizar a los Juveniles Jos\u00e9 Cardoza y Francisco La Mant\u00eda, quienes no estuvieron a disposici\u00f3n por haber disputado en un lapso menor a las 48 horas establecidas por el reglamento para poder saltar nuevamente al engramado, ya que este tr\u00edo disput\u00f3 los Cuartos de Final de la Serie Nacional de Filiales de Primera Divisi\u00f3n en tierras marabinas frente al Zulia F\u00fatbol Club el viernes en horas de la tarde. Para esta convocatoria no estar\u00e1 disponible N\u00e9stor Bareiro por suspensi\u00f3n al recibir su cuarta amarilla del Clausura. Adem\u00e1s de \u00e9l, est\u00e1n fuera de la cita Jackson L\u00f3pez, Loren Ray y Rohel Brice\u00f1o por lesi\u00f3n.<\/p>\n<p style=\"text-align: justify;\">Este mi\u00e9rcoles, el Aragua F\u00fatbol Club buscar\u00e1 hacerse con los tres puntos para mantenerse en la parte alta de la Tabla Acumulada, para ello deber\u00e1 enfrentar a un complicado rival como lo es el Zamora F\u00fatbol Club, partido que contar\u00e1 con la transmisi\u00f3n de nuestro Circuito Oficial Arag\u00fce\u00f1a 99.5 FM para toda Maracay y a trav\u00e9s de la web en <a href=\"http:\/\/www.araguenafm.com\/\" target=\"_blank\">www.araguenafm.com<\/a>.<\/p>\n<p style=\"text-align: justify;\"><strong>Jornada: <\/strong>6 del Torneo Clausura 2015 (Reprogramada).<\/p>\n<p style=\"text-align: justify;\"><strong>Estadio:<\/strong> \u201cAgust\u00edn Tovar\u201d de Barinas<\/p>\n<p style=\"text-align: justify;\"><strong>Hora:<\/strong> 7:30 PM.<\/p>\n<p style=\"text-align: center;\"><a href=\"https:\/\/play.google.com\/store\/apps\/details?id=com.app.gradadigital\" target=\"_blank\"><img loading=\"lazy\" decoding=\"async\" class=\"alignnone size-full wp-image-15415\" src=\"http:\/\/gradadigital.com\/home\/wp-content\/uploads\/2014\/10\/banner_aplicacion_V2_GRADADIGITAL_17102014.jpg\" alt=\"banner_aplicacion_V2_GRADADIGITAL_17102014\" width=\"620\" height=\"100\" srcset=\"http:\/\/gradadigital.com\/home\/wp-content\/uploads\/2014\/10\/banner_aplicacion_V2_GRADADIGITAL_17102014.jpg 620w, http:\/\/gradadigital.com\/home\/wp-content\/uploads\/2014\/10\/banner_aplicacion_V2_GRADADIGITAL_17102014-300x48.jpg 300w\" sizes=\"auto, (max-width: 620px) 100vw, 620px\" \/><\/a><\/p>\n","protected":false},"excerpt":{"rendered":"<p>Jos\u00e9 R. Bol\u00edvar C. \/ Prensa Aragua F\u00fatbol Club &#8211;\u00a0El Aragua F\u00fatbol Club llega a la reprogramaci\u00f3n de la Jornada n\u00famero 6 del Torneo Clausura 2015 con la meta de hacerse con los tres puntos, en su visita al estado Barinas para enfrentar al Zamora F\u00fatbol Club, en partido pautado para este d\u00eda mi\u00e9rcoles 22 &#8230;<\/p>\n","protected":false},"author":4,"featured_media":19750,"comment_status":"closed","ping_status":"closed","sticky":false,"template":"","format":"standard","meta":{"footnotes":""},"categories":[752,6,5,31],"tags":[],"class_list":["post-19749","post","type-post","status-publish","format-standard","has-post-thumbnail","hentry","category-appgd","category-aragua-fc","category-futbol-nacional","category-primera-division"],"_links":{"self":[{"href":"http:\/\/gradadigital.com\/home\/wp-json\/wp\/v2\/posts\/19749","targetHints":{"allow":["GET"]}}],"collection":[{"href":"http:\/\/gradadigital.com\/home\/wp-json\/wp\/v2\/posts"}],"about":[{"href":"http:\/\/gradadigital.com\/home\/wp-json\/wp\/v2\/types\/post"}],"author":[{"embeddable":true,"href":"http:\/\/gradadigital.com\/home\/wp-json\/wp\/v2\/users\/4"}],"replies":[{"embeddable":true,"href":"http:\/\/gradadigital.com\/home\/wp-json\/wp\/v2\/comments?post=19749"}],"version-history":[{"count":1,"href":"http:\/\/gradadigital.com\/home\/wp-json\/wp\/v2\/posts\/19749\/revisions"}],"predecessor-version":[{"id":19751,"href":"http:\/\/gradadigital.com\/home\/wp-json\/wp\/v2\/posts\/19749\/revisions\/19751"}],"wp:featuredmedia":[{"embeddable":true,"href":"http:\/\/gradadigital.com\/home\/wp-json\/wp\/v2\/media\/19750"}],"wp:attachment":[{"href":"http:\/\/gradadigital.com\/home\/wp-json\/wp\/v2\/media?parent=19749"}],"wp:term":[{"taxonomy":"category","embeddable":true,"href":"http:\/\/gradadigital.com\/home\/wp-json\/wp\/v2\/categories?post=19749"},{"taxonomy":"post_tag","embeddable":true,"href":"http:\/\/gradadigital.com\/home\/wp-json\/wp\/v2\/tags?post=19749"}],"curies":[{"name":"wp","href":"https:\/\/api.w.org\/{rel}","templated":true}]}}