{"id":19729,"date":"2015-04-19T20:29:53","date_gmt":"2015-04-20T00:59:53","guid":{"rendered":"http:\/\/gradadigital.com\/home\/?p=19729"},"modified":"2015-04-19T20:30:56","modified_gmt":"2015-04-20T01:00:56","slug":"caracas-da-un-salto-a-la-libertadores-y-lucha-su-liderato","status":"publish","type":"post","link":"http:\/\/gradadigital.com\/home\/caracas-da-un-salto-a-la-libertadores-y-lucha-su-liderato\/","title":{"rendered":"Caracas da un salto a la Libertadores y lucha su liderato"},"content":{"rendered":"<p style=\"text-align: center;\"><img loading=\"lazy\" decoding=\"async\" class=\"alignnone size-full wp-image-19730\" src=\"http:\/\/gradadigital.com\/home\/wp-content\/uploads\/2015\/04\/edder_farias_caracas_llaneros_19042015.jpg\" alt=\"edder_farias_caracas_llaneros_19042015\" width=\"682\" height=\"396\" srcset=\"http:\/\/gradadigital.com\/home\/wp-content\/uploads\/2015\/04\/edder_farias_caracas_llaneros_19042015.jpg 682w, http:\/\/gradadigital.com\/home\/wp-content\/uploads\/2015\/04\/edder_farias_caracas_llaneros_19042015-300x174.jpg 300w\" sizes=\"auto, (max-width: 682px) 100vw, 682px\" \/><\/p>\n<p style=\"text-align: center;\"><img loading=\"lazy\" decoding=\"async\" class=\"alignnone size-full wp-image-16349\" src=\"http:\/\/gradadigital.com\/home\/wp-content\/uploads\/2014\/12\/banner_opcion_comentarios_gd.jpg\" alt=\"banner_opcion_comentarios_gd\" width=\"621\" height=\"41\" srcset=\"http:\/\/gradadigital.com\/home\/wp-content\/uploads\/2014\/12\/banner_opcion_comentarios_gd.jpg 621w, http:\/\/gradadigital.com\/home\/wp-content\/uploads\/2014\/12\/banner_opcion_comentarios_gd-300x19.jpg 300w, http:\/\/gradadigital.com\/home\/wp-content\/uploads\/2014\/12\/banner_opcion_comentarios_gd-620x41.jpg 620w\" sizes=\"auto, (max-width: 621px) 100vw, 621px\" \/><\/p>\n<p style=\"text-align: justify;\"><strong>PRENSA CFC.-\u00a0<\/strong>Caracas F\u00fatbol Club mantiene su rumbo firme por el Torneo Clausura 2015 y, la tarde de este domingo en el Ol\u00edmpico de la UCV, dio otro paso m\u00e1s al conseguir una luchada victoria 3 tantos por 2 ante Llaneros de Guanare, en partido correspondiente a la jornada 15.<\/p>\n<p style=\"text-align: justify;\">Desde el pitazo inicial Caracas F\u00fatbol club dej\u00f3 claro que iba a buscar los tres puntos al costo que sea y con alta presi\u00f3n comenzaba a poner en aprietos a un t\u00edmido equipo visitante. Solo pasaron 7 minutos para que el elenco avile\u00f1o se adelantara en el marcador, jugada finalizada de cabeza por Edder Far\u00edas, quien sigue en vena goleadora al estremecer las redes por quinto partido consecutivo.<\/p>\n<p style=\"text-align: justify;\">La intensidad se mantendr\u00eda y el rojo predominaba sobre el c\u00e9sped del Ol\u00edmpico, logrando \u00a0certificar su dominio con varias oportunidades de gol\u00a0 entre los que destacan remates sin \u00e9xito del propio Far\u00edas y Jhonder C\u00e1diz antes de cumplirse el primer tercio de la primera parte.<\/p>\n<p style=\"text-align: justify;\">Llaneros experimentaba problemas para superar la media cancha y un remate desde aproximadamente 25 metros de Alexander Osorio, trascurridos 25 minutos, se convirti\u00f3 en la primera insinuaci\u00f3n ante la porter\u00eda defendida por Baroja.<\/p>\n<p style=\"text-align: justify;\">Caracas hac\u00eda da\u00f1o principalmente por el flanco derecho y desde ah\u00ed surgieron varios centros con peligro al \u00e1rea, aprovechando a su vez cierto desconcierto de la pareja de centrales llaneros que en su mayor\u00eda perd\u00edan los duelos a\u00e9reos.<\/p>\n<p style=\"text-align: justify;\">Antes del descanso, Fabi\u00e1n Bordagaray logr\u00f3 ganar la l\u00ednea de fondo por ese costado y su servicio al coraz\u00f3n de la zona restrictiva pudo ser desviado sin mucha potencia por un Jhonder C\u00e1diz que perd\u00eda el equilibrio debido al esfuerzo.<\/p>\n<p style=\"text-align: justify;\">El inicio del complemento mostr\u00f3 un conjunto avile\u00f1o en el mismo plan incisivo, tanto que al 48\u2019 casi cae el segundo luego de un centro por izquierda de Gi\u00e1como Di Giorgi para Far\u00edas, a quien poco le falt\u00f3 para volver a mecer las redes.<\/p>\n<p style=\"text-align: justify;\">Sin embargo, Llaneros sorprendi\u00f3 al rato, en el 50\u2019, luego de que Armando Araque cabeceara sin oposici\u00f3n un tiro de esquina, rompiendo la seguidilla de 511 minutos que ten\u00eda el \u201crojo\u201d sin recibir gol . Se igualaba el compromiso, pero no por mucho, pues al 60\u2019 aparecer\u00eda otro gran centro de Vargas, esta vez para que un potente testarazo de Jhonder C\u00e1diz que le devolver\u00eda la ventaja a los avile\u00f1os.<\/p>\n<p style=\"text-align: justify;\">Los de Sarag\u00f3 siguieron intentando, pisando varias veces m\u00e1s el \u00e1rea rival en pos del tanto de la tranquilidad, pero este no lleg\u00f3. Por el contrario, volvi\u00f3 a sorprender Llaneros, en el 69, con un centro al \u00e1rea que Nolberto Riasco supo controlar y definir para balancear de nuevo las cosas, ahora 2 por 2.<\/p>\n<p style=\"text-align: justify;\">Caracas asest\u00f3 el golpe de la mejor manera posible: intentando con m\u00e1s ah\u00ednco volver a estar arriba en la pizarra y casi lo consigue en el 77\u2019, luego de un bal\u00f3n al palo de Andr\u00e9s S\u00e1nchez. No bajar los brazos rindi\u00f3 sus frutos para los due\u00f1os de casa pues, al 78\u2019, el reci\u00e9n ingresado Francisco Carabal\u00ed fue derribado en el \u00e1rea: penal.<\/p>\n<p style=\"text-align: justify;\">Edder Far\u00edas ser\u00eda el encargado de cobrar desde los doce pasos, y lo hizo efectivamente, poniendo a los suyos otra vez en ventaja, 3-2, y \u00e9l mismo llegando a 9 goles en el Clausura y 15 en la temporada.<\/p>\n<p style=\"text-align: justify;\">Los \u00faltimos minutos del compromiso no variaron, y el Caracas consum\u00f3 una important\u00edsima victoria, una que mantiene al conjunto capitalino en lo m\u00e1s alto de la tabla, y adem\u00e1s le asegura matem\u00e1ticamente la clasificaci\u00f3n, por lo menos, a la fase previa de la Copa Libertadores de Am\u00e9rica.<\/p>\n<p style=\"text-align: center;\"><a href=\"https:\/\/play.google.com\/store\/apps\/details?id=com.app.gradadigital\" target=\"_blank\"><img loading=\"lazy\" decoding=\"async\" class=\"alignnone size-full wp-image-15415\" src=\"http:\/\/gradadigital.com\/home\/wp-content\/uploads\/2014\/10\/banner_aplicacion_V2_GRADADIGITAL_17102014.jpg\" alt=\"banner_aplicacion_V2_GRADADIGITAL_17102014\" width=\"620\" height=\"100\" srcset=\"http:\/\/gradadigital.com\/home\/wp-content\/uploads\/2014\/10\/banner_aplicacion_V2_GRADADIGITAL_17102014.jpg 620w, http:\/\/gradadigital.com\/home\/wp-content\/uploads\/2014\/10\/banner_aplicacion_V2_GRADADIGITAL_17102014-300x48.jpg 300w\" sizes=\"auto, (max-width: 620px) 100vw, 620px\" \/><\/a><\/p>\n<p style=\"text-align: justify;\"><strong>FICHA T\u00c9CNICA:<\/strong><\/p>\n<p style=\"text-align: justify;\"><strong>CARACAS F\u00daTBOL CLUB (3):<\/strong> Alain Baroja, Jefre Vargas, Andr\u00e9s S\u00e1nchez, Gi\u00e1como Di Giorgi, Rubert Quijada (Francisco Carabal\u00ed 75\u2019), Miguel Mea Vitali, Ricardo Andreutti, Diomar D\u00edaz (F\u00e9lix C\u00e1sseres 56\u2019), Fabi\u00e1n Bordagaray (Marcelo Barre\u00f1a 81\u2019), Jhonder C\u00e1diz y Edder Far\u00edas | DT Eduardo Sarag\u00f3<\/p>\n<p style=\"text-align: justify;\"><strong>LLANEROS DE GUANARE (2):<\/strong> Johel Semidey, Alexander Osorio, Anderson Orozco, Gilbert Guerra (Jan Contreras 83\u2019), Nolberto Riasco, Armando Araque, Douglas Julio (Adri\u00e1n Rodr\u00edguez 90+2\u2019), Luis Garc\u00eda, Ronald Mora (Jos\u00e9 Torres 90+1\u2019), Yanosky Reyes y Douglas Vargas | DT Jorge P\u00e9rez<\/p>\n<p style=\"text-align: justify;\"><strong>GOL: <\/strong>Edder Far\u00edas (CFC) min. 7 y min.80 (pen); Armando Araque (LLA) min.50; Jhonder C\u00e1diz (CFC) min.60; Nolberto Riasco (LLA) min.69<\/p>\n<p style=\"text-align: justify;\"><strong>AMONESTADOS:<\/strong> Armando Araque (LLA) min.51; Luis Garc\u00eda (LLA) min.87<\/p>\n<p style=\"text-align: justify;\"><strong>EXPULSADOS:<\/strong> No Hubo<\/p>\n<p style=\"text-align: justify;\"><strong>\u00c1RBITRO PRINCIPAL:<\/strong> Alexis Herrera (Carabobo)<\/p>\n<p style=\"text-align: justify;\">Estadio Ol\u00edmpico de la UCV | Domingo 19 de Abril de 2015<\/p>\n","protected":false},"excerpt":{"rendered":"<p>PRENSA CFC.-\u00a0Caracas F\u00fatbol Club mantiene su rumbo firme por el Torneo Clausura 2015 y, la tarde de este domingo en el Ol\u00edmpico de la UCV, dio otro paso m\u00e1s al conseguir una luchada victoria 3 tantos por 2 ante Llaneros de Guanare, en partido correspondiente a la jornada 15. Desde el pitazo inicial Caracas F\u00fatbol &#8230;<\/p>\n","protected":false},"author":4,"featured_media":19730,"comment_status":"closed","ping_status":"closed","sticky":false,"template":"","format":"standard","meta":{"footnotes":""},"categories":[752,9,5,14,31],"tags":[],"class_list":["post-19729","post","type-post","status-publish","format-standard","has-post-thumbnail","hentry","category-appgd","category-caracas-fc","category-futbol-nacional","category-llaneros-fc","category-primera-division"],"_links":{"self":[{"href":"http:\/\/gradadigital.com\/home\/wp-json\/wp\/v2\/posts\/19729","targetHints":{"allow":["GET"]}}],"collection":[{"href":"http:\/\/gradadigital.com\/home\/wp-json\/wp\/v2\/posts"}],"about":[{"href":"http:\/\/gradadigital.com\/home\/wp-json\/wp\/v2\/types\/post"}],"author":[{"embeddable":true,"href":"http:\/\/gradadigital.com\/home\/wp-json\/wp\/v2\/users\/4"}],"replies":[{"embeddable":true,"href":"http:\/\/gradadigital.com\/home\/wp-json\/wp\/v2\/comments?post=19729"}],"version-history":[{"count":2,"href":"http:\/\/gradadigital.com\/home\/wp-json\/wp\/v2\/posts\/19729\/revisions"}],"predecessor-version":[{"id":19732,"href":"http:\/\/gradadigital.com\/home\/wp-json\/wp\/v2\/posts\/19729\/revisions\/19732"}],"wp:featuredmedia":[{"embeddable":true,"href":"http:\/\/gradadigital.com\/home\/wp-json\/wp\/v2\/media\/19730"}],"wp:attachment":[{"href":"http:\/\/gradadigital.com\/home\/wp-json\/wp\/v2\/media?parent=19729"}],"wp:term":[{"taxonomy":"category","embeddable":true,"href":"http:\/\/gradadigital.com\/home\/wp-json\/wp\/v2\/categories?post=19729"},{"taxonomy":"post_tag","embeddable":true,"href":"http:\/\/gradadigital.com\/home\/wp-json\/wp\/v2\/tags?post=19729"}],"curies":[{"name":"wp","href":"https:\/\/api.w.org\/{rel}","templated":true}]}}