{"id":19698,"date":"2015-04-17T10:16:42","date_gmt":"2015-04-17T14:46:42","guid":{"rendered":"http:\/\/gradadigital.com\/home\/?p=19698"},"modified":"2015-04-17T10:16:42","modified_gmt":"2015-04-17T14:46:42","slug":"juan-garcia-lo-que-ocurra-entre-estudiantes-y-la-fvf-es-un-asunto-entre-ellos","status":"publish","type":"post","link":"http:\/\/gradadigital.com\/home\/juan-garcia-lo-que-ocurra-entre-estudiantes-y-la-fvf-es-un-asunto-entre-ellos\/","title":{"rendered":"Juan Garc\u00eda: \u00abLo que ocurra entre Estudiantes y la FVF es un asunto entre ellos\u00bb"},"content":{"rendered":"<p style=\"text-align: center;\"><img loading=\"lazy\" decoding=\"async\" class=\"alignnone size-full wp-image-18935\" src=\"http:\/\/gradadigital.com\/home\/wp-content\/uploads\/2015\/03\/juan_garcia_aufpv_01032015.jpg\" alt=\"juan_garcia_aufpv_01032015\" width=\"682\" height=\"396\" srcset=\"http:\/\/gradadigital.com\/home\/wp-content\/uploads\/2015\/03\/juan_garcia_aufpv_01032015.jpg 682w, http:\/\/gradadigital.com\/home\/wp-content\/uploads\/2015\/03\/juan_garcia_aufpv_01032015-300x174.jpg 300w\" sizes=\"auto, (max-width: 682px) 100vw, 682px\" \/><\/p>\n<p style=\"text-align: justify;\"><strong>Caracas, 15 de Abril de 2015, Prensa AUFPV (<\/strong><strong>@AUFPVenezuela<\/strong><strong>).- <\/strong>Ante los recientes hechos ocurridos por la sanci\u00f3n administrativa que la FVF aplic\u00f3 sobre\u00a0 Estudiantes de M\u00e9rida, la presidencia de la AUFPV fija postura \u00fanica ante tal hecho.<\/p>\n<p style=\"text-align: justify;\">Desde Bolivia, Juan Garc\u00eda se\u00f1al\u00f3 que <strong>\u201cla AUFPV no puede sancionar a ning\u00fan club, solo puede iniciar mecanismos para que se cumpla el reglamento. La FVF a trav\u00e9s de su consejo de honor o los tribunales ordinarios a trav\u00e9s de sentencias se encargan\u00a0 de la morosidad y otros problemas generados por terceros\u201d.<\/strong><\/p>\n<p style=\"text-align: justify;\"><strong>\u201cQuerer pretender enga\u00f1ar a la gente con que la AUFPV puede revertir algo que no juzga es una gran mentira\u201d,<\/strong> complementando, \u201c<strong>Estudiantes de M\u00e9rida si es que pag\u00f3 lo hizo extempor\u00e1neamente, la FVF a trav\u00e9s del Consejo de Honor hab\u00eda dado un plazo y este no se respet\u00f3, el se\u00f1or Frank Castillo se comunic\u00f3 conmigo pidiendo un tiempo que yo no le puedo dar pues no fue mi organismo dejusticia quien lo sentenci\u00f3\u201d<\/strong>, enfatiz\u00f3 a su salida del congreso FIFPro Am\u00e9ricas en Bolivia.<\/p>\n<p style=\"text-align: justify;\"><strong>\u201cLo que ocurra entre Estudiantes de M\u00e9rida y la FVF es un asunto entre ellos, nosotros velamos por los intereses de los jugadores que visten y vistieron esa camiseta, es para lo que nos tra\u00eddo a este cargo, creemos en la justicia y por ello acudimos a las instancias que FIFA y FIFPro nos indican como procedimiento\u201d,<\/strong> cerr\u00f3.<\/p>\n<p style=\"text-align: justify;\">Garc\u00eda espera reunirse con la junta directiva de la AUFPV, cuando retorne al pa\u00eds, para evaluar medidas y tomar decisiones al respecto.<\/p>\n","protected":false},"excerpt":{"rendered":"<p>Caracas, 15 de Abril de 2015, Prensa AUFPV (@AUFPVenezuela).- Ante los recientes hechos ocurridos por la sanci\u00f3n administrativa que la FVF aplic\u00f3 sobre\u00a0 Estudiantes de M\u00e9rida, la presidencia de la AUFPV fija postura \u00fanica ante tal hecho. Desde Bolivia, Juan Garc\u00eda se\u00f1al\u00f3 que \u201cla AUFPV no puede sancionar a ning\u00fan club, solo puede iniciar mecanismos &#8230;<\/p>\n","protected":false},"author":4,"featured_media":18935,"comment_status":"closed","ping_status":"closed","sticky":false,"template":"","format":"standard","meta":{"footnotes":""},"categories":[752,13,5,31],"tags":[],"class_list":["post-19698","post","type-post","status-publish","format-standard","has-post-thumbnail","hentry","category-appgd","category-estudiantes-de-merida","category-futbol-nacional","category-primera-division"],"_links":{"self":[{"href":"http:\/\/gradadigital.com\/home\/wp-json\/wp\/v2\/posts\/19698","targetHints":{"allow":["GET"]}}],"collection":[{"href":"http:\/\/gradadigital.com\/home\/wp-json\/wp\/v2\/posts"}],"about":[{"href":"http:\/\/gradadigital.com\/home\/wp-json\/wp\/v2\/types\/post"}],"author":[{"embeddable":true,"href":"http:\/\/gradadigital.com\/home\/wp-json\/wp\/v2\/users\/4"}],"replies":[{"embeddable":true,"href":"http:\/\/gradadigital.com\/home\/wp-json\/wp\/v2\/comments?post=19698"}],"version-history":[{"count":1,"href":"http:\/\/gradadigital.com\/home\/wp-json\/wp\/v2\/posts\/19698\/revisions"}],"predecessor-version":[{"id":19699,"href":"http:\/\/gradadigital.com\/home\/wp-json\/wp\/v2\/posts\/19698\/revisions\/19699"}],"wp:featuredmedia":[{"embeddable":true,"href":"http:\/\/gradadigital.com\/home\/wp-json\/wp\/v2\/media\/18935"}],"wp:attachment":[{"href":"http:\/\/gradadigital.com\/home\/wp-json\/wp\/v2\/media?parent=19698"}],"wp:term":[{"taxonomy":"category","embeddable":true,"href":"http:\/\/gradadigital.com\/home\/wp-json\/wp\/v2\/categories?post=19698"},{"taxonomy":"post_tag","embeddable":true,"href":"http:\/\/gradadigital.com\/home\/wp-json\/wp\/v2\/tags?post=19698"}],"curies":[{"name":"wp","href":"https:\/\/api.w.org\/{rel}","templated":true}]}}