{"id":19678,"date":"2015-04-09T11:34:52","date_gmt":"2015-04-09T16:04:52","guid":{"rendered":"http:\/\/gradadigital.com\/home\/?p=19678"},"modified":"2015-04-09T11:34:52","modified_gmt":"2015-04-09T16:04:52","slug":"el-tachira-lara-ya-tiene-fecha","status":"publish","type":"post","link":"http:\/\/gradadigital.com\/home\/el-tachira-lara-ya-tiene-fecha\/","title":{"rendered":"El T\u00e1chira &#8211; Lara ya tiene fecha"},"content":{"rendered":"<p style=\"text-align: center;\"><img loading=\"lazy\" decoding=\"async\" class=\"alignnone size-full wp-image-18139\" src=\"http:\/\/gradadigital.com\/home\/wp-content\/uploads\/2015\/02\/pueblo_nuevo_tachira_cerro_04022015.jpg\" alt=\"pueblo_nuevo_tachira_cerro_04022015\" width=\"682\" height=\"396\" srcset=\"http:\/\/gradadigital.com\/home\/wp-content\/uploads\/2015\/02\/pueblo_nuevo_tachira_cerro_04022015.jpg 682w, http:\/\/gradadigital.com\/home\/wp-content\/uploads\/2015\/02\/pueblo_nuevo_tachira_cerro_04022015-300x174.jpg 300w\" sizes=\"auto, (max-width: 682px) 100vw, 682px\" \/><\/p>\n<p style=\"text-align: center;\"><img loading=\"lazy\" decoding=\"async\" class=\"alignnone size-full wp-image-16349\" src=\"http:\/\/gradadigital.com\/home\/wp-content\/uploads\/2014\/12\/banner_opcion_comentarios_gd.jpg\" alt=\"banner_opcion_comentarios_gd\" width=\"621\" height=\"41\" srcset=\"http:\/\/gradadigital.com\/home\/wp-content\/uploads\/2014\/12\/banner_opcion_comentarios_gd.jpg 621w, http:\/\/gradadigital.com\/home\/wp-content\/uploads\/2014\/12\/banner_opcion_comentarios_gd-300x19.jpg 300w, http:\/\/gradadigital.com\/home\/wp-content\/uploads\/2014\/12\/banner_opcion_comentarios_gd-620x41.jpg 620w\" sizes=\"auto, (max-width: 621px) 100vw, 621px\" \/><\/p>\n<p style=\"text-align: justify;\"><strong>Prensa Deportivo Lara &#8211;<\/strong>\u00a0La Federaci\u00f3n Venezolana de F\u00fatbol inform\u00f3 que el compromiso v\u00e1lido por la fecha 14 ante el Deportivo T\u00e1chira se efectuar\u00e1 finalmente el mi\u00e9rcoles 29 de abril a las 7:30 pm en el estadio Pueblo Nuevo de San Crist\u00f3bal. Dicho partido estaba pautado para este domingo, sin embargo, el cotejo del aurinegro para el d\u00eda martes 14 de abril contra Racing en Argentina oblig\u00f3 a que fuese reprogramado.<\/p>\n<p style=\"text-align: center;\"><a href=\"https:\/\/play.google.com\/store\/apps\/details?id=com.app.gradadigital\" target=\"_blank\"><img loading=\"lazy\" decoding=\"async\" class=\"alignnone size-full wp-image-15415\" src=\"http:\/\/gradadigital.com\/home\/wp-content\/uploads\/2014\/10\/banner_aplicacion_V2_GRADADIGITAL_17102014.jpg\" alt=\"banner_aplicacion_V2_GRADADIGITAL_17102014\" width=\"620\" height=\"100\" srcset=\"http:\/\/gradadigital.com\/home\/wp-content\/uploads\/2014\/10\/banner_aplicacion_V2_GRADADIGITAL_17102014.jpg 620w, http:\/\/gradadigital.com\/home\/wp-content\/uploads\/2014\/10\/banner_aplicacion_V2_GRADADIGITAL_17102014-300x48.jpg 300w\" sizes=\"auto, (max-width: 620px) 100vw, 620px\" \/><\/a><\/p>\n","protected":false},"excerpt":{"rendered":"<p>Prensa Deportivo Lara &#8211;\u00a0La Federaci\u00f3n Venezolana de F\u00fatbol inform\u00f3 que el compromiso v\u00e1lido por la fecha 14 ante el Deportivo T\u00e1chira se efectuar\u00e1 finalmente el mi\u00e9rcoles 29 de abril a las 7:30 pm en el estadio Pueblo Nuevo de San Crist\u00f3bal. Dicho partido estaba pautado para este domingo, sin embargo, el cotejo del aurinegro para &#8230;<\/p>\n","protected":false},"author":4,"featured_media":18139,"comment_status":"closed","ping_status":"closed","sticky":false,"template":"","format":"standard","meta":{"footnotes":""},"categories":[752,8,11,5,31],"tags":[],"class_list":["post-19678","post","type-post","status-publish","format-standard","has-post-thumbnail","hentry","category-appgd","category-cd-lara","category-deportivo-tachira","category-futbol-nacional","category-primera-division"],"_links":{"self":[{"href":"http:\/\/gradadigital.com\/home\/wp-json\/wp\/v2\/posts\/19678","targetHints":{"allow":["GET"]}}],"collection":[{"href":"http:\/\/gradadigital.com\/home\/wp-json\/wp\/v2\/posts"}],"about":[{"href":"http:\/\/gradadigital.com\/home\/wp-json\/wp\/v2\/types\/post"}],"author":[{"embeddable":true,"href":"http:\/\/gradadigital.com\/home\/wp-json\/wp\/v2\/users\/4"}],"replies":[{"embeddable":true,"href":"http:\/\/gradadigital.com\/home\/wp-json\/wp\/v2\/comments?post=19678"}],"version-history":[{"count":1,"href":"http:\/\/gradadigital.com\/home\/wp-json\/wp\/v2\/posts\/19678\/revisions"}],"predecessor-version":[{"id":19679,"href":"http:\/\/gradadigital.com\/home\/wp-json\/wp\/v2\/posts\/19678\/revisions\/19679"}],"wp:featuredmedia":[{"embeddable":true,"href":"http:\/\/gradadigital.com\/home\/wp-json\/wp\/v2\/media\/18139"}],"wp:attachment":[{"href":"http:\/\/gradadigital.com\/home\/wp-json\/wp\/v2\/media?parent=19678"}],"wp:term":[{"taxonomy":"category","embeddable":true,"href":"http:\/\/gradadigital.com\/home\/wp-json\/wp\/v2\/categories?post=19678"},{"taxonomy":"post_tag","embeddable":true,"href":"http:\/\/gradadigital.com\/home\/wp-json\/wp\/v2\/tags?post=19678"}],"curies":[{"name":"wp","href":"https:\/\/api.w.org\/{rel}","templated":true}]}}