{"id":19673,"date":"2015-04-08T22:24:06","date_gmt":"2015-04-09T02:54:06","guid":{"rendered":"http:\/\/gradadigital.com\/home\/?p=19673"},"modified":"2015-04-09T11:29:34","modified_gmt":"2015-04-09T15:59:34","slug":"dudamel-debemos-mantener-nivel-competitivo","status":"publish","type":"post","link":"http:\/\/gradadigital.com\/home\/dudamel-debemos-mantener-nivel-competitivo\/","title":{"rendered":"Dudamel: \u00abDebemos mantener nivel competitivo\u00bb"},"content":{"rendered":"<p style=\"text-align: center;\"><img loading=\"lazy\" decoding=\"async\" class=\"alignnone size-full wp-image-19674\" src=\"http:\/\/gradadigital.com\/home\/wp-content\/uploads\/2015\/04\/rafael_dudamel_llaneros_lara_09042015.jpg\" alt=\"rafael_dudamel_llaneros_lara_09042015\" width=\"682\" height=\"396\" srcset=\"http:\/\/gradadigital.com\/home\/wp-content\/uploads\/2015\/04\/rafael_dudamel_llaneros_lara_09042015.jpg 682w, http:\/\/gradadigital.com\/home\/wp-content\/uploads\/2015\/04\/rafael_dudamel_llaneros_lara_09042015-300x174.jpg 300w\" sizes=\"auto, (max-width: 682px) 100vw, 682px\" \/><\/p>\n<p style=\"text-align: center;\"><img loading=\"lazy\" decoding=\"async\" class=\"alignnone size-full wp-image-16349\" src=\"http:\/\/gradadigital.com\/home\/wp-content\/uploads\/2014\/12\/banner_opcion_comentarios_gd.jpg\" alt=\"banner_opcion_comentarios_gd\" width=\"621\" height=\"41\" srcset=\"http:\/\/gradadigital.com\/home\/wp-content\/uploads\/2014\/12\/banner_opcion_comentarios_gd.jpg 621w, http:\/\/gradadigital.com\/home\/wp-content\/uploads\/2014\/12\/banner_opcion_comentarios_gd-300x19.jpg 300w, http:\/\/gradadigital.com\/home\/wp-content\/uploads\/2014\/12\/banner_opcion_comentarios_gd-620x41.jpg 620w\" sizes=\"auto, (max-width: 621px) 100vw, 621px\" \/><\/p>\n<p style=\"text-align: justify;\"><strong>Lcdo. Ram<\/strong><strong>\u00f3n Medina &#8211;\u00a0<\/strong>El Depor organiza una semana de trabajo donde no podr\u00e1 ver acci\u00f3n el fin de semana ante el Deportivo T\u00e1chira, por compromisos continentales del conjunto aurinegro en la Copa Libertadores.<\/p>\n<p style=\"text-align: justify;\">Los comandados por Rafael Dudamel, estar\u00e1n entrenando todos estos d\u00edas con la mente puesta no en el equipo de San Crist\u00f3bal, sino ante el Zulia FC que ser\u00e1 el pr\u00f3ximo domingo 19 de abril para posteriormente tener una semana larga de partidos seguidos ante Tucanes de Amazonas y posteriormente ante T\u00e1chira.<\/p>\n<p style=\"text-align: justify;\">Este es el calendario que espera jugar el estratega rojinegro aunque a\u00fan no hay fecha oficial dada por la Federaci\u00f3n Venezolana de F\u00fatbol y desea que los clubes, puedan colaborar con el cambio de fechas solicitadas por los larenses.<\/p>\n<p style=\"text-align: justify;\"><strong>\u201cNo hay fecha oficial, pero la fecha tentativa es que se juegue luego del partido de Tucanes, as\u00ed como hicimos con Mineros de Guayana tambi\u00e9n estamos dispuestos para a reprogramar esta fecha para que T\u00e1chira internacionalmente represent\u00e1ndonos en Copa Libertadores pueda tener los tiempos necesarios para recuperarse partido a partido, buscaremos nosotros de alguna manera habiendo hecho la solicitud, adelantar el juego de Tucanes al d\u00eda s\u00e1bado y no jugarlo el domingo.\u201d <\/strong>Puntualiz\u00f3 el ex DT Vinotinto Sub 17<\/p>\n<p style=\"text-align: justify;\"><strong>\u201cAs\u00ed como estamos siendo consecuentes con T\u00e1chira para que tengan una linda representaci\u00f3n por Venezuela, los dem\u00e1s clubes tambi\u00e9n tengan un poco de respuesta positiva hacia estas modificaciones.\u201d <\/strong>Afirm\u00f3<strong>.<\/strong><\/p>\n<p style=\"text-align: justify;\">Abordado sobre cu\u00e1les ser\u00e1n los trabajos a realizar durante esta semana \u201cmuerta\u201d, coment\u00f3. <strong>\u201cVamos a hacer pr\u00e1cticas de f\u00fatbol ma\u00f1ana, seguramente con un equipo invitado, el s\u00e1bado lo haremos nosotros con la suficiente formalidad para que haya una carga de trabajo necesario a lo que es una competencia, y la semana que viene ya estaremos enfoc\u00e1ndonos en el partido contra Zulia.\u201d<\/strong><\/p>\n<p style=\"text-align: justify;\">Ante la posibilidad de jugar un amistoso a puertas abiertas ma\u00f1ana frente a un equipo de la regi\u00f3n, se\u00f1al\u00f3 que es necesario para mantener el ritmo de competencia<strong>. \u201cEstamos teniendo dos o tres invitados, hay varios clubes en la ciudad interesados en realizar la pr\u00e1ctica, le sirve a ellos, nos sirve a nosotros, para que podamos mantener ese nivel competitivo y f\u00edsico con el que terminamos en la \u00faltima jornada jugada.\u201d<\/strong><\/p>\n<p style=\"text-align: justify;\">Por \u00faltimo, habl\u00f3 sobre el calendario que le toca a los suyos en los \u00faltimos enfrentamientos a disputar<strong>. \u201cVamos a jugar contra Zulia, luego tendremos una semana larga, luego contra Tucanes y a partir de ah\u00ed estaremos jugando la \u00faltima semana del torneo mi\u00e9rcoles-domingo pero ya lo hemos vivido esto un par de veces en este torneo, as\u00ed que el equipo ha respondido bien.\u201d<\/strong><\/p>\n<p style=\"text-align: justify;\"><strong>\u201cLo importante es que podamos tener un buen control con las amonestaciones, estar todos habilitados, son los partidos lindos donde todos los jugadores quieren estar, estamos entre los cinco primeros y jugar de esta manera las \u00faltimas fechas es bastante emocionante.\u201d<\/strong> Finaliz\u00f3 el ex portero de la Selecci\u00f3n Nacional sobre qu\u00e9 cuidar de sus elementos en las \u00faltimas jornadas.<\/p>\n<p style=\"text-align: center;\"><a href=\"https:\/\/play.google.com\/store\/apps\/details?id=com.app.gradadigital\" target=\"_blank\"><img loading=\"lazy\" decoding=\"async\" class=\"alignnone size-full wp-image-15415\" src=\"http:\/\/gradadigital.com\/home\/wp-content\/uploads\/2014\/10\/banner_aplicacion_V2_GRADADIGITAL_17102014.jpg\" alt=\"banner_aplicacion_V2_GRADADIGITAL_17102014\" width=\"620\" height=\"100\" srcset=\"http:\/\/gradadigital.com\/home\/wp-content\/uploads\/2014\/10\/banner_aplicacion_V2_GRADADIGITAL_17102014.jpg 620w, http:\/\/gradadigital.com\/home\/wp-content\/uploads\/2014\/10\/banner_aplicacion_V2_GRADADIGITAL_17102014-300x48.jpg 300w\" sizes=\"auto, (max-width: 620px) 100vw, 620px\" \/><\/a><\/p>\n","protected":false},"excerpt":{"rendered":"<p>Lcdo. Ram\u00f3n Medina &#8211;\u00a0El Depor organiza una semana de trabajo donde no podr\u00e1 ver acci\u00f3n el fin de semana ante el Deportivo T\u00e1chira, por compromisos continentales del conjunto aurinegro en la Copa Libertadores. Los comandados por Rafael Dudamel, estar\u00e1n entrenando todos estos d\u00edas con la mente puesta no en el equipo de San Crist\u00f3bal, sino &#8230;<\/p>\n","protected":false},"author":4,"featured_media":19674,"comment_status":"closed","ping_status":"closed","sticky":false,"template":"","format":"standard","meta":{"footnotes":""},"categories":[752,8,5,31],"tags":[],"class_list":["post-19673","post","type-post","status-publish","format-standard","has-post-thumbnail","hentry","category-appgd","category-cd-lara","category-futbol-nacional","category-primera-division"],"_links":{"self":[{"href":"http:\/\/gradadigital.com\/home\/wp-json\/wp\/v2\/posts\/19673","targetHints":{"allow":["GET"]}}],"collection":[{"href":"http:\/\/gradadigital.com\/home\/wp-json\/wp\/v2\/posts"}],"about":[{"href":"http:\/\/gradadigital.com\/home\/wp-json\/wp\/v2\/types\/post"}],"author":[{"embeddable":true,"href":"http:\/\/gradadigital.com\/home\/wp-json\/wp\/v2\/users\/4"}],"replies":[{"embeddable":true,"href":"http:\/\/gradadigital.com\/home\/wp-json\/wp\/v2\/comments?post=19673"}],"version-history":[{"count":1,"href":"http:\/\/gradadigital.com\/home\/wp-json\/wp\/v2\/posts\/19673\/revisions"}],"predecessor-version":[{"id":19675,"href":"http:\/\/gradadigital.com\/home\/wp-json\/wp\/v2\/posts\/19673\/revisions\/19675"}],"wp:featuredmedia":[{"embeddable":true,"href":"http:\/\/gradadigital.com\/home\/wp-json\/wp\/v2\/media\/19674"}],"wp:attachment":[{"href":"http:\/\/gradadigital.com\/home\/wp-json\/wp\/v2\/media?parent=19673"}],"wp:term":[{"taxonomy":"category","embeddable":true,"href":"http:\/\/gradadigital.com\/home\/wp-json\/wp\/v2\/categories?post=19673"},{"taxonomy":"post_tag","embeddable":true,"href":"http:\/\/gradadigital.com\/home\/wp-json\/wp\/v2\/tags?post=19673"}],"curies":[{"name":"wp","href":"https:\/\/api.w.org\/{rel}","templated":true}]}}