{"id":19648,"date":"2015-04-07T14:43:36","date_gmt":"2015-04-07T19:13:36","guid":{"rendered":"http:\/\/gradadigital.com\/home\/?p=19648"},"modified":"2015-04-07T14:43:36","modified_gmt":"2015-04-07T19:13:36","slug":"mineros-entreno-en-belo-horizonte","status":"publish","type":"post","link":"http:\/\/gradadigital.com\/home\/mineros-entreno-en-belo-horizonte\/","title":{"rendered":"Mineros entren\u00f3 en Belo Horizonte"},"content":{"rendered":"<p style=\"text-align: center;\"><img loading=\"lazy\" decoding=\"async\" class=\"alignnone size-full wp-image-19649\" src=\"http:\/\/gradadigital.com\/home\/wp-content\/uploads\/2015\/04\/entrenamiento_mineros_belo_horizonte_06042015.jpg\" alt=\"entrenamiento_mineros_belo_horizonte_06042015\" width=\"682\" height=\"396\" srcset=\"http:\/\/gradadigital.com\/home\/wp-content\/uploads\/2015\/04\/entrenamiento_mineros_belo_horizonte_06042015.jpg 682w, http:\/\/gradadigital.com\/home\/wp-content\/uploads\/2015\/04\/entrenamiento_mineros_belo_horizonte_06042015-300x174.jpg 300w\" sizes=\"auto, (max-width: 682px) 100vw, 682px\" \/><\/p>\n<p style=\"text-align: center;\"><img loading=\"lazy\" decoding=\"async\" class=\"alignnone size-full wp-image-16349\" src=\"http:\/\/gradadigital.com\/home\/wp-content\/uploads\/2014\/12\/banner_opcion_comentarios_gd.jpg\" alt=\"banner_opcion_comentarios_gd\" width=\"621\" height=\"41\" srcset=\"http:\/\/gradadigital.com\/home\/wp-content\/uploads\/2014\/12\/banner_opcion_comentarios_gd.jpg 621w, http:\/\/gradadigital.com\/home\/wp-content\/uploads\/2014\/12\/banner_opcion_comentarios_gd-300x19.jpg 300w, http:\/\/gradadigital.com\/home\/wp-content\/uploads\/2014\/12\/banner_opcion_comentarios_gd-620x41.jpg 620w\" sizes=\"auto, (max-width: 621px) 100vw, 621px\" \/><\/p>\n<p style=\"text-align: justify;\"><strong>Prensa Mineros de Guayana &#8211;\u00a0<\/strong>Mineros de Guayana realiz\u00f3 este martes, en horas de la tarde, su primer entrenamiento en Belo Horizonte, de cara al compromiso contra Cruzeiro Esporte Clube, en una nueva jornada de la Copa Bridgestone Libertadores 2015, que se disputar\u00e1 este mi\u00e9rcoles en el estadio Mineirao, a partir de las 22:00 hs. (8:30 p. m. hora de Venezuela).<\/p>\n<p style=\"text-align: justify;\">Los dirigidos por Antonio Franco practicaron en el Complejo Deportivo de Cruzeiro, donde realizaron trabajos f\u00edsicos, as\u00ed como tambi\u00e9n con y sin pelota, para empezar a preparar lo que ser\u00e1 este importante compromiso.<\/p>\n<p style=\"text-align: justify;\">Todos los convocados trabajaron sin ning\u00fan tipo de problema, incluyendo el capit\u00e1n Luis Vallenilla y el mediocampista Rafael Acosta, quienes no han estado en los \u00faltimos partidos, pues se encontraban en proceso de recuperaci\u00f3n. Los porteros Rafael Romo y Luis Romero, por su parte, fueron exigidos por el preparador de arqueros, Tulio Hern\u00e1ndez.<\/p>\n<p style=\"text-align: justify;\">Para este mi\u00e9rcoles, los negriazules tendr\u00e1n una charla t\u00e9cnica, en horas de la tarde, para luego, a las 19:00 hs. (5:30 p. m. hora venezolana) hacer el reconocimiento del estadio Mineirao y ajustar los \u00faltimos detalles, con la intenci\u00f3n de no dejar escapar puntos en su visita a Belo Horizonte.<\/p>\n<p style=\"text-align: center;\"><a href=\"https:\/\/play.google.com\/store\/apps\/details?id=com.app.gradadigital\" target=\"_blank\"><img loading=\"lazy\" decoding=\"async\" class=\"alignnone size-full wp-image-15415\" src=\"http:\/\/gradadigital.com\/home\/wp-content\/uploads\/2014\/10\/banner_aplicacion_V2_GRADADIGITAL_17102014.jpg\" alt=\"banner_aplicacion_V2_GRADADIGITAL_17102014\" width=\"620\" height=\"100\" srcset=\"http:\/\/gradadigital.com\/home\/wp-content\/uploads\/2014\/10\/banner_aplicacion_V2_GRADADIGITAL_17102014.jpg 620w, http:\/\/gradadigital.com\/home\/wp-content\/uploads\/2014\/10\/banner_aplicacion_V2_GRADADIGITAL_17102014-300x48.jpg 300w\" sizes=\"auto, (max-width: 620px) 100vw, 620px\" \/><\/a><\/p>\n","protected":false},"excerpt":{"rendered":"<p>Prensa Mineros de Guayana &#8211;\u00a0Mineros de Guayana realiz\u00f3 este martes, en horas de la tarde, su primer entrenamiento en Belo Horizonte, de cara al compromiso contra Cruzeiro Esporte Clube, en una nueva jornada de la Copa Bridgestone Libertadores 2015, que se disputar\u00e1 este mi\u00e9rcoles en el estadio Mineirao, a partir de las 22:00 hs. (8:30 &#8230;<\/p>\n","protected":false},"author":4,"featured_media":19649,"comment_status":"closed","ping_status":"closed","sticky":false,"template":"","format":"standard","meta":{"footnotes":""},"categories":[752,37,36,15],"tags":[],"class_list":["post-19648","post","type-post","status-publish","format-standard","has-post-thumbnail","hentry","category-appgd","category-copa-libertadores","category-internacional","category-mineros-de-guayana"],"_links":{"self":[{"href":"http:\/\/gradadigital.com\/home\/wp-json\/wp\/v2\/posts\/19648","targetHints":{"allow":["GET"]}}],"collection":[{"href":"http:\/\/gradadigital.com\/home\/wp-json\/wp\/v2\/posts"}],"about":[{"href":"http:\/\/gradadigital.com\/home\/wp-json\/wp\/v2\/types\/post"}],"author":[{"embeddable":true,"href":"http:\/\/gradadigital.com\/home\/wp-json\/wp\/v2\/users\/4"}],"replies":[{"embeddable":true,"href":"http:\/\/gradadigital.com\/home\/wp-json\/wp\/v2\/comments?post=19648"}],"version-history":[{"count":1,"href":"http:\/\/gradadigital.com\/home\/wp-json\/wp\/v2\/posts\/19648\/revisions"}],"predecessor-version":[{"id":19650,"href":"http:\/\/gradadigital.com\/home\/wp-json\/wp\/v2\/posts\/19648\/revisions\/19650"}],"wp:featuredmedia":[{"embeddable":true,"href":"http:\/\/gradadigital.com\/home\/wp-json\/wp\/v2\/media\/19649"}],"wp:attachment":[{"href":"http:\/\/gradadigital.com\/home\/wp-json\/wp\/v2\/media?parent=19648"}],"wp:term":[{"taxonomy":"category","embeddable":true,"href":"http:\/\/gradadigital.com\/home\/wp-json\/wp\/v2\/categories?post=19648"},{"taxonomy":"post_tag","embeddable":true,"href":"http:\/\/gradadigital.com\/home\/wp-json\/wp\/v2\/tags?post=19648"}],"curies":[{"name":"wp","href":"https:\/\/api.w.org\/{rel}","templated":true}]}}