{"id":19374,"date":"2015-03-23T12:54:30","date_gmt":"2015-03-23T17:24:30","guid":{"rendered":"http:\/\/gradadigital.com\/home\/?p=19374"},"modified":"2015-03-23T12:55:29","modified_gmt":"2015-03-23T17:25:29","slug":"video-te-acuerdas-del-ultimo-juego-ante-jamaica","status":"publish","type":"post","link":"http:\/\/gradadigital.com\/home\/video-te-acuerdas-del-ultimo-juego-ante-jamaica\/","title":{"rendered":"VIDEO | \u00bfTe acuerdas del \u00faltimo juego ante Jamaica?"},"content":{"rendered":"<p style=\"text-align: center;\"><img loading=\"lazy\" decoding=\"async\" class=\"alignnone size-full wp-image-19375\" src=\"http:\/\/gradadigital.com\/home\/wp-content\/uploads\/2015\/03\/miku_23072011.jpg\" alt=\"miku_23072011\" width=\"596\" height=\"346\" srcset=\"http:\/\/gradadigital.com\/home\/wp-content\/uploads\/2015\/03\/miku_23072011.jpg 596w, http:\/\/gradadigital.com\/home\/wp-content\/uploads\/2015\/03\/miku_23072011-300x174.jpg 300w\" sizes=\"auto, (max-width: 596px) 100vw, 596px\" \/><\/p>\n<p style=\"text-align: center;\"><img loading=\"lazy\" decoding=\"async\" class=\"alignnone size-full wp-image-16349\" src=\"http:\/\/gradadigital.com\/home\/wp-content\/uploads\/2014\/12\/banner_opcion_comentarios_gd.jpg\" alt=\"banner_opcion_comentarios_gd\" width=\"621\" height=\"41\" srcset=\"http:\/\/gradadigital.com\/home\/wp-content\/uploads\/2014\/12\/banner_opcion_comentarios_gd.jpg 621w, http:\/\/gradadigital.com\/home\/wp-content\/uploads\/2014\/12\/banner_opcion_comentarios_gd-300x19.jpg 300w, http:\/\/gradadigital.com\/home\/wp-content\/uploads\/2014\/12\/banner_opcion_comentarios_gd-620x41.jpg 620w\" sizes=\"auto, (max-width: 621px) 100vw, 621px\" \/><\/p>\n<p><strong>GradaDigital.com &#8211;<\/strong> El pr\u00f3ximo 27 y 31 de marzo, la Selecci\u00f3n Nacional de Venezuela se medir\u00e1 en par de amistosos ante Jamaica y Per\u00fa, as\u00ed Noel Sanvicente ir\u00e1 fomentando el trabajo en el grupo de cara a la Copa Am\u00e9rica de Chile 2015.<\/p>\n<p>Hoy te recordamos el \u00faltimo encuentro que tuvo La Vinotinto ante Jamaica, encuentro correspondiente al 25 de marzo de 2011 bajo la direcci\u00f3n de C\u00e9sar Far\u00edas, con triunfo para los venezolanos con goles de Nicol\u00e1s \u00abMiku\u00bb Fedor y Alejandro Moreno.<\/p>\n<p><iframe loading=\"lazy\" src=\"https:\/\/www.youtube.com\/embed\/iP57H25q0oc\" width=\"682\" height=\"512\" frameborder=\"0\" allowfullscreen=\"allowfullscreen\"><\/iframe><\/p>\n<p><strong>TE PUEDE INTERESAR:<\/strong><\/p>\n<blockquote class=\"twitter-tweet\" data-partner=\"tweetdeck\"><p><a href=\"https:\/\/twitter.com\/hashtag\/VINOTINTO?src=hash\">#VINOTINTO<\/a> | 37 jugadores de la <a href=\"https:\/\/twitter.com\/hashtag\/Vinotinto?src=hash\">#Vinotinto<\/a> con el an\u00e1lisis de Sanvicente <a href=\"http:\/\/t.co\/nis1qwhVhi\">http:\/\/t.co\/nis1qwhVhi<\/a> <a href=\"http:\/\/t.co\/DUvll6ADDu\">pic.twitter.com\/DUvll6ADDu<\/a><\/p>\n<p>\u2014 Grada Digital (@GradaDigital) <a href=\"https:\/\/twitter.com\/GradaDigital\/status\/580053185022160896\">March 23, 2015<\/a><\/p><\/blockquote>\n<p><script src=\"\/\/platform.twitter.com\/widgets.js\" async=\"\" charset=\"utf-8\"><\/script><\/p>\n<p style=\"text-align: center;\"><a href=\"https:\/\/play.google.com\/store\/apps\/details?id=com.app.gradadigital\" target=\"_blank\"><img loading=\"lazy\" decoding=\"async\" class=\"alignnone size-full wp-image-15415\" src=\"http:\/\/gradadigital.com\/home\/wp-content\/uploads\/2014\/10\/banner_aplicacion_V2_GRADADIGITAL_17102014.jpg\" alt=\"banner_aplicacion_V2_GRADADIGITAL_17102014\" width=\"620\" height=\"100\" srcset=\"http:\/\/gradadigital.com\/home\/wp-content\/uploads\/2014\/10\/banner_aplicacion_V2_GRADADIGITAL_17102014.jpg 620w, http:\/\/gradadigital.com\/home\/wp-content\/uploads\/2014\/10\/banner_aplicacion_V2_GRADADIGITAL_17102014-300x48.jpg 300w\" sizes=\"auto, (max-width: 620px) 100vw, 620px\" \/><\/a><\/p>\n","protected":false},"excerpt":{"rendered":"<p>GradaDigital.com &#8211; El pr\u00f3ximo 27 y 31 de marzo, la Selecci\u00f3n Nacional de Venezuela se medir\u00e1 en par de amistosos ante Jamaica y Per\u00fa, as\u00ed Noel Sanvicente ir\u00e1 fomentando el trabajo en el grupo de cara a la Copa Am\u00e9rica de Chile 2015. Hoy te recordamos el \u00faltimo encuentro que tuvo La Vinotinto ante Jamaica, &#8230;<\/p>\n","protected":false},"author":4,"featured_media":19375,"comment_status":"closed","ping_status":"closed","sticky":false,"template":"","format":"standard","meta":{"footnotes":""},"categories":[27,40,3],"tags":[],"class_list":["post-19374","post","type-post","status-publish","format-standard","has-post-thumbnail","hentry","category-video","category-seleccion-nacional-mayores","category-seleccion-nacional"],"_links":{"self":[{"href":"http:\/\/gradadigital.com\/home\/wp-json\/wp\/v2\/posts\/19374","targetHints":{"allow":["GET"]}}],"collection":[{"href":"http:\/\/gradadigital.com\/home\/wp-json\/wp\/v2\/posts"}],"about":[{"href":"http:\/\/gradadigital.com\/home\/wp-json\/wp\/v2\/types\/post"}],"author":[{"embeddable":true,"href":"http:\/\/gradadigital.com\/home\/wp-json\/wp\/v2\/users\/4"}],"replies":[{"embeddable":true,"href":"http:\/\/gradadigital.com\/home\/wp-json\/wp\/v2\/comments?post=19374"}],"version-history":[{"count":2,"href":"http:\/\/gradadigital.com\/home\/wp-json\/wp\/v2\/posts\/19374\/revisions"}],"predecessor-version":[{"id":19377,"href":"http:\/\/gradadigital.com\/home\/wp-json\/wp\/v2\/posts\/19374\/revisions\/19377"}],"wp:featuredmedia":[{"embeddable":true,"href":"http:\/\/gradadigital.com\/home\/wp-json\/wp\/v2\/media\/19375"}],"wp:attachment":[{"href":"http:\/\/gradadigital.com\/home\/wp-json\/wp\/v2\/media?parent=19374"}],"wp:term":[{"taxonomy":"category","embeddable":true,"href":"http:\/\/gradadigital.com\/home\/wp-json\/wp\/v2\/categories?post=19374"},{"taxonomy":"post_tag","embeddable":true,"href":"http:\/\/gradadigital.com\/home\/wp-json\/wp\/v2\/tags?post=19374"}],"curies":[{"name":"wp","href":"https:\/\/api.w.org\/{rel}","templated":true}]}}