{"id":19278,"date":"2015-03-19T23:44:50","date_gmt":"2015-03-20T04:14:50","guid":{"rendered":"http:\/\/gradadigital.com\/home\/?p=19278"},"modified":"2015-03-20T08:53:05","modified_gmt":"2015-03-20T13:23:05","slug":"mineros-no-logro-el-objetivo-y-cayo-ante-cruzeiro","status":"publish","type":"post","link":"http:\/\/gradadigital.com\/home\/mineros-no-logro-el-objetivo-y-cayo-ante-cruzeiro\/","title":{"rendered":"Mineros no logr\u00f3 el objetivo y cay\u00f3 ante Cruzeiro"},"content":{"rendered":"<p style=\"text-align: center;\"><img loading=\"lazy\" decoding=\"async\" class=\"alignnone size-full wp-image-19279\" src=\"http:\/\/gradadigital.com\/home\/wp-content\/uploads\/2015\/03\/gabriel_cichero_mineros_cruzeiro_19032015.jpg\" alt=\"gabriel_cichero_mineros_cruzeiro_19032015\" width=\"682\" height=\"396\" srcset=\"http:\/\/gradadigital.com\/home\/wp-content\/uploads\/2015\/03\/gabriel_cichero_mineros_cruzeiro_19032015.jpg 682w, http:\/\/gradadigital.com\/home\/wp-content\/uploads\/2015\/03\/gabriel_cichero_mineros_cruzeiro_19032015-300x174.jpg 300w\" sizes=\"auto, (max-width: 682px) 100vw, 682px\" \/><\/p>\n<p style=\"text-align: center;\"><img loading=\"lazy\" decoding=\"async\" class=\"alignnone size-full wp-image-16349\" src=\"http:\/\/gradadigital.com\/home\/wp-content\/uploads\/2014\/12\/banner_opcion_comentarios_gd.jpg\" alt=\"banner_opcion_comentarios_gd\" width=\"621\" height=\"41\" srcset=\"http:\/\/gradadigital.com\/home\/wp-content\/uploads\/2014\/12\/banner_opcion_comentarios_gd.jpg 621w, http:\/\/gradadigital.com\/home\/wp-content\/uploads\/2014\/12\/banner_opcion_comentarios_gd-300x19.jpg 300w, http:\/\/gradadigital.com\/home\/wp-content\/uploads\/2014\/12\/banner_opcion_comentarios_gd-620x41.jpg 620w\" sizes=\"auto, (max-width: 621px) 100vw, 621px\" \/><\/p>\n<p style=\"text-align: justify;\"><strong>Prensa Mineros de Guayana &#8211;\u00a0<\/strong>Mineros de Guayana perdi\u00f3 0-2 ante Cruzeiro Esporte Clube, en una intensa batalla que se libr\u00f3 en el CTE Cachamay, correspondiente a la tercera fecha del Grupo 3 de la Copa Bridgestone Libertadores.<\/p>\n<p style=\"text-align: justify;\">Leandro Dami\u00e3o y Marquinhos anotaron los goles del cuadro brasile\u00f1o. Dami\u00e3o marc\u00f3, de cabeza, al minuto 12, mientras que Marquinhos hizo lo propio en la fracci\u00f3n 83, para que Cruzeiro se llevara tres puntos de Puerto Ordaz.<\/p>\n<p style=\"text-align: justify;\">Mineros comenz\u00f3 el partido con dominio de la pelota. Apenas al minuto cuatro, \u00c1ngelo Pe\u00f1a se intern\u00f3 en el \u00e1rea brasile\u00f1a y tir\u00f3 un pase atr\u00e1s, que el arquero F\u00e1bio control\u00f3 sin problemas.<\/p>\n<p style=\"text-align: justify;\">Por su parte, Cruzeiro esper\u00f3 y, poco a poco, se fue acercando al arco defendido por Rafael Romo, hasta que al minuto 12 consigui\u00f3 el primer gol de la noche. Marquinhos envi\u00f3 un centro desde la derecha, que cabece\u00f3 Alisson y Romo evit\u00f3 el gol, pero el rebote le qued\u00f3 a Leandro Dami\u00e3o, quien de cabeza la mand\u00f3 a guardar para el 0-1.<\/p>\n<p style=\"text-align: justify;\"><strong>Ataques mineristas<\/strong><\/p>\n<p style=\"text-align: justify;\">Los negriazules no bajaron la guardia y fueron en busca del empate, con toques precisos a ras de piso. Al 28\u2019, una jugada colectiva termin\u00f3 con un centro de Richard Blanco para Ebby P\u00e9rez, quien remat\u00f3 de pierna derecha, pero un defensor lleg\u00f3 justo a tiempo y evit\u00f3 la ca\u00edda de su valla.<\/p>\n<p style=\"text-align: justify;\">El asedio minerista se mantuvo y al minuto 32, Arnold L\u00f3pez habilit\u00f3 a James Cabezas, pero el colombiano no pudo sacar su remate al arco, tras la presi\u00f3n de los zagueros brasile\u00f1os. Dos minutos despu\u00e9s, Vallenilla se atrevi\u00f3 con un remate desde el borde del \u00e1rea, que se estrell\u00f3 en la en la base del poste izquierdo.<\/p>\n<p style=\"text-align: justify;\">En las postrimer\u00edas del primer tiempo, Cruzeiro tuvo un m\u00e1s, pero el cabezazo de Alisson se fue apenas desviado. Luego de un minuto de reposici\u00f3n, el \u00e1rbitro principal, Carlos Vera, decidi\u00f3 terminar los primeros 45 minutos.<\/p>\n<p style=\"text-align: justify;\"><strong>Intentos fallidos<\/strong><\/p>\n<p style=\"text-align: justify;\">En la etapa complementaria, Mineros sali\u00f3 con la misma intensidad, en busca de la paridad. Centros desde la banda derecha, en los pies de Pe\u00f1a y Vallenilla no encontraron compa\u00f1\u00eda dentro del \u00e1rea.<\/p>\n<p style=\"text-align: justify;\">En la fracci\u00f3n 55, Cruzeiro gener\u00f3 un contragolpe, que termin\u00f3 con un remate de Marquinhos, pero Romo envi\u00f3 al c\u00f3rner. Dos minutos despu\u00e9s, Pe\u00f1a tir\u00f3 un centro para Gabriel Cichero, pero el cabezazo del defensor negriazul pas\u00f3 cerca del arco.<\/p>\n<p style=\"text-align: justify;\">Con el transcurrir de los minutos, los guayaneses se volcaron a la ataque, situaci\u00f3n que aprovech\u00f3 Cruzeiro para atacar a Romo. Al 69\u2019, Alisson prob\u00f3 con un potente remate, pero el meta negriazul le ahog\u00f3 el grito de gol.<\/p>\n<p style=\"text-align: justify;\">Mineros estaba cada vez m\u00e1s cerca del empate, pero al minuto 83\u2019 Marquinhos acab\u00f3 con las esperanzas del combinado guayan\u00e9s, con un gol que puso el 0-2 definitivo. En la \u00faltima jugada del partido, Edgar Jim\u00e9nez lo intent\u00f3 con un tiro libre, pero F\u00e1bio rechaz\u00f3, para que el principal decretara el final del compromiso.<\/p>\n<p style=\"text-align: center;\"><a href=\"https:\/\/play.google.com\/store\/apps\/details?id=com.app.gradadigital\" target=\"_blank\"><img loading=\"lazy\" decoding=\"async\" class=\"alignnone size-full wp-image-15415\" src=\"http:\/\/gradadigital.com\/home\/wp-content\/uploads\/2014\/10\/banner_aplicacion_V2_GRADADIGITAL_17102014.jpg\" alt=\"banner_aplicacion_V2_GRADADIGITAL_17102014\" width=\"620\" height=\"100\" srcset=\"http:\/\/gradadigital.com\/home\/wp-content\/uploads\/2014\/10\/banner_aplicacion_V2_GRADADIGITAL_17102014.jpg 620w, http:\/\/gradadigital.com\/home\/wp-content\/uploads\/2014\/10\/banner_aplicacion_V2_GRADADIGITAL_17102014-300x48.jpg 300w\" sizes=\"auto, (max-width: 620px) 100vw, 620px\" \/><\/a><\/p>\n<p style=\"text-align: justify;\"><strong>Ficha t\u00e9cnica<\/strong><\/p>\n<p style=\"text-align: justify;\"><strong>Mineros (0): <\/strong>Rafael Romo; Luis Vallenilla, Julio Machado, Anthonys Matos, Gabriel Cichero, Edgar Jim\u00e9nez, Arnold L\u00f3pez (Alberto Cabello 84\u2019), \u00c1ngelo Pe\u00f1a (Luis Guerra 68\u2019), Ebby P\u00e9rez (Rub\u00e9n Rojas 73\u2019), Richard Blanco y James Cabezas. DT: Antonio Franco.<\/p>\n<p style=\"text-align: justify;\"><strong>Cruzeiro (2): <\/strong>F\u00e1bio; Mayke (Cear\u00e1 62\u2019), L\u00e9o, Paulo Andr\u00e9, Eugenio Mena, Willian Faria, Henrique, Marquinhos, De Arrascaeta (Charles 62\u2019), Alisson (Judivan 85\u2019) y Leandro Dami\u00e3o. DT: Marcelo Oliveira.<\/p>\n<p style=\"text-align: justify;\"><strong>Goles: <\/strong>Leandro Dami\u00e3o 12\u2019 y Marquinhos 83\u2019 (CRU).<\/p>\n<p style=\"text-align: justify;\"><strong>Tarjetas amarillas: <\/strong>Leandro Damiao 39\u2019, Eugenio Mena 65\u2019 y Paulo Andr\u00e9 75\u2019 (CRU).<\/p>\n<p style=\"text-align: justify;\"><strong>Tarjeta roja: <\/strong>No hubo.<\/p>\n<p style=\"text-align: justify;\"><strong>\u00c1rbitro: <\/strong>Carlos Vera (Ecuador).<\/p>\n<p style=\"text-align: justify;\"><strong>Estadio: <\/strong>CTE Cachamay, Puerto Ordaz.<\/p>\n","protected":false},"excerpt":{"rendered":"<p>Prensa Mineros de Guayana &#8211;\u00a0Mineros de Guayana perdi\u00f3 0-2 ante Cruzeiro Esporte Clube, en una intensa batalla que se libr\u00f3 en el CTE Cachamay, correspondiente a la tercera fecha del Grupo 3 de la Copa Bridgestone Libertadores. Leandro Dami\u00e3o y Marquinhos anotaron los goles del cuadro brasile\u00f1o. Dami\u00e3o marc\u00f3, de cabeza, al minuto 12, mientras &#8230;<\/p>\n","protected":false},"author":4,"featured_media":19279,"comment_status":"closed","ping_status":"closed","sticky":false,"template":"","format":"standard","meta":{"footnotes":""},"categories":[752,37,36,15],"tags":[],"class_list":["post-19278","post","type-post","status-publish","format-standard","has-post-thumbnail","hentry","category-appgd","category-copa-libertadores","category-internacional","category-mineros-de-guayana"],"_links":{"self":[{"href":"http:\/\/gradadigital.com\/home\/wp-json\/wp\/v2\/posts\/19278","targetHints":{"allow":["GET"]}}],"collection":[{"href":"http:\/\/gradadigital.com\/home\/wp-json\/wp\/v2\/posts"}],"about":[{"href":"http:\/\/gradadigital.com\/home\/wp-json\/wp\/v2\/types\/post"}],"author":[{"embeddable":true,"href":"http:\/\/gradadigital.com\/home\/wp-json\/wp\/v2\/users\/4"}],"replies":[{"embeddable":true,"href":"http:\/\/gradadigital.com\/home\/wp-json\/wp\/v2\/comments?post=19278"}],"version-history":[{"count":1,"href":"http:\/\/gradadigital.com\/home\/wp-json\/wp\/v2\/posts\/19278\/revisions"}],"predecessor-version":[{"id":19280,"href":"http:\/\/gradadigital.com\/home\/wp-json\/wp\/v2\/posts\/19278\/revisions\/19280"}],"wp:featuredmedia":[{"embeddable":true,"href":"http:\/\/gradadigital.com\/home\/wp-json\/wp\/v2\/media\/19279"}],"wp:attachment":[{"href":"http:\/\/gradadigital.com\/home\/wp-json\/wp\/v2\/media?parent=19278"}],"wp:term":[{"taxonomy":"category","embeddable":true,"href":"http:\/\/gradadigital.com\/home\/wp-json\/wp\/v2\/categories?post=19278"},{"taxonomy":"post_tag","embeddable":true,"href":"http:\/\/gradadigital.com\/home\/wp-json\/wp\/v2\/tags?post=19278"}],"curies":[{"name":"wp","href":"https:\/\/api.w.org\/{rel}","templated":true}]}}