{"id":19176,"date":"2015-03-14T23:40:41","date_gmt":"2015-03-15T04:10:41","guid":{"rendered":"http:\/\/gradadigital.com\/home\/?p=19176"},"modified":"2015-03-16T00:45:04","modified_gmt":"2015-03-16T05:15:04","slug":"gelmin-rivas-propino-una-paliza","status":"publish","type":"post","link":"http:\/\/gradadigital.com\/home\/gelmin-rivas-propino-una-paliza\/","title":{"rendered":"Gelm\u00edn Rivas propin\u00f3 una paliza"},"content":{"rendered":"<p style=\"text-align: center;\"><img loading=\"lazy\" decoding=\"async\" class=\"alignnone size-full wp-image-19177\" src=\"http:\/\/gradadigital.com\/home\/wp-content\/uploads\/2015\/03\/gelmin_rivas_tachira_mineros_14032015.jpg\" alt=\"gelmin_rivas_tachira_mineros_14032015\" width=\"682\" height=\"396\" srcset=\"http:\/\/gradadigital.com\/home\/wp-content\/uploads\/2015\/03\/gelmin_rivas_tachira_mineros_14032015.jpg 682w, http:\/\/gradadigital.com\/home\/wp-content\/uploads\/2015\/03\/gelmin_rivas_tachira_mineros_14032015-300x174.jpg 300w\" sizes=\"auto, (max-width: 682px) 100vw, 682px\" \/><\/p>\n<p style=\"text-align: center;\"><img loading=\"lazy\" decoding=\"async\" class=\"alignnone size-full wp-image-16349\" src=\"http:\/\/gradadigital.com\/home\/wp-content\/uploads\/2014\/12\/banner_opcion_comentarios_gd.jpg\" alt=\"banner_opcion_comentarios_gd\" width=\"621\" height=\"41\" srcset=\"http:\/\/gradadigital.com\/home\/wp-content\/uploads\/2014\/12\/banner_opcion_comentarios_gd.jpg 621w, http:\/\/gradadigital.com\/home\/wp-content\/uploads\/2014\/12\/banner_opcion_comentarios_gd-300x19.jpg 300w, http:\/\/gradadigital.com\/home\/wp-content\/uploads\/2014\/12\/banner_opcion_comentarios_gd-620x41.jpg 620w\" sizes=\"auto, (max-width: 621px) 100vw, 621px\" \/><\/p>\n<p style=\"text-align: justify;\"><strong>Pedro Capacho \/ Prensa Deportivo T\u00e1chira &#8211;<\/strong> La jerarqu\u00eda, contundencia y precisi\u00f3n, fueron los fuertes en los que se afianz\u00f3 el Deportivo T\u00e1chira F.C. para explotar frente a Mineros de Guayana este s\u00e1bado 14 de marzo, imponi\u00e9ndose como un equipo con grand\u00edsimas aspiraciones dentro del Torneo Clausura 2015, realidad evidenciada con las exquisitas cuatro de definiciones de Gelm\u00edn Rivas, sumando el quinto aportado por C\u00e9sar Gonz\u00e1lez.<\/p>\n<p style=\"text-align: justify;\">La jornada 10 de la competici\u00f3n nacional resultar\u00eda placentera en todos los sentidos, sirviendo adem\u00e1s como antesala para retomar la confianza y poder afrontar con extrema seguridad el calendario, que depara dos presentaciones m\u00e1s en territorio cordial de manera consecutiva para la siguiente semana.<\/p>\n<p style=\"text-align: justify;\">Con dominio atigrado de la esf\u00e9rica estar\u00eda caracterizada la primera mitad, si bien ambas escuadras se atrever\u00edan a pisar las \u00e1reas adversarias. Por un lado del estado Bol\u00edvar se toparon con una oncena ordenada l\u00ednea por l\u00ednea; a diferencia de los tachirenses que supieron aprovechar efectivamente las constantes avanzadas desde el minuto 7\u2019.<\/p>\n<p style=\"text-align: justify;\">Gelm\u00edn Rivas vali\u00e9ndose de su potente juego a\u00e9reo abrir\u00eda el marcador, conectado de cabeza un tiro libre ejecutado por el capit\u00e1n Gonz\u00e1lez al 7\u2019. F\u00f3rmula que repetir\u00eda en las fracciones 28\u2019 46\u2019, tras los certeros centros de Chac\u00f3n y Orozco, respectivamente. El cuarto grito de gol llegar\u00eda picando la pelota sobre Luis Romero, que lentamente se colar\u00eda bajo los tres palos visitantes.<\/p>\n<p style=\"text-align: justify;\">Los negriazules, esta vez vestidos de blanco, descontar\u00edan por intermedio de Zamir Valoyes al 40\u2019 y Richard Blanco al 49\u2019. A partir de all\u00ed, nuevamente intentar\u00edan reducir la ventaja, vi\u00e9ndose frustrada tal iniciativa por la diana que liquidar\u00eda la pugna, otorgada por \u201cMaestrico\u201d Gonz\u00e1lez al 70\u2019.<\/p>\n<p style=\"text-align: justify;\">En el ocaso del compromiso parec\u00eda que hab\u00eda tiempo para m\u00e1s, nuevamente haciendo uso del juego colectivo y remates fuera del \u00e1rea los guerreros con el escudo siete estrellas buscar\u00edan ampliar la ventaja. \u201cKak\u00e1n\u201d estuvo muy cerca de completar la mano de goles, pero el destino se encarg\u00f3 de dejar el p\u00f3ker en su autor\u00eda.<\/p>\n<p style=\"text-align: justify;\">El pitazo final sonaba y la pizarra indicaba que los tres puntos se quedaban en tierras andinas con goleada incluida, cumpliendo a cabalidad el objetivo de ser fuertes en casa frente a un Mineros de Guayana que llegaba motivado y con buena plantilla al fort\u00edn de la familia tachirense.<\/p>\n<p style=\"text-align: justify;\">Luego de esta c\u00f3moda victoria, el Deportivo T\u00e1chira F.C. despega en la tabla con 16 unidades e instant\u00e1neamente gira la mirada del Torneo Clausura, para enfocarse r\u00e1pidamente en fortalecer lo ya evidenciado para asumir la cuarta fecha de la Copa Bridgestone Libertadores 2015, en el que deber\u00e1n enfrentar nuevamente al Club Guaran\u00ed, esta vez en el Estadio Polideportivo de Pueblo Nuevo, el pr\u00f3ximo mi\u00e9rcoles 18 de marzo a las 8:30 de la noche.<\/p>\n<p style=\"text-align: center;\"><a href=\"https:\/\/play.google.com\/store\/apps\/details?id=com.app.gradadigital\" target=\"_blank\"><img loading=\"lazy\" decoding=\"async\" class=\"alignnone size-full wp-image-15415\" src=\"http:\/\/gradadigital.com\/home\/wp-content\/uploads\/2014\/10\/banner_aplicacion_V2_GRADADIGITAL_17102014.jpg\" alt=\"banner_aplicacion_V2_GRADADIGITAL_17102014\" width=\"620\" height=\"100\" srcset=\"http:\/\/gradadigital.com\/home\/wp-content\/uploads\/2014\/10\/banner_aplicacion_V2_GRADADIGITAL_17102014.jpg 620w, http:\/\/gradadigital.com\/home\/wp-content\/uploads\/2014\/10\/banner_aplicacion_V2_GRADADIGITAL_17102014-300x48.jpg 300w\" sizes=\"auto, (max-width: 620px) 100vw, 620px\" \/><\/a><\/p>\n<p style=\"text-align: justify;\"><strong>Ficha t\u00e9cnica:<\/strong><\/p>\n<p style=\"text-align: justify;\"><strong>Deportivo T\u00e1chira F.C. (5): <\/strong>Alan Liebeskind, Gerzon Chac\u00f3n, Wilker \u00c1ngel, Javier L\u00f3pez, Yuber Mosquera, Francisco Flores, Carlos Cerme\u00f1o, C\u00e9sar Gonz\u00e1lez (C) (\u00c1ngel Osorio, 75\u2019), Jorge Rojas (Jos\u00e9 Al\u00ed Meza, 84\u2019), Yohandry Orozco, Gelm\u00edn Rivas (Marcelo Moreno, 88\u2019). DT: Daniel Far\u00edas.<\/p>\n<p style=\"text-align: justify;\">Suplentes sin jugar: Jos\u00e9 Conteras, Carlos Lujano, Romeri Villamizar, Jos\u00e9 Miguel Reyes.<\/p>\n<p style=\"text-align: justify;\"><strong>Mineros de Guayana (2): <\/strong>Luis Romero, Luis Vallenilla, Julio Machado, Edixon Cuevas, Andr\u00e9s Sampedro (Ebby P\u00e9rez, 52\u2019), \u00c1ngelo Pe\u00f1a, Edgar Jim\u00e9nez (Arnold L\u00f3pez, 71\u2019), Anthonys Matos, Alberto Cabello, Richard Blanco, Zamir Valoyes (James Cabezas, 82\u2019). DT: Marcos Math\u00edas.<\/p>\n<p style=\"text-align: justify;\">Suplentes sin jugar: Rafael Romo, Gabriel Cichero, Luis Guerra, Rub\u00e9n Rojas.<\/p>\n<p style=\"text-align: justify;\"><strong>Goles: <\/strong>Gelm\u00edn Rivas 6\u2019, 28\u2019, 46\u2019, 48\u2019, C\u00e9sar Gonz\u00e1lez 70\u2019 (T\u00e1chira); Zamir Valoyes 40\u2019, Richard Blanco 49\u2019 (Mineros)<\/p>\n<p style=\"text-align: justify;\"><strong>Amonestaciones: <\/strong>Carlos Cerme\u00f1o 45\u2019, Yuber Mosquera 65\u2019 (T\u00e1chira); Julio Machado 54\u2019, Ebby P\u00e9rez 81\u2019, Luis Romero, 82\u2019 (Mineros)<\/p>\n<p style=\"text-align: justify;\"><strong>Expulsados: <\/strong>Richard Blanco 80\u2019 (Doble amonestaci\u00f3n), Luis Vallenilla 90+2 (Mineros)<\/p>\n<p style=\"text-align: justify;\"><strong>\u00c1rbitro principal: <\/strong>Jos\u00e9 Argote (Zulia)<\/p>\n<p style=\"text-align: justify;\"><strong>\u00c1rbitros asistentes: <\/strong>Jairo Romero, Yodelvis Gonz\u00e1lez, Meryi Berbesi (Zulia)<\/p>\n<p style=\"text-align: justify;\"><strong>Estadio: <\/strong>Polideportivo de Pueblo Nuevo.<\/p>\n<p style=\"text-align: justify;\"><strong>Asistencia: <\/strong>2699 personas.<\/p>\n<p style=\"text-align: justify;\"><strong>Incidencias: <\/strong>Jornada 10, Torneo Clausura 2015, Liga Movistar.<\/p>\n","protected":false},"excerpt":{"rendered":"<p>Pedro Capacho \/ Prensa Deportivo T\u00e1chira &#8211; La jerarqu\u00eda, contundencia y precisi\u00f3n, fueron los fuertes en los que se afianz\u00f3 el Deportivo T\u00e1chira F.C. para explotar frente a Mineros de Guayana este s\u00e1bado 14 de marzo, imponi\u00e9ndose como un equipo con grand\u00edsimas aspiraciones dentro del Torneo Clausura 2015, realidad evidenciada con las exquisitas cuatro de &#8230;<\/p>\n","protected":false},"author":4,"featured_media":19177,"comment_status":"closed","ping_status":"closed","sticky":false,"template":"","format":"standard","meta":{"footnotes":""},"categories":[752,11,5,15,31],"tags":[],"class_list":["post-19176","post","type-post","status-publish","format-standard","has-post-thumbnail","hentry","category-appgd","category-deportivo-tachira","category-futbol-nacional","category-mineros-de-guayana","category-primera-division"],"_links":{"self":[{"href":"http:\/\/gradadigital.com\/home\/wp-json\/wp\/v2\/posts\/19176","targetHints":{"allow":["GET"]}}],"collection":[{"href":"http:\/\/gradadigital.com\/home\/wp-json\/wp\/v2\/posts"}],"about":[{"href":"http:\/\/gradadigital.com\/home\/wp-json\/wp\/v2\/types\/post"}],"author":[{"embeddable":true,"href":"http:\/\/gradadigital.com\/home\/wp-json\/wp\/v2\/users\/4"}],"replies":[{"embeddable":true,"href":"http:\/\/gradadigital.com\/home\/wp-json\/wp\/v2\/comments?post=19176"}],"version-history":[{"count":1,"href":"http:\/\/gradadigital.com\/home\/wp-json\/wp\/v2\/posts\/19176\/revisions"}],"predecessor-version":[{"id":19178,"href":"http:\/\/gradadigital.com\/home\/wp-json\/wp\/v2\/posts\/19176\/revisions\/19178"}],"wp:featuredmedia":[{"embeddable":true,"href":"http:\/\/gradadigital.com\/home\/wp-json\/wp\/v2\/media\/19177"}],"wp:attachment":[{"href":"http:\/\/gradadigital.com\/home\/wp-json\/wp\/v2\/media?parent=19176"}],"wp:term":[{"taxonomy":"category","embeddable":true,"href":"http:\/\/gradadigital.com\/home\/wp-json\/wp\/v2\/categories?post=19176"},{"taxonomy":"post_tag","embeddable":true,"href":"http:\/\/gradadigital.com\/home\/wp-json\/wp\/v2\/tags?post=19176"}],"curies":[{"name":"wp","href":"https:\/\/api.w.org\/{rel}","templated":true}]}}