{"id":19123,"date":"2015-03-11T18:05:17","date_gmt":"2015-03-11T22:35:17","guid":{"rendered":"http:\/\/gradadigital.com\/home\/?p=19123"},"modified":"2015-03-11T18:05:17","modified_gmt":"2015-03-11T22:35:17","slug":"richard-blanco-es-llamado-a-la-vinotinto","status":"publish","type":"post","link":"http:\/\/gradadigital.com\/home\/richard-blanco-es-llamado-a-la-vinotinto\/","title":{"rendered":"Richard Blanco es llamado a La Vinotinto"},"content":{"rendered":"<p style=\"text-align: center;\"><a href=\"http:\/\/gradadigital.com\/home\/wp-content\/uploads\/2015\/03\/richard_blanco_venezuela_honduras_11022015_2.jpg\"><img loading=\"lazy\" decoding=\"async\" class=\"alignnone size-full wp-image-19124\" src=\"http:\/\/gradadigital.com\/home\/wp-content\/uploads\/2015\/03\/richard_blanco_venezuela_honduras_11022015_2.jpg\" alt=\"richard_blanco_venezuela_honduras_11022015_2\" width=\"682\" height=\"396\" srcset=\"http:\/\/gradadigital.com\/home\/wp-content\/uploads\/2015\/03\/richard_blanco_venezuela_honduras_11022015_2.jpg 682w, http:\/\/gradadigital.com\/home\/wp-content\/uploads\/2015\/03\/richard_blanco_venezuela_honduras_11022015_2-300x174.jpg 300w\" sizes=\"auto, (max-width: 682px) 100vw, 682px\" \/><\/a><\/p>\n<p style=\"text-align: center;\"><img loading=\"lazy\" decoding=\"async\" class=\"alignnone size-full wp-image-16349\" src=\"http:\/\/gradadigital.com\/home\/wp-content\/uploads\/2014\/12\/banner_opcion_comentarios_gd.jpg\" alt=\"banner_opcion_comentarios_gd\" width=\"621\" height=\"41\" srcset=\"http:\/\/gradadigital.com\/home\/wp-content\/uploads\/2014\/12\/banner_opcion_comentarios_gd.jpg 621w, http:\/\/gradadigital.com\/home\/wp-content\/uploads\/2014\/12\/banner_opcion_comentarios_gd-300x19.jpg 300w, http:\/\/gradadigital.com\/home\/wp-content\/uploads\/2014\/12\/banner_opcion_comentarios_gd-620x41.jpg 620w\" sizes=\"auto, (max-width: 621px) 100vw, 621px\" \/><\/p>\n<p style=\"text-align: justify;\"><strong>GradaDigital.com &#8211;<\/strong> La Federaci\u00f3n Venezolana de F\u00fatbol a trav\u00e9s de sus canales oficiales, inform\u00f3 que el delantero de Mineros de Guayana, Richard Blanco,\u00a0sustituir\u00e1 a Juan Falc\u00f3n\u00a0tras susfrir una lesi\u00f3n, y as\u00ed ingresar\u00a0en la convocatoria para los partidos ante\u00a0Jamaica y Per\u00fa.<\/p>\n<p style=\"text-align: justify;\"><strong>TAMBI\u00c9N TE PUEDE INTERESAR:<\/strong><\/p>\n<blockquote class=\"twitter-tweet\" lang=\"es\"><p>+FOTOS EN DETALLES | Presentada las nuevas indumentarias de la <a href=\"https:\/\/twitter.com\/hashtag\/Vinotinto?src=hash\">#Vinotinto<\/a> <a href=\"http:\/\/t.co\/GDrCV9wTCM\">http:\/\/t.co\/GDrCV9wTCM<\/a> <a href=\"http:\/\/t.co\/wUHB5VMAqM\">pic.twitter.com\/wUHB5VMAqM<\/a><\/p>\n<p>\u2014 Grada Digital (@GradaDigital) <a href=\"https:\/\/twitter.com\/GradaDigital\/status\/575781627764277250\">marzo 11, 2015<\/a><\/p><\/blockquote>\n<p><script src=\"\/\/platform.twitter.com\/widgets.js\" async=\"\" charset=\"utf-8\"><\/script><\/p>\n<p style=\"text-align: center;\"><a href=\"https:\/\/play.google.com\/store\/apps\/details?id=com.app.gradadigital\" target=\"_blank\"><img loading=\"lazy\" decoding=\"async\" class=\"alignnone size-full wp-image-15415\" src=\"http:\/\/gradadigital.com\/home\/wp-content\/uploads\/2014\/10\/banner_aplicacion_V2_GRADADIGITAL_17102014.jpg\" alt=\"banner_aplicacion_V2_GRADADIGITAL_17102014\" width=\"620\" height=\"100\" srcset=\"http:\/\/gradadigital.com\/home\/wp-content\/uploads\/2014\/10\/banner_aplicacion_V2_GRADADIGITAL_17102014.jpg 620w, http:\/\/gradadigital.com\/home\/wp-content\/uploads\/2014\/10\/banner_aplicacion_V2_GRADADIGITAL_17102014-300x48.jpg 300w\" sizes=\"auto, (max-width: 620px) 100vw, 620px\" \/><\/a><\/p>\n","protected":false},"excerpt":{"rendered":"<p>GradaDigital.com &#8211; La Federaci\u00f3n Venezolana de F\u00fatbol a trav\u00e9s de sus canales oficiales, inform\u00f3 que el delantero de Mineros de Guayana, Richard Blanco,\u00a0sustituir\u00e1 a Juan Falc\u00f3n\u00a0tras susfrir una lesi\u00f3n, y as\u00ed ingresar\u00a0en la convocatoria para los partidos ante\u00a0Jamaica y Per\u00fa. TAMBI\u00c9N TE PUEDE INTERESAR: +FOTOS EN DETALLES | Presentada las nuevas indumentarias de la #Vinotinto &#8230;<\/p>\n","protected":false},"author":4,"featured_media":19124,"comment_status":"closed","ping_status":"closed","sticky":false,"template":"","format":"standard","meta":{"footnotes":""},"categories":[752,42,15,40,3],"tags":[],"class_list":["post-19123","post","type-post","status-publish","format-standard","has-post-thumbnail","hentry","category-appgd","category-copa-america","category-mineros-de-guayana","category-seleccion-nacional-mayores","category-seleccion-nacional"],"_links":{"self":[{"href":"http:\/\/gradadigital.com\/home\/wp-json\/wp\/v2\/posts\/19123","targetHints":{"allow":["GET"]}}],"collection":[{"href":"http:\/\/gradadigital.com\/home\/wp-json\/wp\/v2\/posts"}],"about":[{"href":"http:\/\/gradadigital.com\/home\/wp-json\/wp\/v2\/types\/post"}],"author":[{"embeddable":true,"href":"http:\/\/gradadigital.com\/home\/wp-json\/wp\/v2\/users\/4"}],"replies":[{"embeddable":true,"href":"http:\/\/gradadigital.com\/home\/wp-json\/wp\/v2\/comments?post=19123"}],"version-history":[{"count":1,"href":"http:\/\/gradadigital.com\/home\/wp-json\/wp\/v2\/posts\/19123\/revisions"}],"predecessor-version":[{"id":19125,"href":"http:\/\/gradadigital.com\/home\/wp-json\/wp\/v2\/posts\/19123\/revisions\/19125"}],"wp:featuredmedia":[{"embeddable":true,"href":"http:\/\/gradadigital.com\/home\/wp-json\/wp\/v2\/media\/19124"}],"wp:attachment":[{"href":"http:\/\/gradadigital.com\/home\/wp-json\/wp\/v2\/media?parent=19123"}],"wp:term":[{"taxonomy":"category","embeddable":true,"href":"http:\/\/gradadigital.com\/home\/wp-json\/wp\/v2\/categories?post=19123"},{"taxonomy":"post_tag","embeddable":true,"href":"http:\/\/gradadigital.com\/home\/wp-json\/wp\/v2\/tags?post=19123"}],"curies":[{"name":"wp","href":"https:\/\/api.w.org\/{rel}","templated":true}]}}