{"id":19097,"date":"2015-03-10T10:32:03","date_gmt":"2015-03-10T15:02:03","guid":{"rendered":"http:\/\/gradadigital.com\/home\/?p=19097"},"modified":"2015-03-10T10:32:03","modified_gmt":"2015-03-10T15:02:03","slug":"mathias-era-necesario-esto-para-darle-un-envion-animico-al-grupo","status":"publish","type":"post","link":"http:\/\/gradadigital.com\/home\/mathias-era-necesario-esto-para-darle-un-envion-animico-al-grupo\/","title":{"rendered":"Math\u00edas: \u00abEra necesario esto para darle un envi\u00f3n an\u00edmico al grupo\u00bb"},"content":{"rendered":"<p style=\"text-align: center;\"><img loading=\"lazy\" decoding=\"async\" class=\"alignnone size-full wp-image-19068\" src=\"http:\/\/gradadigital.com\/home\/wp-content\/uploads\/2015\/03\/mineros_trujillanos_clausura_08032015.jpg\" alt=\"mineros_trujillanos_clausura_08032015\" width=\"682\" height=\"396\" srcset=\"http:\/\/gradadigital.com\/home\/wp-content\/uploads\/2015\/03\/mineros_trujillanos_clausura_08032015.jpg 682w, http:\/\/gradadigital.com\/home\/wp-content\/uploads\/2015\/03\/mineros_trujillanos_clausura_08032015-300x174.jpg 300w\" sizes=\"auto, (max-width: 682px) 100vw, 682px\" \/><\/p>\n<p style=\"text-align: justify;\"><strong>Prensa Mineros de Guayana &#8211;\u00a0<\/strong>Mineros de Guayana se reencontr\u00f3 con la victoria en el CTE Cachamay, y de qu\u00e9 manera. Por la v\u00eda de la goleada, los dirigidos por Marcos Math\u00edas sumaron tres puntos, y el primer triunfo en el Clausura jugando de local. Los guayaneses consiguieron tres anotaciones y mantuvieron el cero en el arco.<\/p>\n<p style=\"text-align: justify;\">James Cabezas, Gabriel Cichero y Alberto Cabello fueron los autores de los goles. En la porter\u00eda, Luis Romero debut\u00f3 bajo los tres palos -en este torneo- y sac\u00f3 el cero. Tras los resultados de la jornada, los mineristas escalaron a la posici\u00f3n 11 de la tabla de clasificaci\u00f3n, con nueve unidades, y tienen dos partidos pendientes.<\/p>\n<p style=\"text-align: justify;\">Tras el compromiso, el t\u00e9cnico Marcos Math\u00edas -quien cumpli\u00f3 su tercera y \u00faltima fecha de sanci\u00f3n- destac\u00f3 la importancia de este resultado, despu\u00e9s de todo lo que estaba viviendo el equipo. \u201cHace algunas jornadas merec\u00edamos estar ganando partidos y sumando puntos, y se nos escaparon en detalles que nos impidieron sacar la victoria\u201d, record\u00f3.<\/p>\n<p style=\"text-align: justify;\">\u201cEra necesario esto para darle un envi\u00f3n an\u00edmico al grupo, que creo ven\u00eda trabajando de buena forma\u201d, sentenci\u00f3 el t\u00e9cnico, quien agreg\u00f3 que ahora el equipo tiene que ir partido a partido, para generar la tranquilidad que se necesita, con resultados como el de la noche dominical.<\/p>\n<p style=\"text-align: justify;\">Mineros tendr\u00e1 una semana ajustada. El mi\u00e9rcoles recibe al Deportivo Petare, y el s\u00e1bado visita al Deportivo T\u00e1chira, en San Crist\u00f3bal. El t\u00e9cnico al servicio de la instituci\u00f3n negriazul toma las cosas con calma, y primero piensa en su reto inmediato: Petare. \u201cTenemos que ir partido a partido, tenemos menos partidos que los dem\u00e1s, nos olvidamos de la tabla y pensamos en ir doblegando los rivales que se nos van presentando\u201d, asegur\u00f3.<\/p>\n<p style=\"text-align: justify;\"><strong>Buen\u00a0 trabajo<\/strong><\/p>\n<p style=\"text-align: justify;\">Math\u00edas realiz\u00f3 cambios en el once inicial, con respecto al utilizado en los \u00faltimos compromisos. El t\u00e9cnico aplaudi\u00f3 la actuaci\u00f3n de los volantes Alberto Cabello y Arnold L\u00f3pez, \u201cnos dieron la frescura que necesit\u00e1bamos\u201d, dijo. Adem\u00e1s coment\u00f3 que espera por la recuperaci\u00f3n de Rafael Acosta, y \u00c1ngelo Pe\u00f1a, quien sali\u00f3 en el primer tiempo con una molestia, por contractura en el posterior.<\/p>\n<p style=\"text-align: justify;\">\u201cCabello no solo tuvo una buena actuaci\u00f3n sino que tambi\u00e9n lo pudo ratificar con un gol. James (Cabezas) seguramente sacar\u00e1 un poco su ansiedad con el gol marcado, y eso empieza a mejorar el ambiente\u201d, solt\u00f3 el estratega.<\/p>\n<p style=\"text-align: justify;\">De la actuaci\u00f3n del portero Luis Romero dijo, \u201chizo un partido correcto, sac\u00f3 un cero, esto es un m\u00e9rito ganado e ir\u00e1 sosteniendo el arco mientras tenga la regularidad que tuvo hoy\u201d. El equipo trabajar\u00e1 lunes y martes, en horas de la tarde, esperando el compromiso ante Petare, y luego se ajustar\u00e1 para visitar a T\u00e1chira.<\/p>\n<p style=\"text-align: justify;\">Math\u00edas y su cuerpo t\u00e9cnico evaluar\u00e1n al grupo, sus condiciones f\u00edsicas y de ah\u00ed sacar\u00e1 su equipo ante Petare. \u201cHaremos una evaluaci\u00f3n, chequearemos qui\u00e9nes est\u00e1n lastimados, y qui\u00e9nes en mejor forma, y con los mejores elementos que contemos podremos jugar el mi\u00e9rcoles\u201d, cerr\u00f3.<\/p>\n","protected":false},"excerpt":{"rendered":"<p>Prensa Mineros de Guayana &#8211;\u00a0Mineros de Guayana se reencontr\u00f3 con la victoria en el CTE Cachamay, y de qu\u00e9 manera. Por la v\u00eda de la goleada, los dirigidos por Marcos Math\u00edas sumaron tres puntos, y el primer triunfo en el Clausura jugando de local. Los guayaneses consiguieron tres anotaciones y mantuvieron el cero en el &#8230;<\/p>\n","protected":false},"author":4,"featured_media":19068,"comment_status":"closed","ping_status":"closed","sticky":false,"template":"","format":"standard","meta":{"footnotes":""},"categories":[752,5,15,31],"tags":[],"class_list":["post-19097","post","type-post","status-publish","format-standard","has-post-thumbnail","hentry","category-appgd","category-futbol-nacional","category-mineros-de-guayana","category-primera-division"],"_links":{"self":[{"href":"http:\/\/gradadigital.com\/home\/wp-json\/wp\/v2\/posts\/19097","targetHints":{"allow":["GET"]}}],"collection":[{"href":"http:\/\/gradadigital.com\/home\/wp-json\/wp\/v2\/posts"}],"about":[{"href":"http:\/\/gradadigital.com\/home\/wp-json\/wp\/v2\/types\/post"}],"author":[{"embeddable":true,"href":"http:\/\/gradadigital.com\/home\/wp-json\/wp\/v2\/users\/4"}],"replies":[{"embeddable":true,"href":"http:\/\/gradadigital.com\/home\/wp-json\/wp\/v2\/comments?post=19097"}],"version-history":[{"count":1,"href":"http:\/\/gradadigital.com\/home\/wp-json\/wp\/v2\/posts\/19097\/revisions"}],"predecessor-version":[{"id":19098,"href":"http:\/\/gradadigital.com\/home\/wp-json\/wp\/v2\/posts\/19097\/revisions\/19098"}],"wp:featuredmedia":[{"embeddable":true,"href":"http:\/\/gradadigital.com\/home\/wp-json\/wp\/v2\/media\/19068"}],"wp:attachment":[{"href":"http:\/\/gradadigital.com\/home\/wp-json\/wp\/v2\/media?parent=19097"}],"wp:term":[{"taxonomy":"category","embeddable":true,"href":"http:\/\/gradadigital.com\/home\/wp-json\/wp\/v2\/categories?post=19097"},{"taxonomy":"post_tag","embeddable":true,"href":"http:\/\/gradadigital.com\/home\/wp-json\/wp\/v2\/tags?post=19097"}],"curies":[{"name":"wp","href":"https:\/\/api.w.org\/{rel}","templated":true}]}}