{"id":19082,"date":"2015-03-09T22:14:25","date_gmt":"2015-03-10T02:44:25","guid":{"rendered":"http:\/\/gradadigital.com\/home\/?p=19082"},"modified":"2015-03-09T22:14:25","modified_gmt":"2015-03-10T02:44:25","slug":"video-gigante-remontada-la-vinotinto-s-17-supero-a-brasil","status":"publish","type":"post","link":"http:\/\/gradadigital.com\/home\/video-gigante-remontada-la-vinotinto-s-17-supero-a-brasil\/","title":{"rendered":"+VIDEO | \u00a1Gigante remontada! La Vinotinto S-17 super\u00f3 a Brasil"},"content":{"rendered":"<p style=\"text-align: center;\"><img loading=\"lazy\" decoding=\"async\" class=\"alignnone size-full wp-image-19083\" src=\"http:\/\/gradadigital.com\/home\/wp-content\/uploads\/2015\/03\/brasil_venezuela_08032015.jpg\" alt=\"brasil_venezuela_08032015\" width=\"682\" height=\"396\" srcset=\"http:\/\/gradadigital.com\/home\/wp-content\/uploads\/2015\/03\/brasil_venezuela_08032015.jpg 682w, http:\/\/gradadigital.com\/home\/wp-content\/uploads\/2015\/03\/brasil_venezuela_08032015-300x174.jpg 300w\" sizes=\"auto, (max-width: 682px) 100vw, 682px\" \/><\/p>\n<p style=\"text-align: center;\"><img loading=\"lazy\" decoding=\"async\" class=\"alignnone size-full wp-image-16349\" src=\"http:\/\/gradadigital.com\/home\/wp-content\/uploads\/2014\/12\/banner_opcion_comentarios_gd.jpg\" alt=\"banner_opcion_comentarios_gd\" width=\"621\" height=\"41\" srcset=\"http:\/\/gradadigital.com\/home\/wp-content\/uploads\/2014\/12\/banner_opcion_comentarios_gd.jpg 621w, http:\/\/gradadigital.com\/home\/wp-content\/uploads\/2014\/12\/banner_opcion_comentarios_gd-300x19.jpg 300w, http:\/\/gradadigital.com\/home\/wp-content\/uploads\/2014\/12\/banner_opcion_comentarios_gd-620x41.jpg 620w\" sizes=\"auto, (max-width: 621px) 100vw, 621px\" \/><\/p>\n<p style=\"text-align: justify;\"><strong>AFP &#8211;<\/strong> La selecci\u00f3n venezolana de f\u00fatbol Sub-17 dio la nota la noche del lunes en Paraguay al derrotar a Brasil 3 a 2 y Colombia venci\u00f3 a Per\u00fa 4 a 2, por la tercera fecha del Grupo A, del campeonatoSudamericano Sub-17, disputado en el estadio Capiat\u00e1, en las afueras de Asunci\u00f3n.<\/p>\n<p style=\"text-align: justify;\"><strong>Los goles venezolanos fueron obra de Yangel Herrera (de penal), Ronaldo Chac\u00f3n y Starling Yendis, a los 53, 78 y 82 minutos de juego.<\/strong><\/p>\n<p style=\"text-align: justify;\">Brasil descont\u00f3 por intermedio de Lincoln y Lima, a los 16 y 23 minutos.<\/p>\n<p style=\"text-align: justify;\"><strong>El segundo gol de Venezuela, conquistado por Chac\u00f3n, se origin\u00f3 en un remate de 40 metros desde la banda izquierda que encontr\u00f3 adelantado al portero brasile\u00f1o Bruno.<\/strong><\/p>\n<p style=\"text-align: justify;\">El tercero tambi\u00e9n fue producto de un centro largo que intent\u00f3 controlar el arquero brasile\u00f1o pero la pelota se le escurri\u00f3 de las manos. Para m\u00e1s fatalidad, el defensa Z\u00e9 Marcos pein\u00f3 tratando de desviarla, pero no hizo sino acelerar la trayectoria hacia su arco.<\/p>\n<div class=\"hl2\" style=\"text-align: justify;\"><strong>Colombia vence a Per\u00fa<\/strong><\/div>\n<p style=\"text-align: justify;\">A primera hora, la selecci\u00f3n colombiana consigui\u00f3 su primera victoria en la serie al derrotar a Per\u00fa 4 a 2 en un partido intensamente disputado, v\u00e1lido por la tercera fecha del Grupo A.<\/p>\n<p style=\"text-align: justify;\">Los \u00abcafeteros\u00bb, que hab\u00edan ca\u00eddo ante Brasil 3 a 2 en la primera fecha, vencieron con goles de Edward Bola\u00f1os, Jefferson Valdeblanquez, David P\u00e9rez y Carlos Cuesta, a los 11, 35, 47 y 50 minutos de juego, respectivamente.<\/p>\n<p style=\"text-align: justify;\">Per\u00fa descont\u00f3 por intermedio de Luis Ib\u00e9rico, a los 40 y 69 minutos.<\/p>\n<p style=\"text-align: justify;\">En el primer tanto de Colombia, Bola\u00f1os super\u00f3 a cuatro defensores rivales y defini\u00f3 de derecha tras superar al arquero Pedro Ynamine.<\/p>\n<p style=\"text-align: justify;\">El segundo tanto, el de Valdeblanquez, fue mediante un golpe de cabeza tras un tiro de esquina. El tercero, de P\u00e9rez, se produjo desde el punto penal en el inicio del complemento.<\/p>\n<p style=\"text-align: justify;\">Cuesta conect\u00f3 el cuarto, producto de un tiro de esquina.<\/p>\n<p style=\"text-align: justify;\">La primera conquista de Luis Ib\u00e9rico, para el descuento de los incaicos fue de tiro penal y el segundo de cabeza.<\/p>\n<p style=\"text-align: justify;\">Con los resultados de la jornada Paraguay, Brasil y Venezuela encabezan la tabla de posiciones con 4 puntos, seguidos de Colombia con 3 y Per\u00fa 1.<\/p>\n<p style=\"text-align: center;\"><a href=\"https:\/\/play.google.com\/store\/apps\/details?id=com.app.gradadigital\" target=\"_blank\"><img loading=\"lazy\" decoding=\"async\" class=\"alignnone size-full wp-image-15415\" src=\"http:\/\/gradadigital.com\/home\/wp-content\/uploads\/2014\/10\/banner_aplicacion_V2_GRADADIGITAL_17102014.jpg\" alt=\"banner_aplicacion_V2_GRADADIGITAL_17102014\" width=\"620\" height=\"100\" srcset=\"http:\/\/gradadigital.com\/home\/wp-content\/uploads\/2014\/10\/banner_aplicacion_V2_GRADADIGITAL_17102014.jpg 620w, http:\/\/gradadigital.com\/home\/wp-content\/uploads\/2014\/10\/banner_aplicacion_V2_GRADADIGITAL_17102014-300x48.jpg 300w\" sizes=\"auto, (max-width: 620px) 100vw, 620px\" \/><\/a><\/p>\n<iframe loading=\"lazy\" width=\"621\" height=\"361\" src=\"http:\/\/www.youtube.com\/embed\/HgSkkjI060w?rel=0\" frameborder=\"0\" allowfullscreen><\/iframe>\n","protected":false},"excerpt":{"rendered":"<p>AFP &#8211; La selecci\u00f3n venezolana de f\u00fatbol Sub-17 dio la nota la noche del lunes en Paraguay al derrotar a Brasil 3 a 2 y Colombia venci\u00f3 a Per\u00fa 4 a 2, por la tercera fecha del Grupo A, del campeonatoSudamericano Sub-17, disputado en el estadio Capiat\u00e1, en las afueras de Asunci\u00f3n. Los goles venezolanos &#8230;<\/p>\n","protected":false},"author":4,"featured_media":19083,"comment_status":"closed","ping_status":"closed","sticky":false,"template":"","format":"standard","meta":{"footnotes":""},"categories":[27,752,39,3],"tags":[],"class_list":["post-19082","post","type-post","status-publish","format-standard","has-post-thumbnail","hentry","category-video","category-appgd","category-seleccion-nacional-juveniles","category-seleccion-nacional"],"_links":{"self":[{"href":"http:\/\/gradadigital.com\/home\/wp-json\/wp\/v2\/posts\/19082","targetHints":{"allow":["GET"]}}],"collection":[{"href":"http:\/\/gradadigital.com\/home\/wp-json\/wp\/v2\/posts"}],"about":[{"href":"http:\/\/gradadigital.com\/home\/wp-json\/wp\/v2\/types\/post"}],"author":[{"embeddable":true,"href":"http:\/\/gradadigital.com\/home\/wp-json\/wp\/v2\/users\/4"}],"replies":[{"embeddable":true,"href":"http:\/\/gradadigital.com\/home\/wp-json\/wp\/v2\/comments?post=19082"}],"version-history":[{"count":1,"href":"http:\/\/gradadigital.com\/home\/wp-json\/wp\/v2\/posts\/19082\/revisions"}],"predecessor-version":[{"id":19084,"href":"http:\/\/gradadigital.com\/home\/wp-json\/wp\/v2\/posts\/19082\/revisions\/19084"}],"wp:featuredmedia":[{"embeddable":true,"href":"http:\/\/gradadigital.com\/home\/wp-json\/wp\/v2\/media\/19083"}],"wp:attachment":[{"href":"http:\/\/gradadigital.com\/home\/wp-json\/wp\/v2\/media?parent=19082"}],"wp:term":[{"taxonomy":"category","embeddable":true,"href":"http:\/\/gradadigital.com\/home\/wp-json\/wp\/v2\/categories?post=19082"},{"taxonomy":"post_tag","embeddable":true,"href":"http:\/\/gradadigital.com\/home\/wp-json\/wp\/v2\/tags?post=19082"}],"curies":[{"name":"wp","href":"https:\/\/api.w.org\/{rel}","templated":true}]}}