{"id":18818,"date":"2015-02-25T22:59:35","date_gmt":"2015-02-26T03:29:35","guid":{"rendered":"http:\/\/gradadigital.com\/home\/?p=18818"},"modified":"2015-02-25T23:16:07","modified_gmt":"2015-02-26T03:46:07","slug":"video-roberto-rosales-fue-una-experiencia-inolvidable","status":"publish","type":"post","link":"http:\/\/gradadigital.com\/home\/video-roberto-rosales-fue-una-experiencia-inolvidable\/","title":{"rendered":"+VIDEO | Roberto Rosales: \u00abFue una experiencia inolvidable\u00bb"},"content":{"rendered":"<iframe loading=\"lazy\" width=\"621\" height=\"361\" src=\"http:\/\/www.youtube.com\/embed\/rZVI1ciqZ1I?rel=0\" frameborder=\"0\" allowfullscreen><\/iframe>\n<p style=\"text-align: center;\"><img decoding=\"async\" class=\"details-image\" draggable=\"false\" src=\"http:\/\/gradadigital.com\/home\/wp-content\/uploads\/2014\/12\/banner_opcion_comentarios_gd.jpg\" alt=\"\" \/><\/p>\n<p style=\"text-align: justify;\"><strong>Prensa M\u00e1laga CF &#8211;<\/strong> El lateral venezolano del M\u00e1laga CF, Roberto Rosales, atendi\u00f3 a los medios de comunicaci\u00f3n tras el entrenamiento matinal del martes, contento por su gran actuaci\u00f3n el s\u00e1bado en la victoria ante el FC Barcelona (0-1): <strong>\u201cFue una experiencia inolvidable, estoy muy contento con la actuaci\u00f3n personal, pero lo destacable es la labor del equipo, la solidaridad defensiva de todos, sin el equipo hubiera sido imposible parar a esos jugadores\u201d<\/strong>.<\/p>\n<p style=\"text-align: justify;\">Roberto quiere \u201cvolver a la realidad\u201d y pensar en el pr\u00f3ximo partido ante el Getafe CF: <strong>\u201cGanar en Barcelona fue una linda experiencia, pero al final son tres puntos m\u00e1s, y queda mucha liga por delante. El equipo tiene que seguir con la misma intensidad, porque ahora viene el Getafe en una din\u00e1mica positiva. All\u00ed fue un partido malo, el equipo es consciente de la dificultad y para afrontarlo tenemos que mantener lo que se hizo el partido pasado\u201d<\/strong>.<\/p>\n<p style=\"text-align: justify;\">Con 38 puntos, el M\u00e1laga CF sigue trabajando con <strong>\u201cel mismo objetivo de siempre, la permanencia, y cuando ya se pueda decir que matem\u00e1ticamente mantenemos la categor\u00eda, ya miraremos hacia arriba con m\u00e1s ambici\u00f3n\u201d<\/strong>.<\/p>\n<p style=\"text-align: justify;\">Mirar objetivos m\u00e1s altos pasa por hacer de La Rosaleda un fort\u00edn, siempre apoyado en su afici\u00f3n: <strong>\u201cSu apoyo es vital para nosotros. El equipo, cuando siente ese calor, intenta dar un poco m\u00e1s para hacer un gran partido. La afici\u00f3n ha sido importante en casa\u201d<\/strong>.<\/p>\n<p style=\"text-align: justify;\">El malaguista tambi\u00e9n tuvo palabras para los compa\u00f1eros que poco a poco se recuperan de sus lesiones. <strong>\u201cRafa ya se uni\u00f3 al grupo, Chen va evolucionando bien, y Fl\u00e1vio tambi\u00e9n, van a sumar much\u00edsimo al equipo y ser\u00e1n importantes cuando ya estemos todos juntos\u201d<\/strong>.<\/p>\n<p style=\"text-align: center;\"><a href=\"https:\/\/play.google.com\/store\/apps\/details?id=com.app.gradadigital\" target=\"_blank\"><img decoding=\"async\" class=\"details-image\" draggable=\"false\" src=\"http:\/\/gradadigital.com\/home\/wp-content\/uploads\/2014\/10\/banner_aplicacion_V2_GRADADIGITAL_17102014.jpg\" alt=\"\" \/><\/a><\/p>\n","protected":false},"excerpt":{"rendered":"<p>Prensa M\u00e1laga CF &#8211; El lateral venezolano del M\u00e1laga CF, Roberto Rosales, atendi\u00f3 a los medios de comunicaci\u00f3n tras el entrenamiento matinal del martes, contento por su gran actuaci\u00f3n el s\u00e1bado en la victoria ante el FC Barcelona (0-1): \u201cFue una experiencia inolvidable, estoy muy contento con la actuaci\u00f3n personal, pero lo destacable es la &#8230;<\/p>\n","protected":false},"author":3,"featured_media":18819,"comment_status":"closed","ping_status":"closed","sticky":false,"template":"","format":"standard","meta":{"footnotes":""},"categories":[27,36,4],"tags":[255,408,1160,1133,827,77],"class_list":["post-18818","post","type-post","status-publish","format-standard","has-post-thumbnail","hentry","category-video","category-internacional","category-legionarios","tag-espana","tag-fc-barcelona","tag-getafe-cf","tag-la-liga","tag-malaga-cf","tag-roberto-rosales"],"_links":{"self":[{"href":"http:\/\/gradadigital.com\/home\/wp-json\/wp\/v2\/posts\/18818","targetHints":{"allow":["GET"]}}],"collection":[{"href":"http:\/\/gradadigital.com\/home\/wp-json\/wp\/v2\/posts"}],"about":[{"href":"http:\/\/gradadigital.com\/home\/wp-json\/wp\/v2\/types\/post"}],"author":[{"embeddable":true,"href":"http:\/\/gradadigital.com\/home\/wp-json\/wp\/v2\/users\/3"}],"replies":[{"embeddable":true,"href":"http:\/\/gradadigital.com\/home\/wp-json\/wp\/v2\/comments?post=18818"}],"version-history":[{"count":3,"href":"http:\/\/gradadigital.com\/home\/wp-json\/wp\/v2\/posts\/18818\/revisions"}],"predecessor-version":[{"id":18822,"href":"http:\/\/gradadigital.com\/home\/wp-json\/wp\/v2\/posts\/18818\/revisions\/18822"}],"wp:featuredmedia":[{"embeddable":true,"href":"http:\/\/gradadigital.com\/home\/wp-json\/wp\/v2\/media\/18819"}],"wp:attachment":[{"href":"http:\/\/gradadigital.com\/home\/wp-json\/wp\/v2\/media?parent=18818"}],"wp:term":[{"taxonomy":"category","embeddable":true,"href":"http:\/\/gradadigital.com\/home\/wp-json\/wp\/v2\/categories?post=18818"},{"taxonomy":"post_tag","embeddable":true,"href":"http:\/\/gradadigital.com\/home\/wp-json\/wp\/v2\/tags?post=18818"}],"curies":[{"name":"wp","href":"https:\/\/api.w.org\/{rel}","templated":true}]}}