{"id":18803,"date":"2015-02-25T15:09:08","date_gmt":"2015-02-25T19:39:08","guid":{"rendered":"http:\/\/gradadigital.com\/home\/?p=18803"},"modified":"2015-02-25T15:09:08","modified_gmt":"2015-02-25T19:39:08","slug":"cure-seguimos-con-la-mentalidad-de-ganar-en-nuestra-casa","status":"publish","type":"post","link":"http:\/\/gradadigital.com\/home\/cure-seguimos-con-la-mentalidad-de-ganar-en-nuestra-casa\/","title":{"rendered":"Cure: \u00abSeguimos con la mentalidad de ganar en nuestra casa\u00bb"},"content":{"rendered":"<p style=\"text-align: center;\"><img loading=\"lazy\" decoding=\"async\" class=\"alignnone size-full wp-image-14696\" src=\"http:\/\/gradadigital.com\/home\/wp-content\/uploads\/2014\/08\/dany_cure_caracas_intigas_28082014.jpg\" alt=\"dany_cure_caracas_intigas_28082014\" width=\"682\" height=\"396\" srcset=\"http:\/\/gradadigital.com\/home\/wp-content\/uploads\/2014\/08\/dany_cure_caracas_intigas_28082014.jpg 682w, http:\/\/gradadigital.com\/home\/wp-content\/uploads\/2014\/08\/dany_cure_caracas_intigas_28082014-300x174.jpg 300w\" sizes=\"auto, (max-width: 682px) 100vw, 682px\" \/><\/p>\n<p style=\"text-align: center;\"><img loading=\"lazy\" decoding=\"async\" class=\"alignnone size-full wp-image-16349\" src=\"http:\/\/gradadigital.com\/home\/wp-content\/uploads\/2014\/12\/banner_opcion_comentarios_gd.jpg\" alt=\"banner_opcion_comentarios_gd\" width=\"621\" height=\"41\" srcset=\"http:\/\/gradadigital.com\/home\/wp-content\/uploads\/2014\/12\/banner_opcion_comentarios_gd.jpg 621w, http:\/\/gradadigital.com\/home\/wp-content\/uploads\/2014\/12\/banner_opcion_comentarios_gd-300x19.jpg 300w, http:\/\/gradadigital.com\/home\/wp-content\/uploads\/2014\/12\/banner_opcion_comentarios_gd-620x41.jpg 620w\" sizes=\"auto, (max-width: 621px) 100vw, 621px\" \/><\/p>\n<p style=\"text-align: justify;\"><strong>Prensa CFC.-\u00a0<\/strong>Caracas F\u00fatbol Club pas\u00f3 la p\u00e1gina de la derrota sufrida ante Zulia, y ya trabaja con fuerza de cara al partido que disputar\u00e1 este s\u00e1bado frente al Deportivo La Guaira. El plantel capitalino tiene claro su objetivo: conseguir un triunfo que le permita seguir de lleno en la pelea por el Torneo Clausura 2015.<\/p>\n<p style=\"text-align: justify;\">El anfitri\u00f3n del cotejo ser\u00e1 el conjunto litoralense; sin embargo, los avile\u00f1os saben que podr\u00e1n contar con el respaldo de su afici\u00f3n en el Estadio Ol\u00edmpico de la UCV<strong>. \u201cSabemos que el partido pasado fue una p\u00e9rdida grande, pero seguimos con la mentalidad de ganar en nuestra casa. Esos puntos que se juegan en Caracas son vitales para estar en los primeros lugares de la tabla\u201d<\/strong>, manifest\u00f3 Dany Cure, quien estuvo en el 11 titular en suelo marabino.<\/p>\n<p style=\"text-align: justify;\"><strong>\u201cSabemos que La Guaira es muy r\u00e1pida en la parte ofensiva, pero creo que nosotros, con nuestras individualidades, podemos sacar provecho y lograr la victoria este s\u00e1bado, que estaremos frente a nuestra gente\u201d<\/strong>, sostuvo el atacante zuliano.<\/p>\n<p style=\"text-align: justify;\">En el Apertura, la tropa dirigida t\u00e9cnicamente por Eduardo Sarag\u00f3 venci\u00f3 2-1 al cuadro guaire\u00f1o, y espera que puedan cosechar una nueva victoria que los mantenga en la parte alta de la clasificaci\u00f3n.<\/p>\n<p style=\"text-align: justify;\"><strong>\u201cEstamos muy claros en lo que estamos buscando, en lo que queremos; y ahora queda no cambiar la actitud con la que venimos trabajando para sacar los triunfos domingo a domingo\u201d,<\/strong> concluy\u00f3 Cure.<\/p>\n<p style=\"text-align: center;\"><a href=\"https:\/\/play.google.com\/store\/apps\/details?id=com.app.gradadigital\" target=\"_blank\"><img loading=\"lazy\" decoding=\"async\" class=\"alignnone size-full wp-image-15415\" src=\"http:\/\/gradadigital.com\/home\/wp-content\/uploads\/2014\/10\/banner_aplicacion_V2_GRADADIGITAL_17102014.jpg\" alt=\"banner_aplicacion_V2_GRADADIGITAL_17102014\" width=\"620\" height=\"100\" srcset=\"http:\/\/gradadigital.com\/home\/wp-content\/uploads\/2014\/10\/banner_aplicacion_V2_GRADADIGITAL_17102014.jpg 620w, http:\/\/gradadigital.com\/home\/wp-content\/uploads\/2014\/10\/banner_aplicacion_V2_GRADADIGITAL_17102014-300x48.jpg 300w\" sizes=\"auto, (max-width: 620px) 100vw, 620px\" \/><\/a><\/p>\n","protected":false},"excerpt":{"rendered":"<p>Prensa CFC.-\u00a0Caracas F\u00fatbol Club pas\u00f3 la p\u00e1gina de la derrota sufrida ante Zulia, y ya trabaja con fuerza de cara al partido que disputar\u00e1 este s\u00e1bado frente al Deportivo La Guaira. El plantel capitalino tiene claro su objetivo: conseguir un triunfo que le permita seguir de lleno en la pelea por el Torneo Clausura 2015. &#8230;<\/p>\n","protected":false},"author":4,"featured_media":14696,"comment_status":"closed","ping_status":"closed","sticky":false,"template":"","format":"standard","meta":{"footnotes":""},"categories":[752,9,5,31],"tags":[],"class_list":["post-18803","post","type-post","status-publish","format-standard","has-post-thumbnail","hentry","category-appgd","category-caracas-fc","category-futbol-nacional","category-primera-division"],"_links":{"self":[{"href":"http:\/\/gradadigital.com\/home\/wp-json\/wp\/v2\/posts\/18803","targetHints":{"allow":["GET"]}}],"collection":[{"href":"http:\/\/gradadigital.com\/home\/wp-json\/wp\/v2\/posts"}],"about":[{"href":"http:\/\/gradadigital.com\/home\/wp-json\/wp\/v2\/types\/post"}],"author":[{"embeddable":true,"href":"http:\/\/gradadigital.com\/home\/wp-json\/wp\/v2\/users\/4"}],"replies":[{"embeddable":true,"href":"http:\/\/gradadigital.com\/home\/wp-json\/wp\/v2\/comments?post=18803"}],"version-history":[{"count":1,"href":"http:\/\/gradadigital.com\/home\/wp-json\/wp\/v2\/posts\/18803\/revisions"}],"predecessor-version":[{"id":18804,"href":"http:\/\/gradadigital.com\/home\/wp-json\/wp\/v2\/posts\/18803\/revisions\/18804"}],"wp:featuredmedia":[{"embeddable":true,"href":"http:\/\/gradadigital.com\/home\/wp-json\/wp\/v2\/media\/14696"}],"wp:attachment":[{"href":"http:\/\/gradadigital.com\/home\/wp-json\/wp\/v2\/media?parent=18803"}],"wp:term":[{"taxonomy":"category","embeddable":true,"href":"http:\/\/gradadigital.com\/home\/wp-json\/wp\/v2\/categories?post=18803"},{"taxonomy":"post_tag","embeddable":true,"href":"http:\/\/gradadigital.com\/home\/wp-json\/wp\/v2\/tags?post=18803"}],"curies":[{"name":"wp","href":"https:\/\/api.w.org\/{rel}","templated":true}]}}